{"id":332762,"date":"2025-08-21T00:40:16","date_gmt":"2025-08-21T00:40:16","guid":{"rendered":"https:\/\/www.europesays.com\/fr\/332762\/"},"modified":"2025-08-21T00:40:16","modified_gmt":"2025-08-21T00:40:16","slug":"ces-pieges-a-moustiques-girondins-peuvent-ils-changer-nos-etes","status":"publish","type":"post","link":"https:\/\/www.europesays.com\/fr\/332762\/","title":{"rendered":"Ces pi\u00e8ges \u00e0 moustiques girondins peuvent-ils changer nos \u00e9t\u00e9s ?"},"content":{"rendered":"<p>Ils bourdonnent, piquent et g\u00e2chent nos soir\u00e9es d\u2019\u00e9t\u00e9 : les moustiques, dont le redoutable moustique-tigre, n\u2019ont jamais \u00e9t\u00e9 aussi pr\u00e9sents en France. Avec les chaleurs actuelles, leur prolif\u00e9ration explose. Et si la solution venait de Gironde ?<\/p>\n<p style=\"font-size:16px\">Comme le rapporte <strong><a href=\"https:\/\/www.lefigaro.fr\/\" target=\"_blank\" rel=\"noreferrer noopener nofollow\">Le Figaro<\/a><\/strong> dans un reportage, <strong>deux entrepreneurs bas\u00e9s \u00e0 Martillac<\/strong> se sont donn\u00e9 une mission : d\u00e9clarer la guerre \u00e0 ces nuisibles.<\/p>\n<p style=\"font-size:16px\">Tout est parti d\u2019un constat simple : impossible de profiter de son jardin sans se faire d\u00e9vorer. Lass\u00e9s de subir ces attaques estivales, <strong>Denis Junqua et J\u00e9r\u00f4me Duprat<\/strong> ont cr\u00e9\u00e9 la soci\u00e9t\u00e9 <strong><a href=\"https:\/\/genostique.bio\/\" target=\"_blank\" rel=\"noreferrer noopener nofollow\">G\u00e9nostique<\/a><\/strong>. Leur id\u00e9e ? \u00c9tudier le comportement des moustiques pour mieux les pi\u00e9ger. Apr\u00e8s plusieurs ann\u00e9es de tests, ils proposent aujourd\u2019hui aux particuliers un <strong>diagnostic sur-mesure<\/strong> et des <strong>dispositifs <\/strong>capables de r\u00e9duire drastiquement la pr\u00e9sence de ces ind\u00e9sirables.<\/p>\n<p><img fetchpriority=\"high\" decoding=\"async\" width=\"1008\" height=\"355\" src=\"https:\/\/www.europesays.com\/fr\/wp-content\/uploads\/2025\/08\/Capture-decran-2025-08-20-134747.png\" alt=\"\" class=\"wp-image-82467\"  \/>Des gestes sont \u00e0 conna\u00eetre pour \u00e9viter la pr\u00e9sence des moustiques. \u00a9G\u00e9nostique<\/p>\n<p style=\"font-size:16px\">Leur arme phare : une <strong>machine d\u2019un m\u00e8tre de haut<\/strong>, install\u00e9e dans le jardin, qui combine <strong>deux app\u00e2ts<\/strong> irr\u00e9sistibles pour les moustiques : le <strong>dioxyde de carbone<\/strong> et une <strong>imitation d\u2019odeurs corporelles<\/strong>. Tromp\u00e9s, les insectes s\u2019approchent et se retrouvent aspir\u00e9s dans un r\u00e9ceptacle. R\u00e9sultat annonc\u00e9 : jusqu\u2019\u00e0 <strong>500 moustiques captur\u00e9s en deux semaines<\/strong> dans un rayon d\u2019une quinzaine de m\u00e8tres.<\/p>\n<p><img loading=\"lazy\" decoding=\"async\" width=\"495\" height=\"400\" src=\"https:\/\/www.europesays.com\/fr\/wp-content\/uploads\/2025\/08\/genostique.png\" alt=\"\" class=\"wp-image-82465\" style=\"width:441px;height:auto\"  \/>G\u00e9nostique propose des pi\u00e8ges adapt\u00e9s aux redoutables moustiques-tigres. \u00a9G\u00e9nostique<\/p>\n<p style=\"font-size:16px\">La solution n\u00e9cessite un certain prix (compte <strong>environ 1 500 \u20ac par pi\u00e8ge<\/strong>), mais elle s\u00e9duit de plus en plus. Le march\u00e9 est en pleine expansion, port\u00e9 par l\u2019invasion du moustique-tigre. D\u2019apr\u00e8s <strong><a href=\"https:\/\/www.santepubliquefrance.fr\/\" target=\"_blank\" rel=\"noreferrer noopener nofollow\">Sant\u00e9 Publique France<\/a><\/strong>, il \u00e9tait pr\u00e9sent d\u00e9but 2025 dans <strong>81 d\u00e9partements sur 96<\/strong>, soit <strong>84 % du territoire<\/strong>. Et sa progression ne fait que s\u2019acc\u00e9l\u00e9rer.<\/p>\n<p style=\"font-size:16px\">Alors, ces pi\u00e8ges girondins deviendront-ils l\u2019arme indispensable de nos \u00e9t\u00e9s ? L\u2019avenir le dira. Mais une chose est s\u00fbre : \u00e0 Martillac, on a d\u00e9cid\u00e9 de rendre \u00e0 l\u2019ap\u00e9ro entre amis la s\u00e9r\u00e9nit\u00e9 qu\u2019il m\u00e9rite.<\/p>\n<p style=\"font-size:16px\">\u00c0 lire aussi : <a href=\"https:\/\/www.bougerabordeaux.com\/actu\/lile-de-re-5-visites-immanquables-entre-nature-et-patrimoine\/\" target=\"_blank\" rel=\"noreferrer noopener nofollow\">L\u2019\u00eele de R\u00e9 : 5 visites immanquables entre nature et patrimoine<\/a><\/p>\n","protected":false},"excerpt":{"rendered":"Ils bourdonnent, piquent et g\u00e2chent nos soir\u00e9es d\u2019\u00e9t\u00e9 : les moustiques, dont le redoutable moustique-tigre, n\u2019ont jamais \u00e9t\u00e9&hellip;\n","protected":false},"author":2,"featured_media":332763,"comment_status":"","ping_status":"","sticky":false,"template":"","format":"standard","meta":{"footnotes":""},"categories":[2817],"tags":[1111,11,1997,1777,674,1011,27,12,2219,25],"class_list":{"0":"post-332762","1":"post","2":"type-post","3":"status-publish","4":"format-standard","5":"has-post-thumbnail","7":"category-bordeaux","8":"tag-actu","9":"tag-actualites","10":"tag-bordeaux","11":"tag-eu","12":"tag-europe","13":"tag-fr","14":"tag-france","15":"tag-news","16":"tag-nouvelle-aquitaine","17":"tag-republique-francaise"},"share_on_mastodon":{"url":"https:\/\/pubeurope.com\/@fr\/115063975483280474","error":""},"_links":{"self":[{"href":"https:\/\/www.europesays.com\/fr\/wp-json\/wp\/v2\/posts\/332762","targetHints":{"allow":["GET"]}}],"collection":[{"href":"https:\/\/www.europesays.com\/fr\/wp-json\/wp\/v2\/posts"}],"about":[{"href":"https:\/\/www.europesays.com\/fr\/wp-json\/wp\/v2\/types\/post"}],"author":[{"embeddable":true,"href":"https:\/\/www.europesays.com\/fr\/wp-json\/wp\/v2\/users\/2"}],"replies":[{"embeddable":true,"href":"https:\/\/www.europesays.com\/fr\/wp-json\/wp\/v2\/comments?post=332762"}],"version-history":[{"count":0,"href":"https:\/\/www.europesays.com\/fr\/wp-json\/wp\/v2\/posts\/332762\/revisions"}],"wp:featuredmedia":[{"embeddable":true,"href":"https:\/\/www.europesays.com\/fr\/wp-json\/wp\/v2\/media\/332763"}],"wp:attachment":[{"href":"https:\/\/www.europesays.com\/fr\/wp-json\/wp\/v2\/media?parent=332762"}],"wp:term":[{"taxonomy":"category","embeddable":true,"href":"https:\/\/www.europesays.com\/fr\/wp-json\/wp\/v2\/categories?post=332762"},{"taxonomy":"post_tag","embeddable":true,"href":"https:\/\/www.europesays.com\/fr\/wp-json\/wp\/v2\/tags?post=332762"}],"curies":[{"name":"wp","href":"https:\/\/api.w.org\/{rel}","templated":true}]}}