{"id":332764,"date":"2025-08-21T00:41:10","date_gmt":"2025-08-21T00:41:10","guid":{"rendered":"https:\/\/www.europesays.com\/fr\/332764\/"},"modified":"2025-08-21T00:41:10","modified_gmt":"2025-08-21T00:41:10","slug":"bordeaux-respire-la-lose-il-denonce","status":"publish","type":"post","link":"https:\/\/www.europesays.com\/fr\/332764\/","title":{"rendered":"Bordeaux respire la lose, il d\u00e9nonce"},"content":{"rendered":"<p><strong>Apr\u00e8s le match nul entre les Girondins de Bordeaux et l&rsquo;US Avranches en pr\u00e9ambule de la nouvelle saison de National 2, Bruno Irles a affirm\u00e9 avoir refus\u00e9 de retirer un d\u00e9fenseur en fin de match pour \u00e9viter de perdre. Une tactique vivement critiqu\u00e9e.<\/strong><\/p>\n<p>A domicile, les <a href=\"https:\/\/www.foot01.com\/equipe\/bordeaux\/\" rel=\"nofollow noopener\" target=\"_blank\">Girondins de Bordeaux<\/a> avaient l&rsquo;occasion de frapper directement un joli coup en s&rsquo;imposant contre l&rsquo;US Avranches. Le Stade Atlantique \u00e9tait occup\u00e9 par plus de 11 000 supporters venus pousser leur \u00e9quipe pour leur entr\u00e9e en mati\u00e8re dans cette nouvelle saison de National 2. Mais c&rsquo;est au terme d&rsquo;un match particuli\u00e8rement triste que les deux formations se sont quitt\u00e9es dos \u00e0 dos (0-0). Un r\u00e9sultat qui satisfait les Avranchais, beaucoup moins les Bordelais. A l&rsquo;issue de la rencontre, Bruno Irles a assum\u00e9 avoir refus\u00e9 de changer de dispositif pour \u00e9viter une d\u00e9faite. \u00ab Si on passe \u00e0 quatre sur ce match, je pense qu\u2019on peut prendre un ou deux buts \u00e0 la fin parce que je n\u2019ai pas les joueurs pour \u00e9voluer dans un syst\u00e8me \u00e0 quatre derri\u00e8re \u00bb, avait-il d\u00e9clar\u00e9 en zone mixte au micro de Forever. Une frilosit\u00e9 qui inqui\u00e8te Alain Bauderon.<\/p>\n<p>\u00ab On est un peu frileux, non ? \u00bb<\/p>\n<blockquote class=\"twitter-tweet\"><p>&#13;<\/p>\n<p lang=\"fr\" dir=\"ltr\">La star de Bordeaux s&rsquo;en prend \u00e0 John Williams <a href=\"https:\/\/t.co\/sBx5k1u72Y\" rel=\"nofollow\">https:\/\/t.co\/sBx5k1u72Y<\/a><\/p>\n<p>&#13;<br \/>\n\u2014 Foot01.com (@Foot01_com) <a href=\"https:\/\/twitter.com\/Foot01_com\/status\/1957148485049860564?ref_src=twsrc%5Etfw\" rel=\"nofollow noopener\" target=\"_blank\">August 17, 2025<\/a><\/p><\/blockquote>\n<p>\u00ab La seconde mi-temps de Bordeaux \u00e9tait quasiment \u00e0 sens unique, mais ce qui me g\u00eane, c&rsquo;est ce que dit Bruno Irles apr\u00e8s le match, lorsqu\u2019il dit que \u2018passer \u00e0 quatre aurait pu \u00eatre une solution, mais on aurait pu prendre un ou deux buts\u2019. Il y a toujours cette r\u00e9serve \u2018je veux marquer mais attention il ne faut pas que j\u2019en prenne\u2019. On est un peu frileux, non ? \u00bb, s&rsquo;est exclam\u00e9 Alain Bauderon, ancien journaliste, sur Bordeaux Sports. Ce dernier regrette le manque d&rsquo;ambition de Bruno Irles dans ses choix tactiques, lequel pr\u00e9f\u00e8re \u00e9viter une d\u00e9faite qu&rsquo;essayer une victoire. Une fa\u00e7on de voir les choses qui ne satisfait pas.<\/p>\n<p>          <script async src=\"https:\/\/platform.twitter.com\/widgets.js\" charset=\"utf-8\"><\/script><\/p>\n","protected":false},"excerpt":{"rendered":"Apr\u00e8s le match nul entre les Girondins de Bordeaux et l&rsquo;US Avranches en pr\u00e9ambule de la nouvelle saison&hellip;\n","protected":false},"author":2,"featured_media":332765,"comment_status":"","ping_status":"","sticky":false,"template":"","format":"standard","meta":{"footnotes":""},"categories":[2817],"tags":[1111,11,1997,1777,674,1011,27,12,2219,25],"class_list":{"0":"post-332764","1":"post","2":"type-post","3":"status-publish","4":"format-standard","5":"has-post-thumbnail","7":"category-bordeaux","8":"tag-actu","9":"tag-actualites","10":"tag-bordeaux","11":"tag-eu","12":"tag-europe","13":"tag-fr","14":"tag-france","15":"tag-news","16":"tag-nouvelle-aquitaine","17":"tag-republique-francaise"},"share_on_mastodon":{"url":"https:\/\/pubeurope.com\/@fr\/115063979002749194","error":""},"_links":{"self":[{"href":"https:\/\/www.europesays.com\/fr\/wp-json\/wp\/v2\/posts\/332764","targetHints":{"allow":["GET"]}}],"collection":[{"href":"https:\/\/www.europesays.com\/fr\/wp-json\/wp\/v2\/posts"}],"about":[{"href":"https:\/\/www.europesays.com\/fr\/wp-json\/wp\/v2\/types\/post"}],"author":[{"embeddable":true,"href":"https:\/\/www.europesays.com\/fr\/wp-json\/wp\/v2\/users\/2"}],"replies":[{"embeddable":true,"href":"https:\/\/www.europesays.com\/fr\/wp-json\/wp\/v2\/comments?post=332764"}],"version-history":[{"count":0,"href":"https:\/\/www.europesays.com\/fr\/wp-json\/wp\/v2\/posts\/332764\/revisions"}],"wp:featuredmedia":[{"embeddable":true,"href":"https:\/\/www.europesays.com\/fr\/wp-json\/wp\/v2\/media\/332765"}],"wp:attachment":[{"href":"https:\/\/www.europesays.com\/fr\/wp-json\/wp\/v2\/media?parent=332764"}],"wp:term":[{"taxonomy":"category","embeddable":true,"href":"https:\/\/www.europesays.com\/fr\/wp-json\/wp\/v2\/categories?post=332764"},{"taxonomy":"post_tag","embeddable":true,"href":"https:\/\/www.europesays.com\/fr\/wp-json\/wp\/v2\/tags?post=332764"}],"curies":[{"name":"wp","href":"https:\/\/api.w.org\/{rel}","templated":true}]}}