{"id":332766,"date":"2025-08-21T00:42:13","date_gmt":"2025-08-21T00:42:13","guid":{"rendered":"https:\/\/www.europesays.com\/fr\/332766\/"},"modified":"2025-08-21T00:42:13","modified_gmt":"2025-08-21T00:42:13","slug":"sur-cette-grande-place-de-toulouse-larrivee-du-feu-clignotant-apaise-la-circulation-aux-heures-de-pointe","status":"publish","type":"post","link":"https:\/\/www.europesays.com\/fr\/332766\/","title":{"rendered":"Sur cette grande place de Toulouse, l&rsquo;arriv\u00e9e du feu clignotant apaise la circulation aux heures de pointe"},"content":{"rendered":"<p>            Par<br \/>\n        <strong><br \/>\n            <a href=\"https:\/\/actu.fr\/auteur\/enzo-legros\" title=\"Consulter tous les articles de Enzo Legros\" target=\"_blank\" rel=\"noopener\">Enzo Legros<\/a><br \/>\n        <\/strong><\/p>\n<p>        Publi\u00e9 le<\/p>\n<p>            20 ao\u00fbt 2025 \u00e0 12h23        <\/p>\n<p>Sur la place int\u00e9rieure Saint-Cyprien, peu de passants ont remarqu\u00e9 la grande nouveaut\u00e9 de la rue de la R\u00e9publique <a href=\"https:\/\/actu.fr\/toulouse\/\" target=\"_blank\" rel=\"noopener\">\u00e0 Toulouse.<\/a> Au dessus de leur t\u00eate, en traversant les passages pi\u00e9tons de la place, les feux tricolores n\u2019affichent plus les couleurs rouges et vertes, mais <strong>clignotent orange<\/strong> vendredi 8 ao\u00fbt. \u00ab\u00a0C\u2019est un bug je crois\u00a0\u00bb, suppose le g\u00e9rant d\u2019un restaurant de fast-food \u00e0 proximit\u00e9. En r\u00e9alit\u00e9, les trois feux de la place ne sont pas du tout \u00ab\u00a0bugg\u00e9s\u00a0\u00bb. Il s\u2019agit d\u2019une nouvelle exp\u00e9rimentation lanc\u00e9e par la mairie de Toulouse. L\u2019objectif : soulager un axe souvent victime de bouchons. On fait le point.<\/p>\n<p>Un trafic parfois dense aux heures de pointe<\/p>\n<p class=\" wall-content\">L\u2019id\u00e9e vient du maire <a href=\"https:\/\/actu.fr\/occitanie\/toulouse_31555\/toulouse-cette-place-du-centre-ville-va-changer-de-visage-et-devenir-plus-verte_62132064.html\" target=\"_blank\" rel=\"noopener\">du quartier Saint-Cyprien<\/a>, Jean-Paul Bouche, et r\u00e9pond \u00e0 de nombreuses demandes des habitants et des commer\u00e7ants. \u00ab\u00a0Beaucoup de personnes ont fait remarquer que<strong> le trafic bloquait \u00e0 cet endroit-l\u00e0<\/strong> aux heures de pointe\u00a0\u00bb, explique l\u2019\u00e9lu. Avec le fort passage routier, l\u2019ancien feu de la rue de la R\u00e9publique, qui relie directement la sortie ouest du Pont Neuf \u00e0 la place int\u00e9rieure Saint-Cyprien, causait notamment une accumulation de voitures probl\u00e9matique.\u00a0<\/p>\n<p>    <img   decoding=\"async\" loading=\"lazy\" src=\"https:\/\/www.europesays.com\/fr\/wp-content\/uploads\/2025\/08\/1000047927-960x640.jpg\" alt=\"Les usagers de la rue de la R\u00e9publique se sont bien adapt\u00e9s aux nouveaux feux vendredi 8 ao\u00fbt \u00e0 17h.\" width=\"960\" height=\"640\"\/><br \/>\n    Les usagers de la rue de la R\u00e9publique se sont bien adapt\u00e9s aux nouveaux feux vendredi 8 ao\u00fbt \u00e0 17h. (\u00a9Enzo Legros\/actu Toulouse)<\/p>\n<p class=\" wall-content\">\u00ab\u00a0Les habitants avaient remarqu\u00e9 que la pollution et les bouchons devenaient g\u00eanants\u00a0\u00bb, continue Jean-Paul Bouche. La solution du feu orange clignotant est simple, il correspond \u00e0 <strong>un c\u00e9dez-le-passage<\/strong>. Il suffit donc de laisser la priorit\u00e9 \u00e0 tous les pi\u00e9tons et v\u00e9hicules devant soi avant de s\u2019engager. Vendredi 8 ao\u00fbt \u00e0 17h, les voitures et les v\u00e9los empruntant la rue de la R\u00e9publique l\u2019ont bien compris.<\/p>\n<p>    <img   decoding=\"async\" loading=\"lazy\" src=\"https:\/\/www.europesays.com\/fr\/wp-content\/uploads\/2025\/08\/1000047953-960x640.jpg\" alt=\"Les commer\u00e7ants ont souhait\u00e9 la mise en place du feu clignotant pour mettre fin aux bouchons.\" width=\"960\" height=\"640\"\/><br \/>\n    Les commer\u00e7ants ont souhait\u00e9 la mise en place du feu clignotant pour mettre fin aux bouchons. (\u00a9Enzo Legros\/actu Toulouse)<\/p>\n<p class=\" wall-content\">Le trafic est fluide et sans accroc, malgr\u00e9 un passage soutenu. \u00ab\u00a0Je n\u2019ai pas vu de bouchons cette semaine\u00a0\u00bb, confirme un commer\u00e7ant id\u00e9alement plac\u00e9 pour surveiller <a href=\"https:\/\/actu.fr\/tag\/info-trafic\" target=\"_blank\" rel=\"noopener\">le trafic<\/a>.<\/p>\n<p>Un dilemme qui ne date pas d\u2019hier<\/p>\n<p class=\" wall-content\">Pr\u00e9cis\u00e9ment, le feu clignotant n\u2019est pas un concept totalement nouveau sur la rue de la R\u00e9publique. Ce mod\u00e8le de signalisation \u00e9tait <strong>d\u00e9j\u00e0 employ\u00e9 dans le pass\u00e9<\/strong> au m\u00eame endroit. \u00ab\u00a0Mais \u00e0 l\u2019\u00e9poque, les \u00e9coles ont fait savoir que les v\u00e9los et les voitures ne les laissez pas traverser, alors j\u2019ai tranch\u00e9 pour les personnes les plus faibles\u00a0\u00bb, raconte le maire de quartier, qui avait alors pris la d\u00e9cision de mettre <a href=\"https:\/\/actu.fr\/occitanie\/toulouse_31555\/toulouse-avec-la-suppression-des-feux-tricolores-ce-carrefour-est-devenu-un-enfer-pour-pietons-et-cyclistes_62821841.html\" target=\"_blank\" rel=\"noopener\">un feu tricolore classique<\/a>.<\/p>\n<p>Votre r\u00e9gion, votre actu !<\/p>\n<p>Recevez chaque jour les infos qui comptent pour vous.<\/p>\n<p>\t<a href=\"https:\/\/actu.fr\/newsletter\" class=\"ac-btn ac-btn--corner ac-btn--medium ac-btn--blue800\" target=\"_blank\" rel=\"noopener\">S&rsquo;incrire<\/a><\/p>\n<p>    <a href=\"https:\/\/www.google.com\/maps\/embed?pb=!1m14!1m12!1m3!1d2814.6387353260325!2d1.4302112509023714!3d43.59855254904204!2m3!1f0!2f0!3f0!3m2!1i1024!2i768!4f13.1!5e0!3m2!1sfr!2sfr!4v1754671408514!5m2!1sfr!2sfr\" title=\"Ouvrie le lien\" target=\"_blank\" rel=\"noopener\">Cliquez ici pour visualiser le contenu<\/a><\/p>\n<p class=\" wall-content\">Mais si le passage au feu rouge permettait aux pi\u00e9tons de s\u2019\u00e9lancer sereinement <a href=\"https:\/\/actu.fr\/tag\/circulation\" target=\"_blank\" rel=\"noopener\">sur la route<\/a>, il a eu le d\u00e9savantage de causer des bouchons au fil du temps. Un probl\u00e8me de r\u00e9solu, mais un autre de cr\u00e9er,<strong> \u00ab\u00a0il n\u2019y a pas de solution miracle\u00a0\u00bb<\/strong>, pense Jean-Paul Bouche. Sous les nombreuses demandes des commer\u00e7ants et des habitants, il a quand m\u00eame d\u00e9cid\u00e9 de retenter l\u2019exp\u00e9rience du feu orange clignotant cet \u00e9t\u00e9.<\/p>\n<p>\u00ab\u00a0Je n\u2019ai que des bons retours\u00a0\u00bb<\/p>\n<p class=\" wall-content\">Sous l\u2019abribus de l\u2019arr\u00eat \u00ab\u00a0Saint-Cyprien-R\u00e9publique\u00a0\u00bb, Michelle n\u2019avait pas non plus remarqu\u00e9 le changement de signalisation. \u00ab\u00a0Mais maintenant on ne peut plus commander le feu rouge pour traverser\u00a0\u00bb, s\u2019interroge l\u2019habitante retrait\u00e9e du quartier. La r\u00e9ponse est non, \u00ab\u00a0il va falloir \u00eatre vigilant\u00a0\u00bb, en conclut Michelle. Mais la pi\u00e9tonne, comme les autres personnes sous l\u2019abribus, sont pr\u00eates \u00e0 s\u2019y adapter.\u00a0<\/p>\n<p class=\" wall-content\">\u00ab\u00a0Si \u00e7a permet de lib\u00e9rer les routes, je pense que \u00e7a vaut le coup\u00a0\u00bb, partage Val\u00e9rie en attendant son bus. Pour l\u2019instant, les constatations sont toutes aussi optimistes du c\u00f4t\u00e9 de la mairie. \u00ab\u00a0Depuis la mise en place, j\u2019ai d\u00e9j\u00e0 eu des messages et <strong>je n\u2019ai que des bons retours\u00a0\u00bb<\/strong>, assure Jean-Paul Bouche.<\/p>\n<p>Un test jusqu\u2019\u00e0 fin septembre<\/p>\n<p class=\" wall-content\">L\u2019exp\u00e9rimentation aura lieu jusqu\u2019\u00e0 la fin des grandes vacances, et sera prolong\u00e9e jusqu\u2019au <strong>30 septembre<\/strong>. Le temps pour la municipalit\u00e9 de prendre la bonne d\u00e9cision. \u00ab\u00a0Je demanderai l\u2019avis <a href=\"https:\/\/actu.fr\/occitanie\/toulouse_31555\/gens-du-voyage-quand-le-maire-de-toulouse-appelle-a-mettre-fin-a-l-impunite_63015014.html\" target=\"_blank\" rel=\"noopener\">du maire de Toulouse<\/a>, car c\u2019est un sujet fondamental m\u00eame si on parle de quelques d\u00e9tails\u00a0\u00bb, annonce le maire de quartier.\u00a0<\/p>\n<p class=\" wall-content\">Quand le test prendra fin, les habitants et les acteurs de la place int\u00e9rieure Saint-Cyprien auront \u00e9t\u00e9 sond\u00e9es une nouvelle fois pour prendre une d\u00e9cision qui ne sera pas temporaire. \u00ab\u00a0Je veux vraiment un point de vue r\u00e9el sur le ressenti des habitants\u00a0\u00bb, ajoute Jean-Paul Bouche.<\/p>\n<p class=\" wall-content\">Personnalisez votre actualit\u00e9 en ajoutant vos villes et m\u00e9dias en favori avec <a href=\"https:\/\/moncompte.actu.fr\" title=\"D\u00e9couvez Mon Actu\" rel=\"nofollow noopener\" data-trk=\"{&quot;cta&quot;:{&quot;action&quot;:&quot;https:\\\/\\\/moncompte.actu.fr&quot;,&quot;category&quot;:&quot;mon compte&quot;,&quot;from&quot;:&quot;article footer&quot;,&quot;name&quot;:&quot;Mon actu&quot;,&quot;type&quot;:&quot;cta&quot;}}\" target=\"_blank\">Mon Actu<\/a>.<\/p>\n","protected":false},"excerpt":{"rendered":"Par Enzo Legros Publi\u00e9 le 20 ao\u00fbt 2025 \u00e0 12h23 Sur la place int\u00e9rieure Saint-Cyprien, peu de passants&hellip;\n","protected":false},"author":2,"featured_media":332767,"comment_status":"","ping_status":"","sticky":false,"template":"","format":"standard","meta":{"footnotes":""},"categories":[2816],"tags":[1111,11,3542,1777,674,1011,27,12,2680,25,104,2312],"class_list":{"0":"post-332766","1":"post","2":"type-post","3":"status-publish","4":"format-standard","5":"has-post-thumbnail","7":"category-toulouse","8":"tag-actu","9":"tag-actualites","10":"tag-circulation","11":"tag-eu","12":"tag-europe","13":"tag-fr","14":"tag-france","15":"tag-news","16":"tag-occitanie","17":"tag-republique-francaise","18":"tag-societe","19":"tag-toulouse"},"share_on_mastodon":{"url":"https:\/\/pubeurope.com\/@fr\/115063982973436731","error":""},"_links":{"self":[{"href":"https:\/\/www.europesays.com\/fr\/wp-json\/wp\/v2\/posts\/332766","targetHints":{"allow":["GET"]}}],"collection":[{"href":"https:\/\/www.europesays.com\/fr\/wp-json\/wp\/v2\/posts"}],"about":[{"href":"https:\/\/www.europesays.com\/fr\/wp-json\/wp\/v2\/types\/post"}],"author":[{"embeddable":true,"href":"https:\/\/www.europesays.com\/fr\/wp-json\/wp\/v2\/users\/2"}],"replies":[{"embeddable":true,"href":"https:\/\/www.europesays.com\/fr\/wp-json\/wp\/v2\/comments?post=332766"}],"version-history":[{"count":0,"href":"https:\/\/www.europesays.com\/fr\/wp-json\/wp\/v2\/posts\/332766\/revisions"}],"wp:featuredmedia":[{"embeddable":true,"href":"https:\/\/www.europesays.com\/fr\/wp-json\/wp\/v2\/media\/332767"}],"wp:attachment":[{"href":"https:\/\/www.europesays.com\/fr\/wp-json\/wp\/v2\/media?parent=332766"}],"wp:term":[{"taxonomy":"category","embeddable":true,"href":"https:\/\/www.europesays.com\/fr\/wp-json\/wp\/v2\/categories?post=332766"},{"taxonomy":"post_tag","embeddable":true,"href":"https:\/\/www.europesays.com\/fr\/wp-json\/wp\/v2\/tags?post=332766"}],"curies":[{"name":"wp","href":"https:\/\/api.w.org\/{rel}","templated":true}]}}