{"id":332768,"date":"2025-08-21T00:43:14","date_gmt":"2025-08-21T00:43:14","guid":{"rendered":"https:\/\/www.europesays.com\/fr\/332768\/"},"modified":"2025-08-21T00:43:14","modified_gmt":"2025-08-21T00:43:14","slug":"cette-signature-qui-fait-avancer-le-projet-a-toulouse","status":"publish","type":"post","link":"https:\/\/www.europesays.com\/fr\/332768\/","title":{"rendered":"cette signature qui fait avancer le projet \u00e0 Toulouse"},"content":{"rendered":"<p><strong>Le protocole actant la cession des terrains municipaux et m\u00e9tropolitains n\u00e9cessaires \u00e0 la r\u00e9alisation de la Cit\u00e9 de la natation a \u00e9t\u00e9 sign\u00e9. Ce projet majeur, port\u00e9 par les Dauphins du TOEC, doit voir le jour sur l\u2019\u00cele du Ramier, \u00e0 proximit\u00e9 de la piscine Castex. Les travaux sont attendus en 2026 pour une inauguration en 2028.<\/strong><\/p>\n<p><img fetchpriority=\"high\" decoding=\"async\" width=\"1200\" height=\"675\" src=\"https:\/\/www.europesays.com\/fr\/wp-content\/uploads\/2025\/08\/President-des-Dauphin-du-Toec.jpg\" alt=\"La Cit\u00e9 de la natation des Dauphins du TOEC verra le jour sur l\u2019ile du Ramier \u00e0 Toulouse.\"  \/><\/p>\n<p>Vincent Gardeau, pr\u00e9sident des Dauphins du TOEC, a sign\u00e9 avec la maire de Toulouse le protocole de cession des terrains  pour la Cit\u00e9 de la natation. \u00a9 Bryan Faham \/ Le JT<\/p>\n<p>Le maire de Toulouse, Jean-Luc Moudenc, et le pr\u00e9sident des Dauphins du TOEC, Vincent Gardeau, ont<strong> sign\u00e9 le protocole actant la cession des terrains<\/strong> <a href=\"https:\/\/www.lejournaltoulousain.fr\/occitanie\/haute-garonne\/toulouse\/toulouse-cite-natation-toec-prend-forme-230325\/\" data-type=\"post\" data-id=\"230325\" rel=\"nofollow noopener\" target=\"_blank\">n\u00e9cessaires \u00e0 la r\u00e9alisation<\/a> de <strong>la future Cit\u00e9 de la natation<\/strong>. Pour cela, ils se sont retrouv\u00e9s ce mercredi 20 ao\u00fbt <strong>devant les locaux du club, \u00e0 la piscine Castex<\/strong>, \u00e0 deux pas du lieu d\u2019implantation du futur site.<\/p>\n<p>Cette signature intervient <strong>apr\u00e8s un vote du conseil municipal et du conseil m\u00e9tropolitain<\/strong> en juin dernier. Le premier a autoris\u00e9 la vente d\u2019<a href=\"https:\/\/deliberations.toulouse.fr\/data\/archive\/20250701_VILLE_DELIBERATION_25-0464.pdf\" data-type=\"link\" data-id=\"https:\/\/deliberations.toulouse.fr\/data\/archive\/20250701_VILLE_DELIBERATION_25-0464.pdf\" target=\"_blank\" rel=\"noopener nofollow\">une emprise de 4 200 m\u00b2 pour 592\u00a0000 euros hors taxes<\/a>. Le second a fait de m\u00eame pour une parcelle de 703 m\u00b2, au prix de 99 000 euros hors taxes.<\/p>\n<p>Cit\u00e9 de la natation : un projet sportif structurant<\/p>\n<p>La Cit\u00e9 de la natation sera construite <strong>sur l\u2019\u00eele du Ramier, \u00e0 la place du Hall 7 de l\u2019ancien parc des expositions<\/strong>. L\u2019ancien b\u00e2timent ne sera pas conserv\u00e9. \u00ab\u00a0<strong>Nous allons tout casser.<\/strong> Nous partirons d\u2019une structure totalement neuve\u00a0\u00bb, a expliqu\u00e9 Vincent Gardeau.<\/p>\n<p>Le complexe s\u2019\u00e9talera sur environ 10\u00a0000 m\u00b2, sur plusieurs niveaux, avec<strong> trois bassins<\/strong>\u00a0: un bassin de 25 m\u00e8tres pour la pratique r\u00e9guli\u00e8re ; un bassin plus petit pour l\u2019apprentissage des enfants ; et <strong>un bassin olympique de 50 m\u00e8tres et dix couloirs, install\u00e9 sur le toit \u00e0 21 m\u00e8tres de hauteur<\/strong>. Ce dernier, <a href=\"https:\/\/www.lejournaltoulousain.fr\/occitanie\/haute-garonne\/toulouse\/toulouse-recuperer-bassin-jo-pour-cite-natation-290029\/\" data-type=\"post\" data-id=\"290029\" rel=\"nofollow noopener\" target=\"_blank\">h\u00e9rit\u00e9 des Jeux de Paris 2024<\/a>, portera le nom du champion toulousain L\u00e9on Marchand.<\/p>\n<p>Au-del\u00e0 des bassins, la Cit\u00e9 de la natation int\u00e9grera <strong>des espaces de pr\u00e9paration physique, de musculation et de fitness<\/strong>. Un p\u00f4le m\u00e9dical sera \u00e9galement am\u00e9nag\u00e9, avec des services de kin\u00e9sith\u00e9rapie, d\u2019ost\u00e9opathie, de nutrition et de cryoth\u00e9rapie. Le site accueillera aussi <strong>des salles de formation et les bureaux administratifs du club.<\/strong><\/p>\n<p><video controls=\"\" src=\"https:\/\/www.lejournaltoulousain.fr\/wp-content\/uploads\/2025\/08\/itm-president-dauphin-des-toec.mp4\"\/>Le futur complexe offrira trois bassins, comme l\u2019indique Vincent Gardeau, pr\u00e9sident des Dauphins du TOEC. \u00a9 Bryan Faham \/ Le JT<\/p>\n<p>Un acc\u00e8s encadr\u00e9 \u00e0 la nouvelle structure<\/p>\n<p>La nouvelle structure accueillera<strong> les adh\u00e9rents du club et les scolaires, du primaire au lyc\u00e9e<\/strong>. Mais elle ne sera pas ouverte librement au public. \u00ab\u00a0Les Toulousains et les Hauts-Garonnais en b\u00e9n\u00e9ficieront indirectement, puisque <strong>nous allons lib\u00e9rer des cr\u00e9neaux que nous occupons aujourd\u2019hui dans d\u2019autres piscines<\/strong>\u00a0\u00bb, pr\u00e9cise le pr\u00e9sident des Dauphins du TOEC.<\/p>\n<p>Le site n\u2019a pas non plus vocation \u00e0 recevoir des comp\u00e9titions. Il sera v\u00e9ritablement consacr\u00e9 \u00e0 l\u2019entra\u00eenement, \u00e0 la formation et \u00e0 la pratique encadr\u00e9e.<\/p>\n<p>Un financement partag\u00e9 entre acteurs publics et priv\u00e9s<\/p>\n<p><strong>Le budget global est estim\u00e9 \u00e0 33 millions d\u2019euros.<\/strong> \u00ab\u00a0La participation des collectivit\u00e9s sera l\u00e9g\u00e8rement inf\u00e9rieure \u00e0 50%, soit <strong>16,4 millions d\u2019euros, r\u00e9partis entre la Ville, le D\u00e9partement, la R\u00e9gion et l\u2019\u00c9tat<\/strong>. Le reste proviendra d\u2019acteurs priv\u00e9s et d\u2019un cr\u00e9dit\u00a0\u00bb, a d\u00e9taill\u00e9 Vincent Gardeau.<\/p>\n<p>L\u2019\u00c9tat a confirm\u00e9 son soutien en novembre dernier, avec <strong>une subvention de 4,4 millions d\u2019euros<\/strong>. Toulouse M\u00e9tropole apportera 4 millions d\u2019euros, tout comme la R\u00e9gion et le D\u00e9partement. \u00ab\u00a0Je me r\u00e9jouis de ce partenariat. <strong>C\u2019est rare de voir l\u2019\u00c9tat subventionner des \u00e9quipements sportifs en r\u00e9gion<\/strong>\u00a0\u00bb, a soulign\u00e9 Jean-Luc Moudenc.<\/p>\n<p>Prochaine \u00e9tape\u00a0: <strong>le d\u00e9p\u00f4t du permis de construire est pr\u00e9vu \u00e0 l\u2019automne 2025<\/strong>. Il faudra ensuite patienter environ six mois avant de pouvoir lancer les travaux, \u00e0 la mi-2026. L\u2019inauguration de la future Cit\u00e9 de la natation est envisag\u00e9e \u00e0 la fin du premier trimestre 2028.<\/p>\n","protected":false},"excerpt":{"rendered":"Le protocole actant la cession des terrains municipaux et m\u00e9tropolitains n\u00e9cessaires \u00e0 la r\u00e9alisation de la Cit\u00e9 de&hellip;\n","protected":false},"author":2,"featured_media":332769,"comment_status":"","ping_status":"","sticky":false,"template":"","format":"standard","meta":{"footnotes":""},"categories":[2816],"tags":[1111,11,46999,1777,674,1011,27,12,2680,25,2312],"class_list":{"0":"post-332768","1":"post","2":"type-post","3":"status-publish","4":"format-standard","5":"has-post-thumbnail","7":"category-toulouse","8":"tag-actu","9":"tag-actualites","10":"tag-citu00e9-de-la-natation-cette-signature-qui-fait-avancer-le-projet-u00e0-toulouse","11":"tag-eu","12":"tag-europe","13":"tag-fr","14":"tag-france","15":"tag-news","16":"tag-occitanie","17":"tag-republique-francaise","18":"tag-toulouse"},"share_on_mastodon":{"url":"https:\/\/pubeurope.com\/@fr\/115063986888128202","error":""},"_links":{"self":[{"href":"https:\/\/www.europesays.com\/fr\/wp-json\/wp\/v2\/posts\/332768","targetHints":{"allow":["GET"]}}],"collection":[{"href":"https:\/\/www.europesays.com\/fr\/wp-json\/wp\/v2\/posts"}],"about":[{"href":"https:\/\/www.europesays.com\/fr\/wp-json\/wp\/v2\/types\/post"}],"author":[{"embeddable":true,"href":"https:\/\/www.europesays.com\/fr\/wp-json\/wp\/v2\/users\/2"}],"replies":[{"embeddable":true,"href":"https:\/\/www.europesays.com\/fr\/wp-json\/wp\/v2\/comments?post=332768"}],"version-history":[{"count":0,"href":"https:\/\/www.europesays.com\/fr\/wp-json\/wp\/v2\/posts\/332768\/revisions"}],"wp:featuredmedia":[{"embeddable":true,"href":"https:\/\/www.europesays.com\/fr\/wp-json\/wp\/v2\/media\/332769"}],"wp:attachment":[{"href":"https:\/\/www.europesays.com\/fr\/wp-json\/wp\/v2\/media?parent=332768"}],"wp:term":[{"taxonomy":"category","embeddable":true,"href":"https:\/\/www.europesays.com\/fr\/wp-json\/wp\/v2\/categories?post=332768"},{"taxonomy":"post_tag","embeddable":true,"href":"https:\/\/www.europesays.com\/fr\/wp-json\/wp\/v2\/tags?post=332768"}],"curies":[{"name":"wp","href":"https:\/\/api.w.org\/{rel}","templated":true}]}}