{"id":332770,"date":"2025-08-21T00:44:15","date_gmt":"2025-08-21T00:44:15","guid":{"rendered":"https:\/\/www.europesays.com\/fr\/332770\/"},"modified":"2025-08-21T00:44:15","modified_gmt":"2025-08-21T00:44:15","slug":"lhistorique-et-festive-foire-de-lille-va-renaitre-de-ses-cendres-debut-2026-20-08-2025","status":"publish","type":"post","link":"https:\/\/www.europesays.com\/fr\/332770\/","title":{"rendered":"L&rsquo;historique et festive Foire de Lille va rena\u00eetre de ses cendres d\u00e9but 2026 &#8211; 20\/08\/2025"},"content":{"rendered":"<p>Lille a sa Braderie, mais pendant des dizaines d&rsquo;ann\u00e9es, elle avait aussi sa Foire. Quatorze ans apr\u00e8s la derni\u00e8re tentative de la faire rena\u00eetre, un entrepreneur nordiste a d\u00e9cid\u00e9 de tenter sa chance. Et vous donne rendez-vous du 19 au 23 f\u00e9vrier 2026 \u00e0 Grand Palais pour faire un max d&#8217;emplettes aupr\u00e8s de 200 exposant\u00b7es, dans une ambiance festive \u00e0 souhait.<\/p>\n<p>Elle est n\u00e9e en 1925, a connu l&rsquo;\u00e2ge d&rsquo;or atteignant jusqu&rsquo;\u00e0 1,5 million de visiteurs, avant de fondre comme neige au soleil et de dispara\u00eetre en 2000. Il y a bien eu une tentative en 2012 de la faire revivre; mais elle s&rsquo;est sold\u00e9e par un \u00e9chec.\u00a0Et pourtant, du 19 au 23 f\u00e9vrier 2026, la Foire de Lille va bel et bien rena\u00eetre une nouvelle fois tel un ph\u00e9nix.<\/p>\n<p>Un peu d&rsquo;histoire<\/p>\n<p>Mais avant de vous filer les d\u00e9tails de ce futur \u00e9v\u00e9nement qui se veut pratique, festif et cr\u00e9ateur d&rsquo;effervescence, un peu d&rsquo;histoire. La Foire de Lille ou\u00a0Foire Commerciale et Internationale de&#13;Lille a rassembl\u00e9 pendant des dizaines et des dizaines d&rsquo;ann\u00e9es, des milliers d&rsquo;exposant\u00b7es de tous les horizons, de l\u2019ameublement, aux appareils m\u00e9nagers, en passant par le tourisme, la gastronomie, l&rsquo;\u00e9clairage et autres.\u00a0<\/p>\n<p>      <a data-fslightbox=\"lightbox-73002\" data-caption=\"Foire de Lille - journ&#xE9;e RTF @photo archives La Voix du Nord\" href=\"https:\/\/vozer.s3.eu-west-3.amazonaws.com\/production\/1755700185\/v69hdfiy14r6psfzzale5n6wzxrk\/19590414-foire-de-lille-journee-rtf-photo-archives-la-voix-du-nord.jpg\" rel=\"nofollow noopener\" target=\"_blank\"><br \/>\n        <img decoding=\"async\" class=\"mw-100 lazy\" alt=\"Foire de Lille de 1959, journ&#xE9;e RTF @photo archives La Voix du Nord\" lazy=\"true\" src=\"https:\/\/www.europesays.com\/fr\/wp-content\/uploads\/2025\/08\/19590414-foire-de-lille-journee-rtf-photo-archives-la-voix-du-nord.webp.webp\"\/><br \/>\n      <\/a><br \/>\n        Foire de Lille &#8211; journ\u00e9e RTF @photo archives La Voix du Nord<\/p>\n<p>En gros, c&rsquo;\u00e9tait une \u00e9norme caverne d&rsquo;Ali Baba, mais avec un gros truc en plus : l&rsquo;ambiance. Car la foire \u00e9tait aussi une grosse teuf avec des concerts et un paquet d&rsquo;animations. Et le succ\u00e8s a \u00e9t\u00e9 imm\u00e9diat, au point d&rsquo;\u00eatre d\u00e9plac\u00e9e \u00e0 deux reprises vers des lieux toujours plus grands pour accueillir la foule qui s&rsquo;y ruait. Elle a d\u00e9marr\u00e9 sur le boulevard JB Lebas, puis au Champ de Mars avant qu&rsquo;un b\u00e2timent ne soit carr\u00e9ment \u00e9difi\u00e9 pour la recevoir sur\u00a0l&rsquo;avenue du Pr\u00e9sident-Hoover (d\u00e9truit en 1993).<\/p>\n<p>Et du beau monde y est pass\u00e9, que ce soit du c\u00f4t\u00e9 des politiques nationales et internationales ou des stars. On peut par exemple citer les pr\u00e9sidents De Gaulle et Gaston Doumergue, les stars (qui ne vous diront probablement rien aujourd&rsquo;hui) comme Sheila, Gilbert B\u00e9caud, Jean Yanne&#8230; Bref, Lille a sa Braderie mais pendant longtemps, elle a aussi eu sa Foire.<\/p>\n<p>      <a data-fslightbox=\"lightbox-73004\" data-caption=\"Foire de Lille de 1966 avec visite pr&#xE9;sidentielle de Charles de Gaulle @photo repro La Voix du Nord\" href=\"https:\/\/vozer.s3.eu-west-3.amazonaws.com\/production\/1755700185\/zcborzpaqvub461lb4v60fjmogc5\/1966-foire-de-lille-visite-presidentielle-de-vharles-de-gaulle-photo-repro-la-voix-du-nord.jpg\" rel=\"nofollow noopener\" target=\"_blank\"><br \/>\n        <img decoding=\"async\" class=\"mw-100 lazy\" alt=\"Foire de Lille de 1966 avec visite pr&#xE9;sidentielle de Charles de Gaulle @photo repro La Voix du Nord\" lazy=\"true\" src=\"https:\/\/www.europesays.com\/fr\/wp-content\/uploads\/2025\/08\/1966-foire-de-lille-visite-presidentielle-de-vharles-de-gaulle-photo-repro-la-voix-du-nord.webp.webp\"\/><br \/>\n      <\/a><br \/>\n        Foire de Lille de 1966 avec visite pr\u00e9sidentielle de Charles de Gaulle @photo repro La Voix du Nord<\/p>\n<p>  La Foire de Lille, version 2026<\/p>\n<p>Point culture termin\u00e9, passons \u00e0 sa renaissance. Aux commandes de la nouvelle Foire de Lille, on retrouve Julien Masclet, Nordiste de 44 ans, entrepreneur dans l&rsquo;\u00e2me avec neuf soci\u00e9t\u00e9s au compteur depuis ses premiers jours dans le monde du travail. \u00ab\u00a0J&rsquo;ai boss\u00e9 pendant 20 ans dans l&rsquo;\u00e9v\u00e9nementiel, raconte-t-il.\u00a0J&rsquo;organisais jusqu&rsquo;\u00e0 six salons par an avec l&rsquo;ancienne \u00e9quipe de GL Events\u00a0[qui est notamment derri\u00e8re les Geek Days, ndrl]\u00a0et j&rsquo;ai aussi boss\u00e9 dans l&rsquo;immo. Pendant un temps, je tenais la maison Delory Barbieux Colodge \u00e0 Roubaix, mais mon \u00e9tat de sant\u00e9 m&rsquo;a pouss\u00e9 \u00e0 arr\u00eater.\u00a0\u00bb<\/p>\n<p>      <a data-fslightbox=\"lightbox-73006\" data-caption=\"Julien Masclet veut faire de sa Foire de Lille, un &#xE9;v&#xE9;nement annuel.\" href=\"https:\/\/vozer.s3.eu-west-3.amazonaws.com\/production\/1755700185\/n60966rqjt742qwv6rhfzfzbvlbe\/img_0139-1.jpeg\" rel=\"nofollow noopener\" target=\"_blank\"><br \/>\n        <img decoding=\"async\" class=\"mw-100 lazy\" alt=\"Julien Masclet veut faire de sa Foire de Lille, un &#xE9;v&#xE9;nement annuel.\" lazy=\"true\" src=\"https:\/\/www.europesays.com\/fr\/wp-content\/uploads\/2025\/08\/img_0139-1.webp.webp\"\/><br \/>\n      <\/a><br \/>\n        Julien Masclet veut faire de sa Foire de Lille, un \u00e9v\u00e9nement annuel.<\/p>\n<p>Autant dire que cr\u00e9er une Foire avec plus de 200 exposant\u00b7es dans 6100m\u00b2 \u00e0 Grand Palais, dans une p\u00e9riode o\u00f9 les foires sont en perte de vitesse, \u00e7a ne lui fait pas peur.\u00a0\u00ab\u00a0Je suis un relanceur, ajoute le Nordiste.\u00a0Je veux recr\u00e9er la foire d&rsquo;antan avec son ambiance, son effervescence&#8230; quand on va dans une foire, on est pris dans le tourbillon !\u00a0\u00bb<\/p>\n<p>Julien veut conserver pour l&rsquo;instant une part de myst\u00e8re sur la partie festive pour l&rsquo;instant, mais on sait d\u00e9j\u00e0 les univers qui vont constituer sa foire : maison\/artisanat, vin\/gastronomie, auto\/mobilit\u00e9 et shopping avec un paquet de cr\u00e9ateur\u00b7rices qui font par exemple des montres en bois, des objets en verre souffl\u00e9 et autres. Bref, il y aura de belles p\u00e9pites \u00e0 trouver. \u00ab\u00a0Et bien s\u00fbr, il y aura des camelots pour faire des d\u00e9monstrations\u00a0\u00bb. Il y aura aussi \u00ab\u00a0des institutions locales\u00a0\u00bb pour vous nourrir et \u00e9tancher votre soif. De quoi passer une journ\u00e9e enti\u00e8re \u00e0 Grand Palais, donc.<\/p>\n","protected":false},"excerpt":{"rendered":"Lille a sa Braderie, mais pendant des dizaines d&rsquo;ann\u00e9es, elle avait aussi sa Foire. Quatorze ans apr\u00e8s la&hellip;\n","protected":false},"author":2,"featured_media":332771,"comment_status":"","ping_status":"","sticky":false,"template":"","format":"standard","meta":{"footnotes":""},"categories":[2815],"tags":[1111,11,1777,674,1011,27,811,1307,12,25],"class_list":{"0":"post-332770","1":"post","2":"type-post","3":"status-publish","4":"format-standard","5":"has-post-thumbnail","7":"category-lille","8":"tag-actu","9":"tag-actualites","10":"tag-eu","11":"tag-europe","12":"tag-fr","13":"tag-france","14":"tag-hauts-de-france","15":"tag-lille","16":"tag-news","17":"tag-republique-francaise"},"share_on_mastodon":{"url":"https:\/\/pubeurope.com\/@fr\/115063990883720532","error":""},"_links":{"self":[{"href":"https:\/\/www.europesays.com\/fr\/wp-json\/wp\/v2\/posts\/332770","targetHints":{"allow":["GET"]}}],"collection":[{"href":"https:\/\/www.europesays.com\/fr\/wp-json\/wp\/v2\/posts"}],"about":[{"href":"https:\/\/www.europesays.com\/fr\/wp-json\/wp\/v2\/types\/post"}],"author":[{"embeddable":true,"href":"https:\/\/www.europesays.com\/fr\/wp-json\/wp\/v2\/users\/2"}],"replies":[{"embeddable":true,"href":"https:\/\/www.europesays.com\/fr\/wp-json\/wp\/v2\/comments?post=332770"}],"version-history":[{"count":0,"href":"https:\/\/www.europesays.com\/fr\/wp-json\/wp\/v2\/posts\/332770\/revisions"}],"wp:featuredmedia":[{"embeddable":true,"href":"https:\/\/www.europesays.com\/fr\/wp-json\/wp\/v2\/media\/332771"}],"wp:attachment":[{"href":"https:\/\/www.europesays.com\/fr\/wp-json\/wp\/v2\/media?parent=332770"}],"wp:term":[{"taxonomy":"category","embeddable":true,"href":"https:\/\/www.europesays.com\/fr\/wp-json\/wp\/v2\/categories?post=332770"},{"taxonomy":"post_tag","embeddable":true,"href":"https:\/\/www.europesays.com\/fr\/wp-json\/wp\/v2\/tags?post=332770"}],"curies":[{"name":"wp","href":"https:\/\/api.w.org\/{rel}","templated":true}]}}