{"id":332772,"date":"2025-08-21T00:45:15","date_gmt":"2025-08-21T00:45:15","guid":{"rendered":"https:\/\/www.europesays.com\/fr\/332772\/"},"modified":"2025-08-21T00:45:15","modified_gmt":"2025-08-21T00:45:15","slug":"pres-de-lille-cette-piscine-ferme-ses-portes-en-raison-de-malfacons-irreversibles","status":"publish","type":"post","link":"https:\/\/www.europesays.com\/fr\/332772\/","title":{"rendered":"Pr\u00e8s de Lille, cette piscine ferme ses portes en raison de \u00ab\u00a0malfa\u00e7ons irr\u00e9versibles\u00a0\u00bb"},"content":{"rendered":"<p>            Par<br \/>\n        <strong><br \/>\n            <a href=\"https:\/\/actu.fr\/auteur\/nicolas-demollien\" title=\"Consulter tous les articles de Nicolas Demollien\" rel=\"nofollow noopener\" target=\"_blank\">Nicolas Demollien<\/a><br \/>\n        <\/strong><\/p>\n<p>        Publi\u00e9 le<\/p>\n<p>            20 ao\u00fbt 2025 \u00e0 17h12        <\/p>\n<p>C\u2019est une tr\u00e8s <b>mauvaise nouvelle<\/b> pour tous ses habitu\u00e9s. A partir du lundi 1er septembre 2025, la <b>piscine Neptunia<\/b> d\u2019<a href=\"https:\/\/actu.fr\/hauts-de-france\/haubourdin_59286\" rel=\"nofollow noopener\" target=\"_blank\">Haubourdin<\/a>, pr\u00e8s de <a href=\"https:\/\/actu.fr\/hauts-de-france\/lille_59350\" rel=\"nofollow noopener\" target=\"_blank\">Lille<\/a> (Nord), va <b>fermer ses portes<\/b> en raison de \u00ab\u00a0<b>malfa\u00e7ons structurelles irr\u00e9versibles<\/b>\u00ab\u00a0. Une d\u00e9cision prise par la Ville et celle de <a href=\"https:\/\/actu.fr\/hauts-de-france\/loos_59360\" rel=\"nofollow noopener\" target=\"_blank\">Loos<\/a>.<\/p>\n<p>La piscine Neptunia ferme ses portes \u00e0 Haubourdin<\/p>\n<p class=\" wall-content\">\u00ab\u00a0Cette d\u00e9cision a \u00e9t\u00e9 prise par\u00a0pr\u00e9caution et dans un souci constant de s\u00e9curit\u00e9 apr\u00e8s les conclusions d\u2019une seconde expertise technique approfondie. Les r\u00e9sultats r\u00e9v\u00e8lent des\u00a0<b>probl\u00e8mes structurels irr\u00e9versibles affectant le b\u00e2timent<\/b>, rendant n\u00e9cessaire cette fermeture anticip\u00e9e, avant la reprise des activit\u00e9s scolaires et sportives\u00a0\u00bb, d\u00e9taillent les deux villes dans un communiqu\u00e9.<\/p>\n<p class=\" wall-content\">Elles tiennent tout de m\u00eame \u00e0 se montrer rassurantes : \u00ab\u00a0<b>aucun risque imm\u00e9diat<\/b> n\u2019a \u00e9t\u00e9 d\u00e9tect\u00e9. Cette mesure vise \u00e0 anticiper toute situation \u00e0 risque et \u00e0 prot\u00e9ger la s\u00e9curit\u00e9 de tous\u00a0\u00bb.<\/p>\n<p class=\" wall-content\">Le coup n\u2019en demeure pas moins rude, notamment pour tous les enfants des \u00e9coles qui voient \u00ab\u00a0<b>toutes les s\u00e9ances d\u2019apprentissage<\/b> de la natation pr\u00e9vues \u00ab\u00a0<b>suspendues jusqu\u2019\u00e0 nouvel ordre<\/b>\u00ab\u00a0.<\/p>\n<p class=\" wall-content\">\u00a0D\u2019un point de vue plus pratique, notons que les abonnements en cours et les cartes d\u2019entr\u00e9e non utilis\u00e9es seront int\u00e9gralement rembours\u00e9s. Les villes promettent par ailleurs une \u00ab\u00a0attention particuli\u00e8re port\u00e9e \u00e0 l\u2019accompagnement des \u00e9quipes travaillant sur site\u00a0\u00bb.<\/p>\n<p class=\" wall-content\">Aucune date de r\u00e9ouverture n\u2019est avanc\u00e9e pour le moment. Affaire \u00e0 suivre.<\/p>\n<p class=\" wall-content\">Plus d\u2019infos sur le site <a href=\"https:\/\/www.haubourdin.fr\/2025\/08\/19\/fermeture-piscine-neptunia\/?fbclid=IwY2xjawMSXMtleHRuA2FlbQIxMABicmlkETFrVWFHaUdjSVU5MFl0bWE3AR5tP5gyPA-ls4UbeqmAhGODsIeJFRLvgbiIaudGusHd8t4VqjrNFJL0fm-9Og_aem_XCjIZfUei10cb9MCryynvg\" rel=\"nofollow noopener\" target=\"_blank\">haubourdin.fr<\/a><\/p>\n<p class=\" wall-content\">Personnalisez votre actualit\u00e9 en ajoutant vos villes et m\u00e9dias en favori avec <a href=\"https:\/\/moncompte.actu.fr\" title=\"D\u00e9couvez Mon Actu\" rel=\"nofollow noopener\" data-trk=\"{&quot;cta&quot;:{&quot;action&quot;:&quot;https:\\\/\\\/moncompte.actu.fr&quot;,&quot;category&quot;:&quot;mon compte&quot;,&quot;from&quot;:&quot;article footer&quot;,&quot;name&quot;:&quot;Mon actu&quot;,&quot;type&quot;:&quot;cta&quot;}}\" target=\"_blank\">Mon Actu<\/a>.<\/p>\n","protected":false},"excerpt":{"rendered":"Par Nicolas Demollien Publi\u00e9 le 20 ao\u00fbt 2025 \u00e0 17h12 C\u2019est une tr\u00e8s mauvaise nouvelle pour tous ses&hellip;\n","protected":false},"author":2,"featured_media":332773,"comment_status":"","ping_status":"","sticky":false,"template":"","format":"standard","meta":{"footnotes":""},"categories":[2815],"tags":[1111,11,1777,674,1011,27,811,1307,12,25,104],"class_list":{"0":"post-332772","1":"post","2":"type-post","3":"status-publish","4":"format-standard","5":"has-post-thumbnail","7":"category-lille","8":"tag-actu","9":"tag-actualites","10":"tag-eu","11":"tag-europe","12":"tag-fr","13":"tag-france","14":"tag-hauts-de-france","15":"tag-lille","16":"tag-news","17":"tag-republique-francaise","18":"tag-societe"},"share_on_mastodon":{"url":"https:\/\/pubeurope.com\/@fr\/115063994650341154","error":""},"_links":{"self":[{"href":"https:\/\/www.europesays.com\/fr\/wp-json\/wp\/v2\/posts\/332772","targetHints":{"allow":["GET"]}}],"collection":[{"href":"https:\/\/www.europesays.com\/fr\/wp-json\/wp\/v2\/posts"}],"about":[{"href":"https:\/\/www.europesays.com\/fr\/wp-json\/wp\/v2\/types\/post"}],"author":[{"embeddable":true,"href":"https:\/\/www.europesays.com\/fr\/wp-json\/wp\/v2\/users\/2"}],"replies":[{"embeddable":true,"href":"https:\/\/www.europesays.com\/fr\/wp-json\/wp\/v2\/comments?post=332772"}],"version-history":[{"count":0,"href":"https:\/\/www.europesays.com\/fr\/wp-json\/wp\/v2\/posts\/332772\/revisions"}],"wp:featuredmedia":[{"embeddable":true,"href":"https:\/\/www.europesays.com\/fr\/wp-json\/wp\/v2\/media\/332773"}],"wp:attachment":[{"href":"https:\/\/www.europesays.com\/fr\/wp-json\/wp\/v2\/media?parent=332772"}],"wp:term":[{"taxonomy":"category","embeddable":true,"href":"https:\/\/www.europesays.com\/fr\/wp-json\/wp\/v2\/categories?post=332772"},{"taxonomy":"post_tag","embeddable":true,"href":"https:\/\/www.europesays.com\/fr\/wp-json\/wp\/v2\/tags?post=332772"}],"curies":[{"name":"wp","href":"https:\/\/api.w.org\/{rel}","templated":true}]}}