{"id":332774,"date":"2025-08-21T00:47:12","date_gmt":"2025-08-21T00:47:12","guid":{"rendered":"https:\/\/www.europesays.com\/fr\/332774\/"},"modified":"2025-08-21T00:47:12","modified_gmt":"2025-08-21T00:47:12","slug":"previsions-du-jeudi-21-aout-2025-7","status":"publish","type":"post","link":"https:\/\/www.europesays.com\/fr\/332774\/","title":{"rendered":"pr\u00e9visions du jeudi 21 ao\u00fbt 2025"},"content":{"rendered":"<p>Un beau soleil est attendu aujourd&rsquo;hui \u00e0 Marseille. Il fera 24\u00b0C en moyenne. Les valeurs s&rsquo;\u00e9chelonneront de 21 \u00e0 25\u00b0C sur l&rsquo;ensemble de la matin\u00e9e. Un vent de nord-ouest est pr\u00e9vu : il soufflera \u00e0 27 km\/h. Les temp\u00e9ratures seront comprises entre 25 et 26\u00b0C l&rsquo;apr\u00e8s-midi. Les valeurs s&rsquo;\u00e9chelonneront entre 24 et 26\u00b0C pendant la soir\u00e9e. On pr\u00e9voit une nuit claire entre jeudi et vendredi.<\/p>\n<p>Demain, les Marseillais vont pouvoir profiter d&rsquo;un soleil radieux. Les temp\u00e9ratures afficheront entre 19 et 29\u00b0C. La ville sera touch\u00e9e par un vent de nord-ouest de 25 km\/h. Il va faire environ 23\u00b0C, le matin. Demain apr\u00e8s-midi, c&rsquo;est une hausse de plusieurs degr\u00e9s que vont conna\u00eetre les temp\u00e9ratures. Les valeurs seront comprises entre 27\u00b0C et 29\u00b0C. Les temp\u00e9ratures seront de 26\u00b0C au plus bas et de 27\u00b0C au maximum la soir\u00e9e.<\/p>\n<p>Peu d&rsquo;\u00e9volutions pour la suite. On anticipe des journ\u00e9es ensoleill\u00e9es, accompagn\u00e9es par des temp\u00e9ratures dans les 27\u00b0C en moyenne.<\/p>\n<p><\/p>\n","protected":false},"excerpt":{"rendered":"Un beau soleil est attendu aujourd&rsquo;hui \u00e0 Marseille. Il fera 24\u00b0C en moyenne. Les valeurs s&rsquo;\u00e9chelonneront de 21&hellip;\n","protected":false},"author":2,"featured_media":332775,"comment_status":"","ping_status":"","sticky":false,"template":"","format":"standard","meta":{"footnotes":""},"categories":[2814],"tags":[1111,11,885,1777,674,1011,27,884,12,883,2119,882,25],"class_list":{"0":"post-332774","1":"post","2":"type-post","3":"status-publish","4":"format-standard","5":"has-post-thumbnail","7":"category-marseille","8":"tag-actu","9":"tag-actualites","10":"tag-bouches-du-rhone","11":"tag-eu","12":"tag-europe","13":"tag-fr","14":"tag-france","15":"tag-marseille","16":"tag-news","17":"tag-paca","18":"tag-previsions-meteo","19":"tag-provence-alpes-cote-dazur","20":"tag-republique-francaise"},"share_on_mastodon":{"url":"https:\/\/pubeurope.com\/@fr\/115064002545291900","error":""},"_links":{"self":[{"href":"https:\/\/www.europesays.com\/fr\/wp-json\/wp\/v2\/posts\/332774","targetHints":{"allow":["GET"]}}],"collection":[{"href":"https:\/\/www.europesays.com\/fr\/wp-json\/wp\/v2\/posts"}],"about":[{"href":"https:\/\/www.europesays.com\/fr\/wp-json\/wp\/v2\/types\/post"}],"author":[{"embeddable":true,"href":"https:\/\/www.europesays.com\/fr\/wp-json\/wp\/v2\/users\/2"}],"replies":[{"embeddable":true,"href":"https:\/\/www.europesays.com\/fr\/wp-json\/wp\/v2\/comments?post=332774"}],"version-history":[{"count":0,"href":"https:\/\/www.europesays.com\/fr\/wp-json\/wp\/v2\/posts\/332774\/revisions"}],"wp:featuredmedia":[{"embeddable":true,"href":"https:\/\/www.europesays.com\/fr\/wp-json\/wp\/v2\/media\/332775"}],"wp:attachment":[{"href":"https:\/\/www.europesays.com\/fr\/wp-json\/wp\/v2\/media?parent=332774"}],"wp:term":[{"taxonomy":"category","embeddable":true,"href":"https:\/\/www.europesays.com\/fr\/wp-json\/wp\/v2\/categories?post=332774"},{"taxonomy":"post_tag","embeddable":true,"href":"https:\/\/www.europesays.com\/fr\/wp-json\/wp\/v2\/tags?post=332774"}],"curies":[{"name":"wp","href":"https:\/\/api.w.org\/{rel}","templated":true}]}}