{"id":332776,"date":"2025-08-21T00:48:19","date_gmt":"2025-08-21T00:48:19","guid":{"rendered":"https:\/\/www.europesays.com\/fr\/332776\/"},"modified":"2025-08-21T00:48:19","modified_gmt":"2025-08-21T00:48:19","slug":"un-cycliste-grievement-blesse-dans-un-accident-avec-un-automobiliste","status":"publish","type":"post","link":"https:\/\/www.europesays.com\/fr\/332776\/","title":{"rendered":"un cycliste gri\u00e8vement bless\u00e9 dans un accident avec un automobiliste"},"content":{"rendered":"<p itemprop=\"description\"><strong>L&rsquo;accident s&rsquo;est produit ce mardi en fin d&rsquo;apr\u00e8s-midi dans le 4e arrondissement de Lyon.<\/strong><\/p>\n<p>Vers 18h30, dans la mont\u00e9e des Esses au niveau du virage de la rue de la Poudri\u00e8re, un cycliste et un automobiliste sont entr\u00e9s en collision dans des circonstances encore floues.<\/p>\n<p>Le cycliste a \u00e9t\u00e9 hospitalis\u00e9 dans un \u00e9tat grave.<\/p>\n<p>Une enqu\u00eate a \u00e9t\u00e9 ouverte, elle devra faire toute la lumi\u00e8re sur cet accident qui s&rsquo;est d\u00e9roul\u00e9 sur un axe o\u00f9 v\u00e9los et voitures sont oblig\u00e9s de cohabiter dans le sens de la descente, tandis qu&rsquo;une voie s\u00e9par\u00e9e cyclable est disponible dans le sens de la mont\u00e9e vers le plateau de la Croix-Rousse.<\/p>\n","protected":false},"excerpt":{"rendered":"L&rsquo;accident s&rsquo;est produit ce mardi en fin d&rsquo;apr\u00e8s-midi dans le 4e arrondissement de Lyon. Vers 18h30, dans la&hellip;\n","protected":false},"author":2,"featured_media":332777,"comment_status":"","ping_status":"","sticky":false,"template":"","format":"standard","meta":{"footnotes":""},"categories":[1889],"tags":[1111,11,2813,2190,2430,1109,251,1112,2811,1777,674,118,1011,27,1922,1110,1114,2428,2810,12,241,316,25,2812,517,800],"class_list":{"0":"post-332776","1":"post","2":"type-post","3":"status-publish","4":"format-standard","5":"has-post-thumbnail","7":"category-lyon","8":"tag-actu","9":"tag-actualites","10":"tag-article","11":"tag-asvel","12":"tag-auvergne-rhone-alpes","13":"tag-breves","14":"tag-culture","15":"tag-depeches","16":"tag-economique","17":"tag-eu","18":"tag-europe","19":"tag-faits-divers","20":"tag-fr","21":"tag-france","22":"tag-info","23":"tag-informations","24":"tag-infos","25":"tag-lyon","26":"tag-lyonmag","27":"tag-news","28":"tag-ol","29":"tag-politique","30":"tag-republique-francaise","31":"tag-sociale","32":"tag-sport","33":"tag-transports"},"share_on_mastodon":{"url":"https:\/\/pubeurope.com\/@fr\/115064006495929527","error":""},"_links":{"self":[{"href":"https:\/\/www.europesays.com\/fr\/wp-json\/wp\/v2\/posts\/332776","targetHints":{"allow":["GET"]}}],"collection":[{"href":"https:\/\/www.europesays.com\/fr\/wp-json\/wp\/v2\/posts"}],"about":[{"href":"https:\/\/www.europesays.com\/fr\/wp-json\/wp\/v2\/types\/post"}],"author":[{"embeddable":true,"href":"https:\/\/www.europesays.com\/fr\/wp-json\/wp\/v2\/users\/2"}],"replies":[{"embeddable":true,"href":"https:\/\/www.europesays.com\/fr\/wp-json\/wp\/v2\/comments?post=332776"}],"version-history":[{"count":0,"href":"https:\/\/www.europesays.com\/fr\/wp-json\/wp\/v2\/posts\/332776\/revisions"}],"wp:featuredmedia":[{"embeddable":true,"href":"https:\/\/www.europesays.com\/fr\/wp-json\/wp\/v2\/media\/332777"}],"wp:attachment":[{"href":"https:\/\/www.europesays.com\/fr\/wp-json\/wp\/v2\/media?parent=332776"}],"wp:term":[{"taxonomy":"category","embeddable":true,"href":"https:\/\/www.europesays.com\/fr\/wp-json\/wp\/v2\/categories?post=332776"},{"taxonomy":"post_tag","embeddable":true,"href":"https:\/\/www.europesays.com\/fr\/wp-json\/wp\/v2\/tags?post=332776"}],"curies":[{"name":"wp","href":"https:\/\/api.w.org\/{rel}","templated":true}]}}