{"id":332778,"date":"2025-08-21T00:49:15","date_gmt":"2025-08-21T00:49:15","guid":{"rendered":"https:\/\/www.europesays.com\/fr\/332778\/"},"modified":"2025-08-21T00:49:15","modified_gmt":"2025-08-21T00:49:15","slug":"un-paysagiste-se-filme-en-train-de-tailler-les-espaces-verts-de-la-ville-et-sattire-les-foudres-des-elus-ecologistes","status":"publish","type":"post","link":"https:\/\/www.europesays.com\/fr\/332778\/","title":{"rendered":"un paysagiste se filme en train de tailler les espaces verts de la ville et s\u2019attire les foudres des \u00e9lus \u00e9cologistes"},"content":{"rendered":"<p>Les coupes tardives et tontes raisonn\u00e9es mises en place par les \u00e9lus \u00e9cologistes dans les espaces verts lyonnais font partie d\u2019un plan de v\u00e9g\u00e9talisation plus large pour rafra\u00eechir la ville et y ramener de la biodiversit\u00e9.<\/p>\n<p class=\"fig-paragraph\">Sur Instagram, il se filme en train de reprendre bordures et massifs herbeux jug\u00e9s mal entretenus par la collectivit\u00e9. Sous la torpeur de la canicule lyonnaise, il n\u2019en fallait pas plus pour que Robin Gervais fasse irruption dans le d\u00e9bat public avec son rotofil. Ce jeune paysagiste lyonnais dit avoir voulu agir pour sa ville, aider \u00e0 sa mani\u00e8re les agents des espaces verts mais aussi faire un peu de publicit\u00e9 pour son entreprise, lanc\u00e9e en d\u00e9but d\u2019ann\u00e9e.<\/p>\n<p class=\"fig-paragraph\">Les riverains film\u00e9s dans les vid\u00e9os semblent saluer l\u2019initiative. \u00c0 quelques mois des \u00e9lections, les tontes impeccables du jeune homme ont aussi \u00e9t\u00e9 applaudies par l\u2019opposition aux\u00a0<a href=\"http:\/\/www.lefigaro.fr\/lyon\/lyon-combien-coutent-vraiment-les-reunions-de-fin-de-mandat-des-ecologistes-20250522\" data-fig-type=\"NewsFlash\" data-gtm-custom-categorie=\"navigation\" data-gtm-custom-action=\"crossclick\" data-gtm-custom-label=\"Contextuel\" data-gtm-event=\"customEventSPE\" data-fig-domain=\"LEFIGARO\" rel=\"nofollow noopener\" target=\"_blank\">\u00e9lus \u00e9cologistes<\/a>, \u00e0 la t\u00eate de la m\u00e9tropole et de la ville. Du\u00a0<a href=\"http:\/\/www.lefigaro.fr\/elections\/municipales\/au-plus-tard-en-septembre-a-lyon-la-candidature-d-aulas-se-precise-pour-les-municipales-20250704\" data-fig-type=\"NewsFlash\" data-gtm-custom-categorie=\"navigation\" data-gtm-custom-action=\"crossclick\" data-gtm-custom-label=\"Contextuel\" data-gtm-event=\"customEventSPE\" data-fig-domain=\"LEFIGARO\" rel=\"nofollow noopener\" target=\"_blank\">toujours pas d\u00e9clar\u00e9 candidat Jean-Michel Aulas<\/a>\u00a0aux repr\u00e9sentants LR ou Renaissance, ils pointent du doigt l\u2019aspect n\u00e9glig\u00e9 de certains espaces plant\u00e9s, laiss\u00e9s volontairement plus longs.<\/p>\n<p>                                    <a class=\"fig-a11y-skip a11y-hidden\" href=\"#fig-a11y-skip-main-inarticle\"><br \/>\n        Passer la publicit\u00e9<br \/>\n    <\/a><\/p>\n<p>Des plantes pour rafra\u00eechir la ville<\/p>\n<p class=\"fig-paragraph\">En m\u00eame temps qu\u2019une forte acc\u00e9l\u00e9ration des plantations, les \u00e9cologistes ont op\u00e9r\u00e9 un changement de paradigme sur les coupes v\u00e9g\u00e9tales \u00e0 leur arriv\u00e9e aux manettes en 2020. Plus tardives, elles sont aussi raisonn\u00e9es et diff\u00e9renci\u00e9es en fonction des secteurs, rappelle\u00a0<a href=\"http:\/\/www.lefigaro.fr\/lyon\/a-lyon-2000-arbres-vont-etre-distribues-gratuitement-a-des-particuliers-20240916\" data-fig-type=\"NewsFlash\" data-gtm-custom-categorie=\"navigation\" data-gtm-custom-action=\"crossclick\" data-gtm-custom-label=\"Contextuel\" data-gtm-event=\"customEventSPE\" data-fig-domain=\"LEFIGARO\" rel=\"nofollow noopener\" target=\"_blank\">Pierre Athanaze<\/a>\u00a0(EELV), vice-pr\u00e9sident en charge de la nature en ville \u00e0 la m\u00e9tropole, v\u00e9ritable monsieur Arbres du Grand Lyon. \u00abLes espaces verts lyonnais ne sont pas abandonn\u00e9s, mart\u00e8le-t-il au Figaro. Il y a des zones \u00e9tablies dont certaines avec un entretien intensif, devant les \u00e9glises, les ch\u00e2teaux ou les mairies par exemple ; et d\u2019autres moins\u00bb.<\/p>\n<p class=\"fig-paragraph\">Un choix d\u00e9lib\u00e9r\u00e9 donc, pour rafra\u00eechir les villes face \u00e0 la multiplication des \u00e9pisodes caniculaires et favoriser la biodiversit\u00e9. \u00abCe n\u2019est pas un choix dogmatique, puisque nous avons pu objectiver cet effet sur le boulevard Garibaldi avec une baisse des temp\u00e9ratures de 7\u00b0C en p\u00e9riode de canicule, ainsi que l\u2019accroissement du nombre d\u2019esp\u00e8ces v\u00e9g\u00e9tales et d\u2019insectes pollinisateurs, poursuit Pierre Athanaze. Si on attaque au rotofil, on n\u2019a pas ces degr\u00e9s en moins ni cette biodiversit\u00e9 qui revient\u00bb. Il rappelle que 80.000 arbres ont \u00e9t\u00e9 plant\u00e9s cette ann\u00e9e dans la m\u00e9tropole avec un taux de mortalit\u00e9 plus faible que la moyenne nationale, de l\u2019ordre de \u00ab3 \u00e0 4%\u00bb.<\/p>\n<p>Les \u00abfriches\u00bb, pas chic\u00a0?<\/p>\n<p class=\"fig-paragraph\">\u00ab\u00c7a me parle beaucoup ces prairies et tontes raisonn\u00e9es, mais il y a aussi cette th\u00e9orie de la vitre bris\u00e9e, \u00e0 savoir qu\u2019un endroit d\u00e9grad\u00e9 favorise plus de d\u00e9gradations\u00bb, r\u00e9pond Robin Gervais aupr\u00e8s du Figaro. Il dit se positionner en \u00absoutien\u00bb des \u00e9quipes de la m\u00e9tropole et de la ville, dont il ne fait pas partie. Le paysagiste de 33 ans assure viser les \u00ablieux de passage\u00bb, comme ce point de la place des Tapis, \u00e0 la Croix-Rousse, o\u00f9 il a tourn\u00e9 de sa premi\u00e8re vid\u00e9o.<\/p>\n<p class=\"fig-paragraph\">\u00abJ\u2019aime bien y boire un verre avec des amis mais l\u00e0 j\u2019\u00e9tais vraiment interloqu\u00e9 par ce passage alors que le reste de la place \u00e9tait bien entretenu, je voyais aussi des bouts de verre et des enfants qui jouaient autour, raconte-t-il. Je me suis dit que j\u2019allais le faire, \u00e7a m\u2019a pris une heure\u00bb. Il a ressorti son rotofil depuis sur l\u2019aire de covoiturage du quai Gailleton, \u00abpoint d\u2019entr\u00e9e de Lyon\u00bb laiss\u00e9 \u00aben friche\u00bb selon lui, en reprenant les bordures et massif. Et taill\u00e9 les plantes grimpantes le long des murs du 9e arrondissement.<\/p>\n<p>\u00abOn ne fait plus cela depuis 20 ans\u00bb<\/p>\n<p class=\"fig-paragraph\">\u00abFaucher comme cela des herbes de 20 \u00e0 25 centim\u00e8tres alors qu\u2019il va pleuvoir la semaine suivante emp\u00eache la capacit\u00e9 \u00e0 refleurir et \u00e0 accueillir de la biodiversit\u00e9, objecte Pierre Athanaze. On ne fait plus cela depuis 20 ans\u00bb. Si les deux parties reconnaissent ne pas d\u00e9tenir de v\u00e9rit\u00e9 absolue, le monsieur Arbres du Grand Lyon regrette surtout la mise en sc\u00e8ne et la m\u00e9thode. \u00abCe n\u2019est pas comme cela qu\u2019on fonctionne. Si quelqu\u2019un veut voir tous les bancs de la m\u00e9tropole peints en bleu parce que cela lui pla\u00eet, il va prendre son pinceau une nuit\u00a0? Et le lendemain un autre les voudra jaunes.\u00bb<\/p>\n<p class=\"fig-body-link\">\n            \u00c0 lire aussi<br \/>\n        <a class=\"fig-body-link__link\" href=\"http:\/\/www.lefigaro.fr\/lyon\/nous-sommes-la-collectivite-qui-plante-le-plus-en-france-50-000-arbres-supplementaires-pour-rafraichir-lyon-20240515\" data-fig-type=\"NewsFlash\" data-gtm-custom-categorie=\"navigation\" data-gtm-custom-action=\"crossclick\" data-gtm-custom-label=\"Contextuel\" data-gtm-event=\"customEventSPE\" data-fig-domain=\"LEFIGARO\" rel=\"nofollow noopener\" target=\"_blank\">\u00abNous sommes la collectivit\u00e9 qui plante le plus en France\u00bb\u00a0: 50.000 arbres suppl\u00e9mentaires pour rafra\u00eechir Lyon<br \/>\n    <\/a>\n<\/p>\n<p>                                    <a class=\"fig-a11y-skip a11y-hidden\" href=\"#fig-a11y-skip-main-inarticle_mtf\"><br \/>\n        Passer la publicit\u00e9<br \/>\n    <\/a><\/p>\n<p class=\"fig-paragraph\">Un \u00e9lu \u00e9cologiste d\u2019arrondissement a m\u00eame qualifi\u00e9 ces interventions d\u2019actes de \u00abvandalisme\u00bb. \u00abIl a arrach\u00e9 des arbustes en bonne sant\u00e9, effectu\u00e9 une taille rase en pleine canicule qui a d\u00e9truit les vivaces et laisse la terre se dess\u00e9cher et la place aux mauvaises herbes, cingle ainsi Quentin Carpentier (EELV) sur le r\u00e9seau social X. Son intervention va g\u00e9n\u00e9rer une d\u00e9pense publique suppl\u00e9mentaire pour remettre en \u00e9tat les plantations\u00bb.<\/p>\n","protected":false},"excerpt":{"rendered":"Les coupes tardives et tontes raisonn\u00e9es mises en place par les \u00e9lus \u00e9cologistes dans les espaces verts lyonnais&hellip;\n","protected":false},"author":2,"featured_media":332779,"comment_status":"","ping_status":"","sticky":false,"template":"","format":"standard","meta":{"footnotes":""},"categories":[1889],"tags":[1111,11,2430,2339,1777,674,1011,27,2428,12,25],"class_list":{"0":"post-332778","1":"post","2":"type-post","3":"status-publish","4":"format-standard","5":"has-post-thumbnail","7":"category-lyon","8":"tag-actu","9":"tag-actualites","10":"tag-auvergne-rhone-alpes","11":"tag-ecologistes","12":"tag-eu","13":"tag-europe","14":"tag-fr","15":"tag-france","16":"tag-lyon","17":"tag-news","18":"tag-republique-francaise"},"share_on_mastodon":{"url":"https:\/\/pubeurope.com\/@fr\/115064010346023713","error":""},"_links":{"self":[{"href":"https:\/\/www.europesays.com\/fr\/wp-json\/wp\/v2\/posts\/332778","targetHints":{"allow":["GET"]}}],"collection":[{"href":"https:\/\/www.europesays.com\/fr\/wp-json\/wp\/v2\/posts"}],"about":[{"href":"https:\/\/www.europesays.com\/fr\/wp-json\/wp\/v2\/types\/post"}],"author":[{"embeddable":true,"href":"https:\/\/www.europesays.com\/fr\/wp-json\/wp\/v2\/users\/2"}],"replies":[{"embeddable":true,"href":"https:\/\/www.europesays.com\/fr\/wp-json\/wp\/v2\/comments?post=332778"}],"version-history":[{"count":0,"href":"https:\/\/www.europesays.com\/fr\/wp-json\/wp\/v2\/posts\/332778\/revisions"}],"wp:featuredmedia":[{"embeddable":true,"href":"https:\/\/www.europesays.com\/fr\/wp-json\/wp\/v2\/media\/332779"}],"wp:attachment":[{"href":"https:\/\/www.europesays.com\/fr\/wp-json\/wp\/v2\/media?parent=332778"}],"wp:term":[{"taxonomy":"category","embeddable":true,"href":"https:\/\/www.europesays.com\/fr\/wp-json\/wp\/v2\/categories?post=332778"},{"taxonomy":"post_tag","embeddable":true,"href":"https:\/\/www.europesays.com\/fr\/wp-json\/wp\/v2\/tags?post=332778"}],"curies":[{"name":"wp","href":"https:\/\/api.w.org\/{rel}","templated":true}]}}