{"id":332782,"date":"2025-08-21T00:53:26","date_gmt":"2025-08-21T00:53:26","guid":{"rendered":"https:\/\/www.europesays.com\/fr\/332782\/"},"modified":"2025-08-21T00:53:26","modified_gmt":"2025-08-21T00:53:26","slug":"frayeur-sur-un-vol-paris-ajaccio-cinq-personnes-blessees-a-cause-de-fortes-turbulences","status":"publish","type":"post","link":"https:\/\/www.europesays.com\/fr\/332782\/","title":{"rendered":"Frayeur sur un vol Paris-Ajaccio : cinq personnes bless\u00e9es \u00e0 cause de fortes turbulences"},"content":{"rendered":"<p>Un voyage cors\u00e9. Les passagers d\u2019un <a href=\"https:\/\/www.capital.fr\/entreprises-marches\/air-france-touche-par-une-fuite-de-donnees-etes-vous-concerne-1517028\" rel=\"nofollow noopener\" target=\"_blank\">vol Air France<\/a> reliant <strong>Paris-Orly \u00e0 Ajaccio<\/strong>, mercredi 20 ao\u00fbt, ont v\u00e9cu un moment de panique \u00e0 bord de leur avion. De fortes turbulences ont \u00e9t\u00e9 ressenties dans les airs lors de la travers\u00e9e d\u2019orages violents pendant la croisi\u00e8re\u00bb, a indiqu\u00e9 Air France <a href=\"https:\/\/www.leparisien.fr\/corse-du-sud-2a\/cinq-personnes-blessees-apres-de-fortes-turbulences-lors-dun-vol-paris-ajaccio-20-08-2025-5AMTVU7CMNETXAMAWK5NM6QUSY.php\" rel=\"nofollow noopener\" target=\"_blank\">au Parisien<\/a>.<\/p>\n<p>Sur les <strong>143 passagers \u00e0 bord<\/strong>, deux d\u2019entre eux ont \u00e9t\u00e9 bless\u00e9s <a href=\"https:\/\/www.capital.fr\/economie-politique\/un-vol-air-france-paris-dakar-fait-demi-tour-apres-lagression-dun-membre-dequipage-1517283\" rel=\"nofollow noopener\" target=\"_blank\">\u00e0 la suite de l\u2019incident<\/a>. Trois membres de l\u2019\u00e9quipage ont \u00e9galement \u00e9t\u00e9 bless\u00e9s durant le vol. Mais, plus de peur de mal, puisque les pilotes ont pu anticiper la gestion de l\u2019incident en amont de l\u2019arriv\u00e9e de l\u2019avion.<\/p>\n<p>Une prise en charge rapide des secours<\/p>\n<p>En effet, les pilotes ont demand\u00e9 l\u2019assistance des \u00e9quipes m\u00e9dicales d\u2019urgence de l\u2019a\u00e9roport d\u2019Ajaccio. <strong>Sur place \u00e0 l\u2019atterrissage de l\u2019appareil<\/strong>, les secours ont alors pris en charge les bless\u00e9s. Les 141 autres passagers ainsi que l\u2019autre membre du personnel de bord ont \u00e9t\u00e9 accueillis par les \u00e9quipes d\u2019Air France, qui \u00ableur ont propos\u00e9 leur assistance\u00bb.<\/p>\n<p>\u00abAir France rappelle que la s\u00e9curit\u00e9 de ses clients et de ses membres d\u2019\u00e9quipage est sa priorit\u00e9 absolue\u00bb, d\u00e9clare la compagnie, dans un communiqu\u00e9 de presse.<\/p>\n","protected":false},"excerpt":{"rendered":"Un voyage cors\u00e9. Les passagers d\u2019un vol Air France reliant Paris-Orly \u00e0 Ajaccio, mercredi 20 ao\u00fbt, ont v\u00e9cu&hellip;\n","protected":false},"author":2,"featured_media":332783,"comment_status":"","ping_status":"","sticky":false,"template":"","format":"standard","meta":{"footnotes":""},"categories":[1888],"tags":[1111,1928,11,1927,1777,674,1011,27,12,1926,626,1925,25],"class_list":{"0":"post-332782","1":"post","2":"type-post","3":"status-publish","4":"format-standard","5":"has-post-thumbnail","7":"category-paris","8":"tag-actu","9":"tag-actu-paris","10":"tag-actualites","11":"tag-actualites-paris","12":"tag-eu","13":"tag-europe","14":"tag-fr","15":"tag-france","16":"tag-news","17":"tag-news-paris","18":"tag-paris","19":"tag-paris-news","20":"tag-republique-francaise"},"share_on_mastodon":{"url":"https:\/\/pubeurope.com\/@fr\/115064026154063374","error":""},"_links":{"self":[{"href":"https:\/\/www.europesays.com\/fr\/wp-json\/wp\/v2\/posts\/332782","targetHints":{"allow":["GET"]}}],"collection":[{"href":"https:\/\/www.europesays.com\/fr\/wp-json\/wp\/v2\/posts"}],"about":[{"href":"https:\/\/www.europesays.com\/fr\/wp-json\/wp\/v2\/types\/post"}],"author":[{"embeddable":true,"href":"https:\/\/www.europesays.com\/fr\/wp-json\/wp\/v2\/users\/2"}],"replies":[{"embeddable":true,"href":"https:\/\/www.europesays.com\/fr\/wp-json\/wp\/v2\/comments?post=332782"}],"version-history":[{"count":0,"href":"https:\/\/www.europesays.com\/fr\/wp-json\/wp\/v2\/posts\/332782\/revisions"}],"wp:featuredmedia":[{"embeddable":true,"href":"https:\/\/www.europesays.com\/fr\/wp-json\/wp\/v2\/media\/332783"}],"wp:attachment":[{"href":"https:\/\/www.europesays.com\/fr\/wp-json\/wp\/v2\/media?parent=332782"}],"wp:term":[{"taxonomy":"category","embeddable":true,"href":"https:\/\/www.europesays.com\/fr\/wp-json\/wp\/v2\/categories?post=332782"},{"taxonomy":"post_tag","embeddable":true,"href":"https:\/\/www.europesays.com\/fr\/wp-json\/wp\/v2\/tags?post=332782"}],"curies":[{"name":"wp","href":"https:\/\/api.w.org\/{rel}","templated":true}]}}