{"id":332786,"date":"2025-08-21T00:55:18","date_gmt":"2025-08-21T00:55:18","guid":{"rendered":"https:\/\/www.europesays.com\/fr\/332786\/"},"modified":"2025-08-21T00:55:18","modified_gmt":"2025-08-21T00:55:18","slug":"leurs-vacances-heureuses-avant-lheureux-evenement","status":"publish","type":"post","link":"https:\/\/www.europesays.com\/fr\/332786\/","title":{"rendered":"leurs vacances heureuses\u2026 avant l&rsquo;heureux \u00e9v\u00e9nement"},"content":{"rendered":"<p>Un b\u00e9b\u00e9 vaut tous les diamants du monde. Pour leurs 10\u202fans de mariage, <a href=\"https:\/\/www.parismatch.com\/bio\/beatrice-borromeo\" rel=\"nofollow noopener\" target=\"_blank\">Beatrice Borromeo<\/a>\u00a0et <a href=\"https:\/\/www.parismatch.com\/bio\/pierre-casiraghi\" rel=\"nofollow noopener\" target=\"_blank\">Pierre Casiraghi<\/a> s\u2019offrent un cadeau \u00e9ternel, le plus pr\u00e9cieux\u2009: un troisi\u00e8me enfant. La naissance est pr\u00e9vue pour le d\u00e9but de l\u2019automne. En attendant, le couple et ses deux gar\u00e7ons, Stefano, 8\u202fans, et Francesco, 7\u202fans, ont profit\u00e9 de leurs derni\u00e8res vacances \u00e0 quatre sur le \u00ab\u2009Pacha III\u2009\u00bb, le yacht de <a href=\"https:\/\/www.parismatch.com\/bio\/caroline-de-monaco\" rel=\"nofollow noopener\" target=\"_blank\">Caroline de Monaco<\/a>, o\u00f9 Pierre, le benjamin de la fratrie, <a href=\"https:\/\/www.parismatch.com\/bio\/andrea-casiraghi\" rel=\"nofollow noopener\" target=\"_blank\">Andrea<\/a>, l\u2019a\u00een\u00e9, et <a href=\"https:\/\/www.parismatch.com\/bio\/charlotte-casiraghi\" rel=\"nofollow noopener\" target=\"_blank\">Charlotte<\/a>, la cadette, ont v\u00e9cu ensemble tant d\u2019\u00e9t\u00e9s. Cap sur le golfe de Saint-Tropez o\u00f9, pendant que Beatrice m\u00e9nage ses forces, Pierre enseigne \u00e0 ses h\u00e9ritiers les plus belles fa\u00e7ons de se jeter \u00e0 l\u2019eau. De l\u2019art de savoir faire des bombes\u2026 sans jamais faire de vagues.<\/p>\n<p>Discr\u00e9tion et fid\u00e9lit\u00e9 aux valeurs familiales\u2009: telle est la devise de cette tribu mod\u00e8le dont les racines s\u2019ancrent dans l\u2019Histoire. Beatrice appartient \u00e0 une illustre maison de Lombardie connue depuis\u202f1400, Pierre est l\u2019un des descendants d\u2019une dynastie remontant \u00e0 la fin du XIIIe\u202fsi\u00e8cle. \u00c0 l\u2019abri des remous, ils perp\u00e9tuent sereinement l\u2019\u00e9clat de leurs lign\u00e9es s\u00e9culaires. Et, avant que les babillements d\u2019un nouveau venu ne viennent chahuter son quotidien, le couple prend enfin le temps de se retrouver. Pierre a pass\u00e9 les six derniers mois outre-Manche pour un entra\u00eenement intensif\u2009: passionn\u00e9 de voile depuis des ann\u00e9es, il a disput\u00e9 avec succ\u00e8s la prestigieuse Rolex Fastnet Race, qui f\u00eatait cette ann\u00e9e son centenaire. \u00ab\u2009Je sais d\u00e9j\u00e0 que Pierre essaiera d\u2019apprendre \u00e0 Stefano la navigation\u2009\u00bb, confiait Beatrice, lucide et amoureuse, en 2017 au \u00ab\u2009Corriere della Sera\u2009\u00bb, apr\u00e8s la naissance de leur a\u00een\u00e9.<\/p>\n<p>Pour assouvir sa soif de comp\u00e9tition, Pierre a renonc\u00e9 aux \u00e9v\u00e9nements phares de la Principaut\u00e9, du Bal de la rose au Grand Prix de Monaco, jusqu\u2019aux c\u00e9l\u00e9brations des 20\u202fans de r\u00e8gne de son oncle. Une absence qui lui a valu un troph\u00e9e, celui de l\u2019Admiral\u2019s Cup, une course de voiliers au large du Royaume-Uni. \u00c0 d\u00e9faut d\u2019avoir foul\u00e9 les paddocks cette ann\u00e9e, cet amateur de vitesse, qui sacre les vainqueurs du Grand Prix aux c\u00f4t\u00e9s d\u2019Albert II, a fait monter sur le pont cet \u00e9t\u00e9 le pilote mon\u00e9gasque Charles Leclerc ainsi que son fr\u00e8re, Lorenzo Tolotta-Leclerc.<\/p>\n<p>    <img decoding=\"async\" src=\"https:\/\/www.europesays.com\/fr\/wp-content\/uploads\/2025\/08\/sc_sc_605499_ltp3635483.jpg\" alt=\"Beatrice a officialis\u00e9 sa grossesse lors du d\u00e9fil\u00e9 Dior, la marque dont elle est l\u2019une des \u00e9g\u00e9ries, le 27 mai 2025.\" loading=\"lazy\"\/><\/p>\n<p>\n      Beatrice a officialis\u00e9 sa grossesse lors du d\u00e9fil\u00e9 Dior, la marque dont elle est l\u2019une des \u00e9g\u00e9ries, le 27 mai 2025.<\/p>\n<p>                                \u00a9 DR<\/p>\n<p>Ce n\u2019est pas parce que l\u2019on a pour mari un as de la navigation que l\u2019on est pour autant une femme de marin. Loin de Pierre, Beatrice a tenu la barre, r\u00e9pondant pr\u00e9sent \u00e0 tous les grands rendez-vous du Rocher. Dans le sillage de sa belle-m\u00e8re, elle travaille b\u00e9n\u00e9volement pour la Croix-Rouge et participe m\u00eame aux visites officielles, notamment dans des camps de r\u00e9fugi\u00e9s install\u00e9s \u00e0 la fronti\u00e8re franco-italienne. Celle qui a grandi dans les somptueux palais des \u00eeles Borrom\u00e9es du lac Majeur n\u2019a jamais eu peur de s\u2019aventurer sur les terrains les plus glissants. Apr\u00e8s une courte carri\u00e8re de mannequin, licence de droit et d\u2019\u00e9conomie en poche, l\u2019Italienne part \u00e9tudier le journalisme \u00e0 la facult\u00e9 new-yorkaise de Columbia. De retour en \u00adItalie, elle int\u00e8gre la t\u00e9l\u00e9vision publique puis participe \u00e0 la cr\u00e9ation d\u2019un journal anti-Berlusconi. \u00ab\u2009J\u2019ai beaucoup \u00e9crit sur lui et je l\u2019ai aussi beaucoup critiqu\u00e9, quand je travaillais \u00e0 la t\u00e9l\u00e9vision, d\u00e9clarait-elle dans Paris Match en 2023, apr\u00e8s la mort du Cavaliere. Mais enfin il y avait des raisons de le faire, non\u2009?\u2009\u00bb<\/p>\n<p>    <img decoding=\"async\" src=\"https:\/\/www.europesays.com\/fr\/wp-content\/uploads\/2025\/08\/sc_sc_605499_ltp3635501.jpg\" alt=\"\u00c0 bord du yacht \u00abPacha III\u00bb, le plaisir tient la corde B.a.-ba du bon navigateur: le mont\u00e9e de corde. \u00c0 37 ans, Pierre Casiraghi, marin aguerri, est vice-pr\u00e9sident du Yacht Club de Monaco. Il est aussi un excellent professeur pour son fils Francesco. \u00c0 g., leur ami S\u00e9bastien Jondeau, mannequin et ancien garde du corps de Karl Lagerfeld.\" loading=\"lazy\"\/><\/p>\n<p>\n      \u00c0 bord du yacht \u00abPacha III\u00bb, le plaisir tient la corde B.a.-ba du bon navigateur: le mont\u00e9e de corde. \u00c0 37 ans, Pierre Casiraghi, marin aguerri, est vice-pr\u00e9sident du Yacht Club de Monaco. Il est aussi un excellent professeur pour son fils Francesco. \u00c0 g., leur ami S\u00e9bastien Jondeau, mannequin et ancien garde du corps de Karl Lagerfeld.<\/p>\n<p>                                \u00a9 DR<\/p>\n<p>Sourire doux et t\u00eate dure, cette journaliste engag\u00e9e n\u2019a pas h\u00e9sit\u00e9 \u00e0 attaquer Berlusconi et \u00e0 enqu\u00eater sur la mafia<\/p>\n<p>Sourire doux et t\u00eate dure, elle n\u2019h\u00e9site pas non plus \u00e0 d\u00e9fier la mafia calabraise, r\u00e9alisant des documentaires sur les femmes de la \u2019Ndrangheta. Sa derni\u00e8re enqu\u00eate, \u00ab\u2009Dans l\u2019ombre du tr\u00f4ne. \u00adVictor-Emmanuel de Savoie\u2009\u00bb, diffus\u00e9e sur Netflix en trois volets \u00e0 l\u2019\u00e9t\u00e9 2023, l\u2019a obs\u00e9d\u00e9e \u2013\u00a0et occup\u00e9e\u00a0\u2013 pendant trois ans. Avec l\u2019aide de Pierre, elle a fond\u00e9 sa propre soci\u00e9t\u00e9 de production, Astrea Films, et projette, quand ses responsabilit\u00e9s maternelles lui en laisseront le temps, de retracer la saga de la Principaut\u00e9. \u00ab\u2009J\u2019ai voulu \u00eatre journaliste pour lutter contre les injustices\u2009\u00bb, confie celle qui esp\u00e8re voir ses enfants reprendre le flambeau. \u00ab\u2009Quoi qu\u2019il choisisse, je voudrais que \u00adStefano trouve le moyen d\u2019avoir un impact positif sur le monde\u2009\u00bb, d\u00e9clarait, en 2017, la jeune m\u00e8re. Engag\u00e9, le couple l\u2019est aussi dans la vie mon\u00e9gasque. Alors qu\u2019Andrea et \u00adCharlotte naviguent entre Monaco, Londres et Paris, eux ont choisi de s\u2019installer sur le Rocher, o\u00f9 leurs gar\u00e7ons sont scolaris\u00e9s. Pierre est d\u2019ailleurs actionnaire majoritaire de l\u2019entreprise de BTP fond\u00e9e par son p\u00e8re et vice-pr\u00e9sident du Yacht Club mon\u00e9gasque. Mais pas question de mener une vie hors-sol\u2009: \u00ab\u2009Ici, on peut facilement oublier le reste du monde, mais nous n\u2019y resterons pas toujours, confiait \u00adBeatrice Borromeo \u00e0 \u201cLib\u00e9ration\u201d il y a deux ans. Je ne veux pas faire grandir nos enfants dans une bulle.\u2009\u00bb<\/p>\n<p>    La suite apr\u00e8s cette publicit\u00e9<\/p>\n<p>    <img decoding=\"async\" src=\"https:\/\/www.europesays.com\/fr\/wp-content\/uploads\/2025\/08\/sc_sc_00718949_000056.jpg\" alt=\"Beatrice Borromeo et Pierre Casiraghi sur le pont du bateau, des amoureux qui viennent de f\u00eater leurs 10 ans de mariage.\" loading=\"lazy\"\/><\/p>\n<p>\n      Beatrice Borromeo et Pierre Casiraghi sur le pont du bateau, des amoureux qui viennent de f\u00eater leurs 10 ans de mariage.<\/p>\n<p>                                \u00a9 DR<\/p>\n<p>En son temps, Caroline, d\u00e9j\u00e0, en \u00e9tait arriv\u00e9e aux m\u00eames conclusions, emmenant la fratrie orpheline loin des fastes et des mirages de Monaco. En 1990, \u00e0 Saint-R\u00e9my-de-\u00adProvence, la princesse avait trouv\u00e9 refuge entre les murs \u00e9pais d\u2019une bergerie du XVIIe\u202fsi\u00e8cle apr\u00e8s la disparition tragique de son deuxi\u00e8me mari, \u00adStefano \u00adCasiraghi. Pierre et Beatrice ont d\u2019ailleurs baptis\u00e9 leur premier fils du pr\u00e9nom de son grand-p\u00e8re. Par espoir, plus que par devoir. Pour eux, le pass\u00e9 est terreau d\u2019avenir\u2009; la m\u00e9moire de ceux qui ont pr\u00e9c\u00e9d\u00e9, une fa\u00e7on de perp\u00e9tuer la l\u00e9gende.<\/p>\n<p>Comme Grace Kelly, elle \u00e9blouit le Rocher \u00e0 chacune de ses apparitions<\/p>\n<p>Certes, le couple ne sera jamais appel\u00e9 \u00e0 r\u00e9gner, mais cela n\u2019interdit pas d\u2019obtenir un titre\u2026 En 2021, le magazine \u00ab\u2009Tatler\u2009\u00bb sacrait \u00adBeatrice \u00ab\u2009personnalit\u00e9 royale la plus \u00e9l\u00e9gante d\u2019Europe\u2009\u00bb, devant Kate \u00adMiddleton. Si sa blondeur et son regard azur pourraient \u00eatre ceux d\u2019une madone italienne de la Renaissance, \u00e0 Monaco son \u00e9l\u00e9gance et sa prestance \u00e9voquent une autre idole. Comme Grace Kelly en son temps, Beatrice a ren\u00adcontr\u00e9 l\u2019amour lors du Festival de Cannes et \u00e9blouit la \u00adPrincipaut\u00e9 \u00e0 chacune de ses apparitions\u2009; comme la star am\u00e9ricaine, elle a su mener une carri\u00e8re reconnue. Et s\u2019appr\u00eate, elle aussi, sept ans apr\u00e8s la naissance de son deuxi\u00e8me enfant, \u00e0 en accueillir un troisi\u00e8me, tout comme l\u2019arriv\u00e9e de \u00adSt\u00e9phanie avait suivi, d\u2019aussi loin, celles de Caroline et d\u2019Albert.<\/p>\n<p>    <img decoding=\"async\" src=\"https:\/\/www.europesays.com\/fr\/wp-content\/uploads\/2025\/08\/sc_00719112_000026.jpg\" alt=\"Beatrice Borromeo et Pierre Casiraghi avec leurs enfants : La famille au complet pour les 40 ans de Beatrice. Le 18 ao\u00fbt, \u00e0 Ramatuelle.\" loading=\"lazy\"\/><\/p>\n<p>\n      Beatrice Borromeo et Pierre Casiraghi avec leurs enfants : La famille au complet pour les 40 ans de Beatrice. Le 18 ao\u00fbt, \u00e0 Ramatuelle.<\/p>\n<p>                                \u00a9 DR<\/p>\n<p>Mais il n\u2019est pas d\u2019histoire de prince et de princesse sans son lot de mal\u00e9dictions. Celle qui se serait abattue sur le clan Grimaldi remonte aux origines, quand le premier seigneur de Monaco s\u2019\u00e9tablit sur le Rocher, \u00e0 la\u00a0fin du\u202fXIIIe\u202fsi\u00e8cle. On raconte que Rainier\u00a0Ier, s\u00e9ducteur imp\u00e9nitent, aurait abus\u00e9 d\u2019une femme \u00e0 qui la rumeur pr\u00eatait des pouvoirs de sorci\u00e8re. Pour se venger, celle-ci aurait alors jet\u00e9 un sort sur la dynastie princi\u00e8re\u2009: \u00ab\u2009Jamais un Grimaldi ne trouvera le bonheur dans le mariage\u2009!\u2009\u00bb \u00adRainier\u00a0III, veuf \u00e0 59\u202fans\u2009; \u00adCaroline, qui apr\u00e8s un premier \u00e9chec sentimental, devra surmonter la mort de \u00adStefano Casiraghi, puis une douloureuse s\u00e9paration avec le prince Ernst August de Hanovre\u2009; \u00adSt\u00e9phanie, oblig\u00e9e de braver l\u2019interdit familial pour \u00e9pouser son garde du corps Daniel Ducruet, avant de divorcer pour adult\u00e8re quatorze mois plus tard\u2009; Albert, errant de liaisons en romances avort\u00e9es avant, enfin, d\u2019\u00e9pouser, en\u00a02011, Charlene Wittstock, sir\u00e8ne des bassins en exil \u00e0 Monaco\u2026<\/p>\n<p>Mais la loyaut\u00e9 familiale n\u2019est pas gage de fatalit\u00e9. Et l\u2019union sans nuages de Pierre et Beatrice balaie les promesses de malheur. Leur coup de foudre, en 2008, continue d\u2019agir comme un talisman. Lors de leur premi\u00e8re rencontre, racontait Beatrice en 2017 au \u00ad\u00ab\u2009\u00adCorriere della Sera\u2009\u00bb, \u00ab\u2009Pierre s\u2019est approch\u00e9 de moi et m\u2019a d\u00e9clar\u00e9 en anglais\u2009: \u201cJe vous aime et je vous \u00e9pouserai.\u201d J\u2019ai ri. Et il m\u2019a r\u00e9pondu\u2009: \u201cVous verrez\u2026\u201d\u2009\u00bb Le monde entier en aura finalement \u00e9t\u00e9 t\u00e9moin\u2009: le temps des amours heureuses est venu chez les Grimaldi.<\/p>\n<p>\u200b<\/p>\n","protected":false},"excerpt":{"rendered":"Un b\u00e9b\u00e9 vaut tous les diamants du monde. Pour leurs 10\u202fans de mariage, Beatrice Borromeo\u00a0et Pierre Casiraghi s\u2019offrent&hellip;\n","protected":false},"author":2,"featured_media":332787,"comment_status":"","ping_status":"","sticky":false,"template":"","format":"standard","meta":{"footnotes":""},"categories":[1888],"tags":[11,1777,674,1011,27,12,626,25],"class_list":{"0":"post-332786","1":"post","2":"type-post","3":"status-publish","4":"format-standard","5":"has-post-thumbnail","7":"category-paris","8":"tag-actualites","9":"tag-eu","10":"tag-europe","11":"tag-fr","12":"tag-france","13":"tag-news","14":"tag-paris","15":"tag-republique-francaise"},"share_on_mastodon":{"url":"https:\/\/pubeurope.com\/@fr\/115064034348278481","error":""},"_links":{"self":[{"href":"https:\/\/www.europesays.com\/fr\/wp-json\/wp\/v2\/posts\/332786","targetHints":{"allow":["GET"]}}],"collection":[{"href":"https:\/\/www.europesays.com\/fr\/wp-json\/wp\/v2\/posts"}],"about":[{"href":"https:\/\/www.europesays.com\/fr\/wp-json\/wp\/v2\/types\/post"}],"author":[{"embeddable":true,"href":"https:\/\/www.europesays.com\/fr\/wp-json\/wp\/v2\/users\/2"}],"replies":[{"embeddable":true,"href":"https:\/\/www.europesays.com\/fr\/wp-json\/wp\/v2\/comments?post=332786"}],"version-history":[{"count":0,"href":"https:\/\/www.europesays.com\/fr\/wp-json\/wp\/v2\/posts\/332786\/revisions"}],"wp:featuredmedia":[{"embeddable":true,"href":"https:\/\/www.europesays.com\/fr\/wp-json\/wp\/v2\/media\/332787"}],"wp:attachment":[{"href":"https:\/\/www.europesays.com\/fr\/wp-json\/wp\/v2\/media?parent=332786"}],"wp:term":[{"taxonomy":"category","embeddable":true,"href":"https:\/\/www.europesays.com\/fr\/wp-json\/wp\/v2\/categories?post=332786"},{"taxonomy":"post_tag","embeddable":true,"href":"https:\/\/www.europesays.com\/fr\/wp-json\/wp\/v2\/tags?post=332786"}],"curies":[{"name":"wp","href":"https:\/\/api.w.org\/{rel}","templated":true}]}}