{"id":332790,"date":"2025-08-21T00:57:11","date_gmt":"2025-08-21T00:57:11","guid":{"rendered":"https:\/\/www.europesays.com\/fr\/332790\/"},"modified":"2025-08-21T00:57:11","modified_gmt":"2025-08-21T00:57:11","slug":"guerre-en-ukraine-une-explosion-dans-un-champ-de-mais-un-drone-russe-gerbera-aurait-penetre-le-territoire-polonais","status":"publish","type":"post","link":"https:\/\/www.europesays.com\/fr\/332790\/","title":{"rendered":"Guerre en Ukraine\u00a0: une \u00ab\u00a0explosion\u00a0\u00bb dans un champ de ma\u00efs, un drone russe Gerbera aurait p\u00e9n\u00e9tr\u00e9 le territoire polonais"},"content":{"rendered":"<p class=\"paragraph text_align_left lp-f-body-02\">La police polonaise a signal\u00e9 mercredi matin avoir \u00e9t\u00e9 inform\u00e9e d\u2019une explosion dans un champ de ma\u00efs pr\u00e8s d\u2019Osiny, pr\u00e8s de de Varsovie, non loin de la fronti\u00e8re <a href=\"https:\/\/www.leparisien.fr\/international\/ukraine\/\" target=\"_blank\" rel=\"noreferrer noopener\">avec l\u2019Ukraine<\/a>. Aucun bless\u00e9 n\u2019a \u00e9t\u00e9 recens\u00e9.<\/p>\n<p class=\"paragraph text_align_left lp-f-body-02\">Sur place, les forces arm\u00e9es polonaises ont indiqu\u00e9 avoir retrouv\u00e9 \u00ab un objet qui, selon les premi\u00e8res estimations, pourrait \u00eatre un \u00e9l\u00e9ment d\u2019un ancien moteur \u00e0 h\u00e9lice \u00bb.<\/p>\n<p class=\"paragraph text_align_left lp-f-body-02\">L\u2019arm\u00e9e a par ailleurs pr\u00e9cis\u00e9 qu\u2019\u00ab aucune violation de l\u2019espace a\u00e9rien polonais n\u2019a \u00e9t\u00e9 enregistr\u00e9e la nuit derni\u00e8re \u00bb.<\/p>\n<p>L\u2019hypoth\u00e8se d\u2019un drone militaire privil\u00e9gi\u00e9e<\/p>\n<p class=\"paragraph text_align_left lp-f-body-02\">Interrog\u00e9 par la presse, le procureur r\u00e9gional de Lublin, Grzegorz Trusiewicz, a estim\u00e9 que, \u00ab selon les donn\u00e9es pr\u00e9liminaires, il y a une tr\u00e8s forte probabilit\u00e9 \u00bb qu\u2019il s\u2019agisse d\u2019<a href=\"https:\/\/www.leparisien.fr\/international\/ukraine\/guerre-en-ukraine-des-composants-indiens-dans-les-drones-russes-selon-des-sources-ukrainiennes-06-08-2025-3HJ6ZEB57BC3JHOMCYWHVLDKZY.php\" target=\"_self\" rel=\"noopener\">un drone militaire<\/a>. Il a toutefois jug\u00e9 impossible, \u00e0 ce stade, d\u2019en d\u00e9terminer l\u2019origine ou la trajectoire.<\/p>\n<p class=\"paragraph text_align_left lp-f-body-02\">Le ministre polonais de la D\u00e9fense, Wladyslaw Kosiniak-Kamysz, avait d\u2019abord \u00e9voqu\u00e9 la possibilit\u00e9 d\u2019un drone civil ou de contrebande, hypoth\u00e8ses que le procureur a ensuite \u00e9cart\u00e9es.<\/p>\n<p>Un mod\u00e8le russe soup\u00e7onn\u00e9<\/p>\n<p class=\"paragraph text_align_left lp-f-body-02\">Selon des m\u00e9dias polonais citant des sources au minist\u00e8re de la D\u00e9fense, l\u2019appareil pourrait correspondre \u00e0 un <a href=\"https:\/\/www.leparisien.fr\/international\/ukraine\/guerre-en-ukraine-larme-du-futur-cest-quoi-le-yolka-letonnant-drone-protecteur-de-vladimir-poutine-02-08-2025-3722NUNZFZBRFCYUMG2YGDLAPY.php\" target=\"_self\" rel=\"noopener\">drone russe<\/a> de type Gerbera, souvent utilis\u00e9 comme leurre dans les frappes contre l\u2019Ukraine. D\u00e9but ao\u00fbt, <a href=\"https:\/\/www.leparisien.fr\/international\/ukraine\/une-provocation-apres-avoir-survole-la-capitale-un-drone-presume-russe-retrouve-sur-un-terrain-militaire-de-lituanie-01-08-2025-LZQ4BOFNCRHGHPNTCJQARUILM4.php\" target=\"_self\" rel=\"noopener\">un engin similaire avait \u00e9t\u00e9 d\u00e9couvert en Lituanie<\/a>, poussant Vilnius \u00e0<a href=\"https:\/\/www.leparisien.fr\/international\/ukraine\/drone-russe-arme-en-lituanie-vilnius-demande-laide-de-lotan-pour-sa-defense-aerienne-face-a-la-menace-de-moscou-05-08-2025-WLNZSUTOFRGRDJFOCJZMBU5BVM.php\" target=\"_self\" rel=\"noopener\"> demander \u00e0 l\u2019OTAN de renforcer imm\u00e9diatement sa d\u00e9fense a\u00e9rienne<\/a>.<\/p>\n<p class=\"paragraph text_align_left lp-f-body-02\">La Pologne a d\u00e9j\u00e0 connu des incidents similaires depuis le d\u00e9but de <a href=\"https:\/\/www.leparisien.fr\/international\/ukraine\/guerre-en-ukraine-4-morts-dans-une-frappe-russe-a-quelques-heures-de-la-rencontre-trump-zelensky-a-washington-18-08-2025-KNCQJIAV7FBZVICUJO5OSSVNN4.php\" target=\"_self\" rel=\"noopener\">la guerre en Ukraine<\/a>. En 2023, Varsovie avait annonc\u00e9 qu\u2019un missile russe avait travers\u00e9 son espace a\u00e9rien en direction de l\u2019Ukraine. En novembre 2022, un missile de la d\u00e9fense antia\u00e9rienne ukrainienne \u00e9tait tomb\u00e9 sur le village polonais de Przewodow, causant la mort de deux civils.<\/p>\n","protected":false},"excerpt":{"rendered":"La police polonaise a signal\u00e9 mercredi matin avoir \u00e9t\u00e9 inform\u00e9e d\u2019une explosion dans un champ de ma\u00efs pr\u00e8s&hellip;\n","protected":false},"author":2,"featured_media":332791,"comment_status":"","ping_status":"","sticky":false,"template":"","format":"standard","meta":{"footnotes":""},"categories":[1590],"tags":[11,1777,674,118,14,12,220],"class_list":{"0":"post-332790","1":"post","2":"type-post","3":"status-publish","4":"format-standard","5":"has-post-thumbnail","7":"category-ukraine","8":"tag-actualites","9":"tag-eu","10":"tag-europe","11":"tag-faits-divers","12":"tag-international","13":"tag-news","14":"tag-ukraine"},"share_on_mastodon":{"url":"https:\/\/pubeurope.com\/@fr\/115064042051941269","error":""},"_links":{"self":[{"href":"https:\/\/www.europesays.com\/fr\/wp-json\/wp\/v2\/posts\/332790","targetHints":{"allow":["GET"]}}],"collection":[{"href":"https:\/\/www.europesays.com\/fr\/wp-json\/wp\/v2\/posts"}],"about":[{"href":"https:\/\/www.europesays.com\/fr\/wp-json\/wp\/v2\/types\/post"}],"author":[{"embeddable":true,"href":"https:\/\/www.europesays.com\/fr\/wp-json\/wp\/v2\/users\/2"}],"replies":[{"embeddable":true,"href":"https:\/\/www.europesays.com\/fr\/wp-json\/wp\/v2\/comments?post=332790"}],"version-history":[{"count":0,"href":"https:\/\/www.europesays.com\/fr\/wp-json\/wp\/v2\/posts\/332790\/revisions"}],"wp:featuredmedia":[{"embeddable":true,"href":"https:\/\/www.europesays.com\/fr\/wp-json\/wp\/v2\/media\/332791"}],"wp:attachment":[{"href":"https:\/\/www.europesays.com\/fr\/wp-json\/wp\/v2\/media?parent=332790"}],"wp:term":[{"taxonomy":"category","embeddable":true,"href":"https:\/\/www.europesays.com\/fr\/wp-json\/wp\/v2\/categories?post=332790"},{"taxonomy":"post_tag","embeddable":true,"href":"https:\/\/www.europesays.com\/fr\/wp-json\/wp\/v2\/tags?post=332790"}],"curies":[{"name":"wp","href":"https:\/\/api.w.org\/{rel}","templated":true}]}}