{"id":332792,"date":"2025-08-21T00:58:11","date_gmt":"2025-08-21T00:58:11","guid":{"rendered":"https:\/\/www.europesays.com\/fr\/332792\/"},"modified":"2025-08-21T00:58:11","modified_gmt":"2025-08-21T00:58:11","slug":"gros-bras-de-fer-avec-le-venezuela-trump-envoie-trois-navires-de-guerre","status":"publish","type":"post","link":"https:\/\/www.europesays.com\/fr\/332792\/","title":{"rendered":"Gros bras de fer avec le Venezuela, Trump envoie trois navires de guerre"},"content":{"rendered":"<p>La crise s\u2019intensifie entre Caracas et Washington. Au motif de la lutte contre le trafic de drogue, <a href=\"https:\/\/www.20minutes.fr\/dossier\/donald_trump\" target=\"_blank\" class=\"c-link c-link--is-underlined\" rel=\"noopener\">Donald Trump<\/a> a d\u00e9cid\u00e9 de d\u00e9ployer trois navires de guerre au large des c\u00f4tes du <a href=\"https:\/\/www.20minutes.fr\/monde\/venezuela\/\" target=\"_blank\" class=\"c-link c-link--is-underlined\" rel=\"noopener\">Venezuela<\/a>, a annonc\u00e9 mercredi un responsable am\u00e9ricain.<\/p>\n<p>Alors que les deux pays sont \u00e0 couteaux tir\u00e9s depuis de nombreuses ann\u00e9es, ce d\u00e9ploiement militaire intervient au moment o\u00f9 le pr\u00e9sident des <a href=\"https:\/\/www.20minutes.fr\/monde\/etats-unis\/\" target=\"_blank\" class=\"c-link c-link--is-underlined\" rel=\"noopener\">Etats-Unis<\/a> intensifie la pression sur son homologue v\u00e9n\u00e9zu\u00e9lien <a href=\"https:\/\/www.20minutes.fr\/dossier\/nicolas_maduro\" target=\"_blank\" class=\"c-link c-link--is-underlined\" rel=\"noopener\">Nicol\u00e1s Maduro<\/a>. Il a ainsi doubl\u00e9 d\u00e9but ao\u00fbt \u00e0 50\u00a0millions de dollars la prime offerte pour tout \u00e9l\u00e9ment permettant de l\u2019arr\u00eater pour trafic de drogue.<\/p>\n<p>Des Marines pourraient \u00eatre d\u00e9ploy\u00e9s<\/p>\n<p>Les trois destroyers lance-missiles de classe Aegis se dirigent vers les eaux au large du Venezuela, a fait savoir le responsable am\u00e9ricain, sous couvert d\u2019anonymat. Selon plusieurs m\u00e9dias am\u00e9ricains, l\u2019administration Trump pr\u00e9voit \u00e9galement d\u2019envoyer 4.000 Marines dans la r\u00e9gion des Cara\u00efbes, pr\u00e8s des c\u00f4tes v\u00e9n\u00e9zu\u00e9liennes.<\/p>\n<\/p>\n<p>Donald Trump brandit la lutte contre le <a href=\"https:\/\/www.20minutes.fr\/dossier\/trafic_de_drogue\" target=\"_blank\" class=\"c-link c-link--is-underlined\" rel=\"noopener\">trafic de drogue<\/a> pour justifier nombre de ses politiques spectaculaires depuis son retour \u00e0 la Maison-Blanche en janvier, des droits de douane impos\u00e9s au Mexique \u00e0 la vague d\u2019arrestations muscl\u00e9es d\u2019immigr\u00e9s latino-am\u00e9ricains qualifi\u00e9s d\u2019ill\u00e9gaux.<\/p>\n<p>Maduro r\u00e9pond avec des miliciens<\/p>\n<p>Le gouvernement am\u00e9ricain, qui ne reconna\u00eet pas la victoire largement contest\u00e9e de Nicol\u00e1s Maduro \u00e0 la derni\u00e8re pr\u00e9sidentielle au Venezuela, l\u2019accuse d\u2019\u00eatre impliqu\u00e9 dans un r\u00e9seau de \u00ab\u00a0narcotrafic\u00a0\u00bb international. La porte-parole de la Maison-Blanche Karoline Leavitt a ainsi qualifi\u00e9 mardi le gouvernement v\u00e9n\u00e9zu\u00e9lien de \u00ab\u00a0cartel narcoterroriste\u00a0\u00bb et Nicol\u00e1s Maduro de \u00ab\u00a0chef fugitif de ce cartel\u00a0\u00bb.<\/p>\n<p><a href=\"https:\/\/www.20minutes.fr\/monde\/venezuela\/\" target=\"_blank\" class=\"c-link c-btn c-btn--primary\" rel=\"noopener\">Notre dossier sur le Venezuela<\/a><\/p>\n<p>Apr\u00e8s avoir qualifi\u00e9 de \u00ab\u00a0path\u00e9tique\u00a0\u00bb et de \u00ab\u00a0grossi\u00e8re op\u00e9ration de propagande politique\u00a0\u00bb la nouvelle prime am\u00e9ricaine pour l\u2019arr\u00eater, Nicol\u00e1s Maduro a annonc\u00e9 lundi le d\u00e9ploiement de 4,5\u00a0millions de miliciens \u00ab\u00a0pour garantir la couverture de tout le territoire\u00a0\u00bb du Venezuela. Fond\u00e9e par le pr\u00e9sident <a href=\"https:\/\/www.20minutes.fr\/monde\/hugo_chavez\/\" target=\"_blank\" class=\"c-link c-link--is-underlined\" rel=\"noopener\">Hugo Chavez<\/a> d\u00e9c\u00e9d\u00e9, dont Nicol\u00e1s Maduro est le successeur, la milice v\u00e9n\u00e9zu\u00e9lienne est, de source officielle, compos\u00e9e de cinq millions de personnes, civils ou r\u00e9servistes, plac\u00e9es sous le commandement de l\u2019arm\u00e9e.<\/p>\n","protected":false},"excerpt":{"rendered":"La crise s\u2019intensifie entre Caracas et Washington. Au motif de la lutte contre le trafic de drogue, Donald&hellip;\n","protected":false},"author":2,"featured_media":332793,"comment_status":"","ping_status":"","sticky":false,"template":"","format":"standard","meta":{"footnotes":""},"categories":[1589],"tags":[47,11,75,1052,73,1866,74,12,338,887,1864,1865,1863,308,337,133],"class_list":{"0":"post-332792","1":"post","2":"type-post","3":"status-publish","4":"format-standard","5":"has-post-thumbnail","7":"category-etats-unis","8":"tag-actualite","9":"tag-actualites","10":"tag-donald-trump","11":"tag-drogue","12":"tag-etats-unis","13":"tag-etats-unis-damerique","14":"tag-monde","15":"tag-news","16":"tag-nicolas-maduro","17":"tag-trafic-de-drogue","18":"tag-united-states","19":"tag-united-states-of-america","20":"tag-us","21":"tag-usa","22":"tag-venezuela","23":"tag-video"},"share_on_mastodon":{"url":"https:\/\/pubeurope.com\/@fr\/115064045801014780","error":""},"_links":{"self":[{"href":"https:\/\/www.europesays.com\/fr\/wp-json\/wp\/v2\/posts\/332792","targetHints":{"allow":["GET"]}}],"collection":[{"href":"https:\/\/www.europesays.com\/fr\/wp-json\/wp\/v2\/posts"}],"about":[{"href":"https:\/\/www.europesays.com\/fr\/wp-json\/wp\/v2\/types\/post"}],"author":[{"embeddable":true,"href":"https:\/\/www.europesays.com\/fr\/wp-json\/wp\/v2\/users\/2"}],"replies":[{"embeddable":true,"href":"https:\/\/www.europesays.com\/fr\/wp-json\/wp\/v2\/comments?post=332792"}],"version-history":[{"count":0,"href":"https:\/\/www.europesays.com\/fr\/wp-json\/wp\/v2\/posts\/332792\/revisions"}],"wp:featuredmedia":[{"embeddable":true,"href":"https:\/\/www.europesays.com\/fr\/wp-json\/wp\/v2\/media\/332793"}],"wp:attachment":[{"href":"https:\/\/www.europesays.com\/fr\/wp-json\/wp\/v2\/media?parent=332792"}],"wp:term":[{"taxonomy":"category","embeddable":true,"href":"https:\/\/www.europesays.com\/fr\/wp-json\/wp\/v2\/categories?post=332792"},{"taxonomy":"post_tag","embeddable":true,"href":"https:\/\/www.europesays.com\/fr\/wp-json\/wp\/v2\/tags?post=332792"}],"curies":[{"name":"wp","href":"https:\/\/api.w.org\/{rel}","templated":true}]}}