{"id":332794,"date":"2025-08-21T00:59:09","date_gmt":"2025-08-21T00:59:09","guid":{"rendered":"https:\/\/www.europesays.com\/fr\/332794\/"},"modified":"2025-08-21T00:59:09","modified_gmt":"2025-08-21T00:59:09","slug":"ouverture-dune-nouvelle-boutique-mango-teen-au-royaume-uni","status":"publish","type":"post","link":"https:\/\/www.europesays.com\/fr\/332794\/","title":{"rendered":"Ouverture d&rsquo;une nouvelle boutique Mango Teen au Royaume-Uni"},"content":{"rendered":"<p>L\u2019enseigne espagnole de mode, Mango, acc\u00e9l\u00e8re l&rsquo;expansion de sa ligne Teen au Royaume-Uni et annonce l\u2019ouverture de son troisi\u00e8me magasin Mango Teen.\u00a0<\/p>\n<p>Situ\u00e9 au sein du centre commercial Buchanan Galleries, \u00e0 Glasgow, en \u00c9cosse, ce nouveau magasin Mango Teen est le premier en dehors de Londres.\u00a0<\/p>\n<p>Le nouveau point de vente a permis la cr\u00e9ation de dix nouveaux emplois.\u00a0Il int\u00e8gre le concept New Med, un design int\u00e9rieur inspir\u00e9 de l&rsquo;h\u00e9ritage et de la culture m\u00e9diterran\u00e9enne de la marque.<\/p>\n<p>Le Royaume-Uni, l&rsquo;un des march\u00e9s prioritaires de Mango, a \u00e9t\u00e9 le premier pays \u00e9tranger \u00e0 accueillir un magasin ind\u00e9pendant Mango Teen, et compte actuellement le plus grand nombre de magasins ind\u00e9pendants de cette ligne en dehors de l&rsquo;Espagne.\u00a0<\/p>\n<p>Cette ouverture fait suite aux solides performances enregistr\u00e9es par la ligne depuis son lancement en ligne en 2021. La croissance r\u00e9ussie de Mango Teen sur le march\u00e9 a \u00e9t\u00e9 stimul\u00e9e par l&rsquo;ouverture, l&rsquo;ann\u00e9e derni\u00e8re, des premiers magasins ind\u00e9pendants de la marque \u00e0 Carnaby Street et Westfield London.<\/p>\n<p>\u00ab Les adolescents d&rsquo;aujourd&rsquo;hui se tournent vers la mode pour s&rsquo;exprimer comme jamais auparavant (&#8230;) C&rsquo;est pourquoi nous acc\u00e9l\u00e9rons l&rsquo;expansion de Mango Teen au Royaume-Uni avec l&rsquo;ouverture de nouveaux magasins ind\u00e9pendants et de nouvelles collections \u00bb, commente dans un communiqu\u00e9, Berta Moral, directrice mondiale de Mango Kids et Teen.\u00a0<\/p>\n<p>L&rsquo;expansion de Mango Teen s&rsquo;inscrit dans le cadre du plan de croissance mondial de la marque, qui a doubl\u00e9 le nombre de ses magasins ind\u00e9pendants en 2024 pour d\u00e9passer les 40 et a \u00e9tendu sa pr\u00e9sence en ligne \u00e0 95 march\u00e9s.<\/p>\n<p>Fin 2024, Mango comptait plus de 80 magasins au Royaume-Uni, ainsi qu&rsquo;une pr\u00e9sence en ligne via son site e-commerce et d&rsquo;autres plateformes tierces.<\/p>\n","protected":false},"excerpt":{"rendered":"L\u2019enseigne espagnole de mode, Mango, acc\u00e9l\u00e8re l&rsquo;expansion de sa ligne Teen au Royaume-Uni et annonce l\u2019ouverture de son&hellip;\n","protected":false},"author":2,"featured_media":332795,"comment_status":"","ping_status":"","sticky":false,"template":"","format":"standard","meta":{"footnotes":""},"categories":[1588],"tags":[11,1777,674,12,473,1853,1851,1850,1852],"class_list":{"0":"post-332794","1":"post","2":"type-post","3":"status-publish","4":"format-standard","5":"has-post-thumbnail","7":"category-royaume-uni","8":"tag-actualites","9":"tag-eu","10":"tag-europe","11":"tag-news","12":"tag-royaume-uni","13":"tag-royaume-uni-de-grande-bretagne-et-dirlande-du-nord","14":"tag-uk","15":"tag-united-kingdom","16":"tag-united-kingdom-of-great-britain-and-northern-ireland"},"share_on_mastodon":{"url":"https:\/\/pubeurope.com\/@fr\/115064049692316061","error":""},"_links":{"self":[{"href":"https:\/\/www.europesays.com\/fr\/wp-json\/wp\/v2\/posts\/332794","targetHints":{"allow":["GET"]}}],"collection":[{"href":"https:\/\/www.europesays.com\/fr\/wp-json\/wp\/v2\/posts"}],"about":[{"href":"https:\/\/www.europesays.com\/fr\/wp-json\/wp\/v2\/types\/post"}],"author":[{"embeddable":true,"href":"https:\/\/www.europesays.com\/fr\/wp-json\/wp\/v2\/users\/2"}],"replies":[{"embeddable":true,"href":"https:\/\/www.europesays.com\/fr\/wp-json\/wp\/v2\/comments?post=332794"}],"version-history":[{"count":0,"href":"https:\/\/www.europesays.com\/fr\/wp-json\/wp\/v2\/posts\/332794\/revisions"}],"wp:featuredmedia":[{"embeddable":true,"href":"https:\/\/www.europesays.com\/fr\/wp-json\/wp\/v2\/media\/332795"}],"wp:attachment":[{"href":"https:\/\/www.europesays.com\/fr\/wp-json\/wp\/v2\/media?parent=332794"}],"wp:term":[{"taxonomy":"category","embeddable":true,"href":"https:\/\/www.europesays.com\/fr\/wp-json\/wp\/v2\/categories?post=332794"},{"taxonomy":"post_tag","embeddable":true,"href":"https:\/\/www.europesays.com\/fr\/wp-json\/wp\/v2\/tags?post=332794"}],"curies":[{"name":"wp","href":"https:\/\/api.w.org\/{rel}","templated":true}]}}