{"id":332796,"date":"2025-08-21T01:01:08","date_gmt":"2025-08-21T01:01:08","guid":{"rendered":"https:\/\/www.europesays.com\/fr\/332796\/"},"modified":"2025-08-21T01:01:08","modified_gmt":"2025-08-21T01:01:08","slug":"lallemagne-dit-renoncer-aux-fabricants-darmes-suisses","status":"publish","type":"post","link":"https:\/\/www.europesays.com\/fr\/332796\/","title":{"rendered":"L\u2019Allemagne dit renoncer aux fabricants d\u2019armes suisses"},"content":{"rendered":"<p>En mettant son veto \u00e0 l\u2019envoi d\u2019armes suisses en Ukraine, le Conseil f\u00e9d\u00e9ral a froiss\u00e9 plusieurs pays europ\u00e9ens. L\u2019Allemagne, le Danemark et l\u2019Espagne se sont vu opposer une fin de non-recevoir: ils souhaitaient envoyer \u00e0 l\u2019arm\u00e9e ukrainienne, attaqu\u00e9e par la Russie, du mat\u00e9riel de guerre fabriqu\u00e9 en Suisse et achet\u00e9 des ann\u00e9es auparavant.<\/p>\n<p>Les Pays-Bas ont r\u00e9agi. Leur parlement a vot\u00e9 pour renoncer au mat\u00e9riel militaire suisse \u00e0 l\u2019avenir. C\u2019\u00e9tait l\u2019an dernier. Et depuis, plus rien ne s\u2019est pass\u00e9\u2026 jusqu\u2019\u00e0 tout r\u00e9cemment.<\/p>\n","protected":false},"excerpt":{"rendered":"En mettant son veto \u00e0 l\u2019envoi d\u2019armes suisses en Ukraine, le Conseil f\u00e9d\u00e9ral a froiss\u00e9 plusieurs pays europ\u00e9ens.&hellip;\n","protected":false},"author":2,"featured_media":332797,"comment_status":"","ping_status":"","sticky":false,"template":"","format":"standard","meta":{"footnotes":""},"categories":[1587],"tags":[11,672,1813,1804,1805,1803,1777,674,1801,12,6328,301,1802,220],"class_list":{"0":"post-332796","1":"post","2":"type-post","3":"status-publish","4":"format-standard","5":"has-post-thumbnail","7":"category-allemagne","8":"tag-actualites","9":"tag-allemagne","10":"tag-armee","11":"tag-bundesrepublik-deutschland","12":"tag-de","13":"tag-deutschland","14":"tag-eu","15":"tag-europe","16":"tag-germany","17":"tag-news","18":"tag-politique-federale","19":"tag-premium","20":"tag-republique-federale-dallemagne","21":"tag-ukraine"},"share_on_mastodon":{"url":"https:\/\/pubeurope.com\/@fr\/115064057649022869","error":""},"_links":{"self":[{"href":"https:\/\/www.europesays.com\/fr\/wp-json\/wp\/v2\/posts\/332796","targetHints":{"allow":["GET"]}}],"collection":[{"href":"https:\/\/www.europesays.com\/fr\/wp-json\/wp\/v2\/posts"}],"about":[{"href":"https:\/\/www.europesays.com\/fr\/wp-json\/wp\/v2\/types\/post"}],"author":[{"embeddable":true,"href":"https:\/\/www.europesays.com\/fr\/wp-json\/wp\/v2\/users\/2"}],"replies":[{"embeddable":true,"href":"https:\/\/www.europesays.com\/fr\/wp-json\/wp\/v2\/comments?post=332796"}],"version-history":[{"count":0,"href":"https:\/\/www.europesays.com\/fr\/wp-json\/wp\/v2\/posts\/332796\/revisions"}],"wp:featuredmedia":[{"embeddable":true,"href":"https:\/\/www.europesays.com\/fr\/wp-json\/wp\/v2\/media\/332797"}],"wp:attachment":[{"href":"https:\/\/www.europesays.com\/fr\/wp-json\/wp\/v2\/media?parent=332796"}],"wp:term":[{"taxonomy":"category","embeddable":true,"href":"https:\/\/www.europesays.com\/fr\/wp-json\/wp\/v2\/categories?post=332796"},{"taxonomy":"post_tag","embeddable":true,"href":"https:\/\/www.europesays.com\/fr\/wp-json\/wp\/v2\/tags?post=332796"}],"curies":[{"name":"wp","href":"https:\/\/api.w.org\/{rel}","templated":true}]}}