{"id":332810,"date":"2025-08-21T01:09:13","date_gmt":"2025-08-21T01:09:13","guid":{"rendered":"https:\/\/www.europesays.com\/fr\/332810\/"},"modified":"2025-08-21T01:09:13","modified_gmt":"2025-08-21T01:09:13","slug":"en-pleine-crise-la-federation-galloise-envisage-de-passer-de-quatre-a-seulement-deux-franchises","status":"publish","type":"post","link":"https:\/\/www.europesays.com\/fr\/332810\/","title":{"rendered":"en pleine crise, la f\u00e9d\u00e9ration galloise envisage de passer de quatre \u00e0 seulement deux franchises"},"content":{"rendered":"<p>Le rugby gallois, en pleine restructuration, envisage de faire fusionner les Blues, les Dragons, les Ospreys et les Scarlets.<\/p>\n<p class=\"fig-paragraph\">La\u00a0<a href=\"http:\/\/www.lefigaro.fr\/sports\/rugby\/rugby-le-pays-de-galles-met-un-terme-a-sa-terrible-serie-de-18-defaites-consecutives-en-s-offrant-le-japon-20250712\" data-fig-type=\"NewsFlash\" data-gtm-custom-categorie=\"navigation\" data-gtm-custom-action=\"crossclick\" data-gtm-custom-label=\"Contextuel\" data-gtm-event=\"customEventSPE\" data-fig-domain=\"LEFIGARO\" target=\"_blank\" rel=\"noopener\">F\u00e9d\u00e9ration galloise de rugby<\/a>\u00a0(WRU) a d\u00e9clar\u00e9 mercredi que r\u00e9duire le nombre de clubs de quatre \u00e0 deux constituait la meilleure option pour permettre le succ\u00e8s sportif et la viabilit\u00e9 financi\u00e8re du rugby professionnel au pays de Galles. Le rugby gallois fait face \u00e0 sa plus vaste r\u00e9organisation depuis des d\u00e9cennies, alors que l\u2019instance dirigeante a d\u00e9voil\u00e9 un projet visant \u00e0 regrouper les \u00e9quipes actuelles &#8211;\u00a0<a href=\"http:\/\/www.lefigaro.fr\/sports\/rugby\/coupe-d-europe\/finale-champions-cup-l-effervescence-a-cardiff-avec-northampton-soutenu-en-masse-2-000-supporters-de-l-ubb-font-de-la-resistance-20250524\" data-fig-type=\"NewsFlash\" data-gtm-custom-categorie=\"navigation\" data-gtm-custom-action=\"crossclick\" data-gtm-custom-label=\"Contextuel\" data-gtm-event=\"customEventSPE\" data-fig-domain=\"LEFIGARO\" target=\"_blank\" rel=\"noopener\">Cardiff Blues<\/a>, Dragons, Ospreys et Scarlets &#8211; en deux franchises professionnelles b\u00e9n\u00e9ficiant d\u2019un financement \u00e9quivalent.<\/p>\n<p class=\"fig-paragraph\">Le processus officiel de consultation doit commencer le 1er septembre et cherchera \u00e0 \u00abrecueillir l\u2019avis de l\u2019ensemble de la communaut\u00e9 rugby, des supporters aux partenaires et sponsors, ainsi que des institutions et instances dirigeantes\u00bb avant qu\u2019une d\u00e9cision ne soit prise en octobre. \u00abNous savons \u00e0 quel point le rugby s\u2019appuie sur les \u00e9motions et que les gens vont souffrir en pensant \u00e0 ce que cela pourrait signifier pour leur \u00e9quipe\u00bb, a reconnu la directrice g\u00e9n\u00e9rale de la WRU, Abi Tierney.<\/p>\n<p>                                    <a class=\"fig-a11y-skip a11y-hidden\" href=\"#fig-a11y-skip-main-inarticle\"><br \/>\n        Passer la publicit\u00e9<br \/>\n    <\/a><\/p>\n<p>\u00abJe ne pense pas que continuer comme nous le faisons soit une bonne chose pour les supporters\u00bb<\/p>\n<p class=\"fig-paragraph\">\u00abTout le monde ne sera pas satisfait, mais je ne pense pas que continuer comme nous le faisons soit une bonne chose pour les supporters non plus, a-t-elle poursuivi. Nous devions faire quelque chose de radicalement diff\u00e9rent pour nous amener dans une meilleure situation, que chacun puisse soutenir, et nous esp\u00e9rons que les gens sortiront de leur camp retranch\u00e9.\u00bb<\/p>\n<p class=\"fig-paragraph\">La WRU a indiqu\u00e9 que quatre propositions \u00e9taient sur la table et a pr\u00e9sent\u00e9 le mod\u00e8le de deux clubs financ\u00e9s \u00e0 \u00e9galit\u00e9 comme l\u2019\u00aboption optimale\u00bb privil\u00e9gi\u00e9e, m\u00eame s\u2019il reste incertain o\u00f9 elles seraient localis\u00e9es. Le projet devrait faire face \u00e0 une forte opposition, bien que Cardiff reste sous le contr\u00f4le de la WRU apr\u00e8s le sauvetage intervenu en avril. Lundi, les propri\u00e9taires des Dragons ont soulign\u00e9 que le rugby de haut niveau devait rester \u00e0 Gwent.<\/p>\n<p class=\"fig-paragraph\">\u00abNous avons \u00e9tudi\u00e9 le document de consultation de la WRU et nous nous r\u00e9jouissons de l\u2019opportunit\u00e9 de participer de mani\u00e8re constructive \u00e0 ce processus\u00bb, ont d\u00e9clar\u00e9 les Ospreys dans un communiqu\u00e9 apr\u00e8s l\u2019annonce. \u00abIl contient des id\u00e9es int\u00e9ressantes, dont certaines nous paraissent r\u00e9ellement prometteuses, aux c\u00f4t\u00e9s d\u2019autres qui pr\u00e9sentent davantage de d\u00e9fis.\u00bb<\/p>\n","protected":false},"excerpt":{"rendered":"Le rugby gallois, en pleine restructuration, envisage de faire fusionner les Blues, les Dragons, les Ospreys et les&hellip;\n","protected":false},"author":2,"featured_media":332811,"comment_status":"","ping_status":"","sticky":false,"template":"","format":"standard","meta":{"footnotes":""},"categories":[1416],"tags":[1011,27,12044,479,1468,60],"class_list":{"0":"post-332810","1":"post","2":"type-post","3":"status-publish","4":"format-standard","5":"has-post-thumbnail","7":"category-rugby","8":"tag-fr","9":"tag-france","10":"tag-pays-de-galles","11":"tag-rugby","12":"tag-rugby-football","13":"tag-sports"},"share_on_mastodon":{"url":"https:\/\/pubeurope.com\/@fr\/115064089063667163","error":""},"_links":{"self":[{"href":"https:\/\/www.europesays.com\/fr\/wp-json\/wp\/v2\/posts\/332810","targetHints":{"allow":["GET"]}}],"collection":[{"href":"https:\/\/www.europesays.com\/fr\/wp-json\/wp\/v2\/posts"}],"about":[{"href":"https:\/\/www.europesays.com\/fr\/wp-json\/wp\/v2\/types\/post"}],"author":[{"embeddable":true,"href":"https:\/\/www.europesays.com\/fr\/wp-json\/wp\/v2\/users\/2"}],"replies":[{"embeddable":true,"href":"https:\/\/www.europesays.com\/fr\/wp-json\/wp\/v2\/comments?post=332810"}],"version-history":[{"count":0,"href":"https:\/\/www.europesays.com\/fr\/wp-json\/wp\/v2\/posts\/332810\/revisions"}],"wp:featuredmedia":[{"embeddable":true,"href":"https:\/\/www.europesays.com\/fr\/wp-json\/wp\/v2\/media\/332811"}],"wp:attachment":[{"href":"https:\/\/www.europesays.com\/fr\/wp-json\/wp\/v2\/media?parent=332810"}],"wp:term":[{"taxonomy":"category","embeddable":true,"href":"https:\/\/www.europesays.com\/fr\/wp-json\/wp\/v2\/categories?post=332810"},{"taxonomy":"post_tag","embeddable":true,"href":"https:\/\/www.europesays.com\/fr\/wp-json\/wp\/v2\/tags?post=332810"}],"curies":[{"name":"wp","href":"https:\/\/api.w.org\/{rel}","templated":true}]}}