{"id":332813,"date":"2025-08-21T01:12:11","date_gmt":"2025-08-21T01:12:11","guid":{"rendered":"https:\/\/www.europesays.com\/fr\/332813\/"},"modified":"2025-08-21T01:12:11","modified_gmt":"2025-08-21T01:12:11","slug":"motogp-le-classement-apres-spielberg-zarco-et-mir-sauvent-honda-de-lagonie-constructeurs","status":"publish","type":"post","link":"https:\/\/www.europesays.com\/fr\/332813\/","title":{"rendered":"MotoGP Le classement apr\u00e8s Spielberg, Zarco et Mir sauvent Honda de l&rsquo;agonie (constructeurs) !"},"content":{"rendered":"<p>Le classement du championnat du monde des constructeurs ne fait que confirmer \u00e0 quel point Ducati domine la MotoGP, cette ann\u00e9e encore. Avec 467 unit\u00e9s au compteur, la marque italienne m\u00e8ne la danse devant sa compatriote, Aprilia, cr\u00e9dit\u00e9e de 209 unit\u00e9s. Toutefois, KTM reste au contact, \u00e0 la troisi\u00e8me place, avec 195 points au compteur. Le duel entre ces deux firmes devrait donc perdurer, jusqu\u2019au terme de la saison en cours\u2026<\/p>\n<p>MotoGP : les Japonais encore derri\u00e8re\u2026<\/p>\n<p>Derri\u00e8re, les Japonais sont clairement plus loin. Bien qu\u2019avec 158 points, <a href=\"https:\/\/lemagsportauto.ouest-france.fr\/tag\/honda\/\" target=\"_blank\" rel=\"noopener\">Honda<\/a> puisse toujours r\u00eaver du podium final. Aussi, au Grand-Prix d\u2019Autriche de MotoGP 2025, Joan Mir et Johann Zarco ont permis \u00e0 leur constructeur de prendre de l\u2019air sur Yamaha, la rivale naturelle. Un point pour Fabio Quartararo contre dix \u00e0 Mir et 5 \u00e0 Zarco, l\u2019op\u00e9ration comptable est plut\u00f4t bonne. Pour le reste, les nippons vont devoir \u00e9lever leur niveau tr\u00e8s vite, s\u2019ils ne veulent pas terminer, encore, aux derni\u00e8res places de cette hi\u00e9rarchie.<\/p>\n<p>Voici le classement complet des constructeurs de MotoGP, apr\u00e8s le Grand-Prix d\u2019Autriche 2025.<\/p>\n<tr class=\"standings-table__body-row\">\n<td class=\"standings-table__body-cell standings-table__body-cell--pos u-hide-tablet\">1<\/td>\n<td class=\"standings-table__body-cell standings-table__body-cell--team \">Ducati<\/td>\n<td class=\"standings-table__body-cell standings-table__body-cell--points\">467 points<\/td>\n<\/tr>\n<tr class=\"standings-table__body-row\">\n<td class=\"standings-table__body-cell standings-table__body-cell--pos u-hide-tablet\">2<\/td>\n<td class=\"standings-table__body-cell standings-table__body-cell--team \">Aprilia<\/td>\n<td class=\"standings-table__body-cell standings-table__body-cell--points\">209 points<\/td>\n<\/tr>\n<tr class=\"standings-table__body-row\">\n<td class=\"standings-table__body-cell standings-table__body-cell--pos u-hide-tablet\">3<\/td>\n<td class=\"standings-table__body-cell standings-table__body-cell--team \">KTM<\/td>\n<td class=\"standings-table__body-cell standings-table__body-cell--points\">195 points<\/td>\n<\/tr>\n<tr class=\"standings-table__body-row\">\n<td class=\"standings-table__body-cell standings-table__body-cell--pos u-hide-tablet\">4<\/td>\n<td class=\"standings-table__body-cell standings-table__body-cell--team \">Honda<\/td>\n<td class=\"standings-table__body-cell standings-table__body-cell--points\">158 points<\/td>\n<\/tr>\n<tr class=\"standings-table__body-row\">\n<td class=\"standings-table__body-cell standings-table__body-cell--pos u-hide-tablet\">5<\/td>\n<td class=\"standings-table__body-cell standings-table__body-cell--team \">Yamaha<\/td>\n<td class=\"standings-table__body-cell standings-table__body-cell--points\">134 points<\/td>\n<\/tr>\n<blockquote class=\"twitter-tweet\">\n<p dir=\"ltr\" lang=\"en\">Showing what he and the Honda RC213V can do!<a href=\"https:\/\/twitter.com\/JoanMirOfficial?ref_src=twsrc%5Etfw\" target=\"_blank\" rel=\"noopener\">@JoanMirOfficial<\/a> is back in the points with a scintillating sixth place, consistent all the way through! <a href=\"https:\/\/t.co\/AFRz2oWgGM\">pic.twitter.com\/AFRz2oWgGM<\/a><\/p>\n<p>\u2014 Honda HRC Castrol \u2013 MotoGP (@HRC_MotoGP) <a href=\"https:\/\/twitter.com\/HRC_MotoGP\/status\/1957062749160149181?ref_src=twsrc%5Etfw\" target=\"_blank\" rel=\"noopener\">August 17, 2025<\/a><\/p>\n<\/blockquote>\n<p>Article publi\u00e9 le 20\/08\/2025 \u00e0 5h35<\/p>\n<p>                                                            <script async src=\"https:\/\/platform.twitter.com\/widgets.js\" charset=\"utf-8\"><\/script><\/p>\n","protected":false},"excerpt":{"rendered":"Le classement du championnat du monde des constructeurs ne fait que confirmer \u00e0 quel point Ducati domine la&hellip;\n","protected":false},"author":2,"featured_media":332814,"comment_status":"","ping_status":"","sticky":false,"template":"","format":"standard","meta":{"footnotes":""},"categories":[1413],"tags":[1981,1011,27,1457,1456,1458,60],"class_list":{"0":"post-332813","1":"post","2":"type-post","3":"status-publish","4":"format-standard","5":"has-post-thumbnail","7":"category-moto","8":"tag-classement","9":"tag-fr","10":"tag-france","11":"tag-moto","12":"tag-motocycle","13":"tag-motogp","14":"tag-sports"},"share_on_mastodon":{"url":"https:\/\/pubeurope.com\/@fr\/115064100840421671","error":""},"_links":{"self":[{"href":"https:\/\/www.europesays.com\/fr\/wp-json\/wp\/v2\/posts\/332813","targetHints":{"allow":["GET"]}}],"collection":[{"href":"https:\/\/www.europesays.com\/fr\/wp-json\/wp\/v2\/posts"}],"about":[{"href":"https:\/\/www.europesays.com\/fr\/wp-json\/wp\/v2\/types\/post"}],"author":[{"embeddable":true,"href":"https:\/\/www.europesays.com\/fr\/wp-json\/wp\/v2\/users\/2"}],"replies":[{"embeddable":true,"href":"https:\/\/www.europesays.com\/fr\/wp-json\/wp\/v2\/comments?post=332813"}],"version-history":[{"count":0,"href":"https:\/\/www.europesays.com\/fr\/wp-json\/wp\/v2\/posts\/332813\/revisions"}],"wp:featuredmedia":[{"embeddable":true,"href":"https:\/\/www.europesays.com\/fr\/wp-json\/wp\/v2\/media\/332814"}],"wp:attachment":[{"href":"https:\/\/www.europesays.com\/fr\/wp-json\/wp\/v2\/media?parent=332813"}],"wp:term":[{"taxonomy":"category","embeddable":true,"href":"https:\/\/www.europesays.com\/fr\/wp-json\/wp\/v2\/categories?post=332813"},{"taxonomy":"post_tag","embeddable":true,"href":"https:\/\/www.europesays.com\/fr\/wp-json\/wp\/v2\/tags?post=332813"}],"curies":[{"name":"wp","href":"https:\/\/api.w.org\/{rel}","templated":true}]}}