{"id":332815,"date":"2025-08-21T01:13:16","date_gmt":"2025-08-21T01:13:16","guid":{"rendered":"https:\/\/www.europesays.com\/fr\/332815\/"},"modified":"2025-08-21T01:13:16","modified_gmt":"2025-08-21T01:13:16","slug":"sapprocher-de-sinner-etait-une-erreur-dalcaraz-pour-lancien-numero-1-mondial-andy-roddick","status":"publish","type":"post","link":"https:\/\/www.europesays.com\/fr\/332815\/","title":{"rendered":"\u00abS\u2019approcher de Sinner \u00e9tait une erreur\u00bb d\u2019Alcaraz pour l\u2019ancien num\u00e9ro 1 mondial Andy Roddick"},"content":{"rendered":"<p>Andy Roddick pense qu\u2019Alcaraz aurait d\u00fb s\u2019\u00e9loigner de Sinner, malade, apr\u00e8s le forfait de l\u2019Italien \u00e0 Cincinnati. L\u2019Am\u00e9ricain a estim\u00e9 que ce n\u2019\u00e9tait pas le bon moment juste avant l\u2019US Open.<\/p>\n<p class=\"fig-paragraph\">Vainqueur facile en profitant de l\u2019abandon de\u00a0<a href=\"http:\/\/www.lefigaro.fr\/sports\/tennis\/us-open\/us-open-la-paire-sinner-siniakova-retiree-du-tableau-du-double-mixte-20250819\" data-fig-type=\"NewsFlash\" data-gtm-custom-categorie=\"navigation\" data-gtm-custom-action=\"crossclick\" data-gtm-custom-label=\"Contextuel\" data-gtm-event=\"customEventSPE\" data-fig-domain=\"LEFIGARO\" target=\"_blank\" rel=\"noopener\">Jannik Sinner<\/a>\u00a0\u00e0 Cincinnati,\u00a0<a href=\"http:\/\/www.lefigaro.fr\/sports\/tennis\/tennis-sinner-abandonne-apres-cinq-jeux-perdus-alcaraz-titre-a-cincinnati-20250818\" data-fig-type=\"NewsFlash\" data-gtm-custom-categorie=\"navigation\" data-gtm-custom-action=\"crossclick\" data-gtm-custom-label=\"Contextuel\" data-gtm-event=\"customEventSPE\" data-fig-domain=\"LEFIGARO\" target=\"_blank\" rel=\"noopener\">Carlos Alcaraz<\/a>\u00a0a connu la soir\u00e9e parfaite ce lundi. Le vainqueur de l\u2019US Open 2003 et ancien num\u00e9ro 1 mondial Andy Roddick a estim\u00e9 que \u00abla seule erreur de Carlos de toute la semaine a \u00e9t\u00e9 de s\u2019approcher de Sinner une fois qu\u2019on suspectait qu\u2019il ne se sentait pas bien. Peut-\u00eatre que c\u2019\u00e9tait juste pour une journ\u00e9e, mais je m\u2019en fous. Il n\u2019y a pas d\u2019accolade au filet\u00bb.<\/p>\n<p class=\"fig-paragraph\">L\u2019Am\u00e9ricain de pr\u00e9ciser que ce n\u2019est vraiment pas le moment de tomber malade \u00e0 son tour \u00e0 quelques jours du d\u00e9but du grand Chelem New-Yorkais\u00a0: \u00abCe sont deux joueurs classes, j\u2019aime \u00e7a. Mais si je suis son coach, je lui dis de s\u2019\u00e9loigner. Ne reste pas \u00e0 c\u00f4t\u00e9 de lui. Ne va pas voir s\u2019il va bien\u00a0! \u00c9vite les photos. Ne t\u2019approche pas de lui. Carlos, \u00e9loigne-toi s\u2019il est malade!\u00bb<\/p>\n<p>                                    <a class=\"fig-a11y-skip a11y-hidden\" href=\"#fig-a11y-skip-main-inarticle\"><br \/>\n        Passer la publicit\u00e9<br \/>\n    <\/a><\/p>\n<p>Vers un nouveau sacre \u00e0 l\u2019US Open\u00a0?<\/p>\n<p class=\"fig-paragraph\">Oppos\u00e9 \u00e0 Jack Draper et Jessica Pegula en double avec sa comparse Emma Raducanu, Carlos Alcaraz ne semblait pas malade m\u00eame s\u2019il a fini par perdre le match en deux sets. L\u2019US Open en simples commence le 24 ao\u00fbt prochain. L\u2019Espagnol pourrait profiter des malheurs de Jannik Sinner pour remporter ce tournoi pour la deuxi\u00e8me fois apr\u00e8s 2022.<\/p>\n","protected":false},"excerpt":{"rendered":"Andy Roddick pense qu\u2019Alcaraz aurait d\u00fb s\u2019\u00e9loigner de Sinner, malade, apr\u00e8s le forfait de l\u2019Italien \u00e0 Cincinnati. L\u2019Am\u00e9ricain&hellip;\n","protected":false},"author":2,"featured_media":332816,"comment_status":"","ping_status":"","sticky":false,"template":"","format":"standard","meta":{"footnotes":""},"categories":[1412],"tags":[7779,1451,1452,1453,1454,1455,1011,27,20859,60],"class_list":{"0":"post-332815","1":"post","2":"type-post","3":"status-publish","4":"format-standard","5":"has-post-thumbnail","7":"category-f1","8":"tag-carlos-alcaraz","9":"tag-f1","10":"tag-formula-1","11":"tag-formula1","12":"tag-formule-1","13":"tag-formule1","14":"tag-fr","15":"tag-france","16":"tag-jannik-sinner","17":"tag-sports"},"share_on_mastodon":{"url":"https:\/\/pubeurope.com\/@fr\/115064104661619383","error":""},"_links":{"self":[{"href":"https:\/\/www.europesays.com\/fr\/wp-json\/wp\/v2\/posts\/332815","targetHints":{"allow":["GET"]}}],"collection":[{"href":"https:\/\/www.europesays.com\/fr\/wp-json\/wp\/v2\/posts"}],"about":[{"href":"https:\/\/www.europesays.com\/fr\/wp-json\/wp\/v2\/types\/post"}],"author":[{"embeddable":true,"href":"https:\/\/www.europesays.com\/fr\/wp-json\/wp\/v2\/users\/2"}],"replies":[{"embeddable":true,"href":"https:\/\/www.europesays.com\/fr\/wp-json\/wp\/v2\/comments?post=332815"}],"version-history":[{"count":0,"href":"https:\/\/www.europesays.com\/fr\/wp-json\/wp\/v2\/posts\/332815\/revisions"}],"wp:featuredmedia":[{"embeddable":true,"href":"https:\/\/www.europesays.com\/fr\/wp-json\/wp\/v2\/media\/332816"}],"wp:attachment":[{"href":"https:\/\/www.europesays.com\/fr\/wp-json\/wp\/v2\/media?parent=332815"}],"wp:term":[{"taxonomy":"category","embeddable":true,"href":"https:\/\/www.europesays.com\/fr\/wp-json\/wp\/v2\/categories?post=332815"},{"taxonomy":"post_tag","embeddable":true,"href":"https:\/\/www.europesays.com\/fr\/wp-json\/wp\/v2\/tags?post=332815"}],"curies":[{"name":"wp","href":"https:\/\/api.w.org\/{rel}","templated":true}]}}