{"id":332817,"date":"2025-08-21T01:14:24","date_gmt":"2025-08-21T01:14:24","guid":{"rendered":"https:\/\/www.europesays.com\/fr\/332817\/"},"modified":"2025-08-21T01:14:24","modified_gmt":"2025-08-21T01:14:24","slug":"merlier-le-plus-fort-dun-sprint-5-etoiles","status":"publish","type":"post","link":"https:\/\/www.europesays.com\/fr\/332817\/","title":{"rendered":"Merlier le plus fort d&rsquo;un sprint 5 \u00e9toiles"},"content":{"rendered":"<p class=\"date\">\n                                                            Faraj Benlahoucine, Media365, publi\u00e9 le mercredi 20 ao\u00fbt 2025 \u00e0 17h32\n                                                    <\/p>\n<p>La premi\u00e8re \u00e9tape du Renewi Tour a \u00e9t\u00e9 enlev\u00e9e par Tim Merlier au terme d&rsquo;un sprint de luxe r\u00e9unissant plusieurs grands noms. Arnaud De Lie a \u00e9chou\u00e9 en seconde positions tandis que Biniam Girmay et Olav Kooij ont respectivement pris les 5e et 7e places.<\/p>\n<p>La premi\u00e8re \u00e9tape du Renewi Tour, courue ce mercredi entre Terneuzen et Breskens le long de la c\u00f4te sud des Pays-Bas, a livr\u00e9 un sc\u00e9nario pour le moins spectaculaire. Une \u00e9chapp\u00e9e de sept coureurs ouvre la route mais ceux-ci sont repris en cours de route alors que le vent violent a d\u00e9coup\u00e9 le peloton en plusieurs portions. Ainsi, 16 homes se sont retrouv\u00e9s en t\u00eate avec entre autres Frank van den Broek (Picnic PostNL), Rui Oliveira (UAE Team Emirates XRG), Gianni Vermeersch (Alpecin-Deceuninck), Jasper Stuyven (Lidl-Trek), Kasper Asgreen (EF Education-EasyPost), Dries De Bondt (Decathlon AG2R) et le Fran\u00e7ais Paul Magnier (Soudal Quick-Step).<\/p>\n<p>Comptant jusqu&rsquo;\u00e0 une quarantaine de secondes, ce groupe n&rsquo;a jamais eu l&rsquo;opportunit\u00e9 de compter une avance confortable, la faute au travail de sape de la Visma-Lease a Bike qui souhaite emmener vers la victoire Olav Kooij. Or, celui-ci n&rsquo;a pas r\u00e9ussi \u00e0 tirer son \u00e9pingle du jeu. Car les \u00e9vad\u00e9s ont \u00e9t\u00e9 repris \u00e0 cinq kilom\u00e8tres de la ligne et un sprint de grande qualit\u00e9 r\u00e9unissant plusieurs grands noms a eu lieu \u00e0 Breskens. Le Tch\u00e8que Pavel Bittner (Picnic PostNL) a d\u00e9gain\u00e9 le premier \u00e0 moins de 200 m\u00e8tres mais il a malgr\u00e9 lui emmen\u00e9 dans sa roue un monstre id\u00e9alement plac\u00e9. Le Belge Tim Merlier (Soudal Quick-Step) a surgi de sa cachette \u00e0 150 m\u00e8tres pour se positionner en t\u00eate et maintenir son avance jusqu&rsquo;au bout.<\/p>\n<p>De Lie dauphin de Merlier, Girmay 5e, Kooij 7e<\/p>\n<p>Impressionnant de puissance, le porteur du maillot de champion d&rsquo;Europe a devanc\u00e9 son compatriote Arnaud De Lie (Lotto) et le Colombien Juan Sebastian Molano (UAE Team Emirates). Au pied du podium on retrouve Pavel Bittner ainsi que l&rsquo;Erythr\u00e9en Biniam Girmay (Intermarch\u00e9-Wanty). Figurant parmi les favoris, le N\u00e9erlandais Olav Kooij est le grand battu du jour, 7e \u00e0 l&rsquo;arriv\u00e9e devant l&rsquo;Italien Davide Ballerini (Astana) et le Colombien Fernando Gaviria (Movistar). Ce jeudi, la seconde \u00e9tape du Renewi Tour emm\u00e8nera les coureurs de Blankenberge en Belgique jusqu&rsquo;\u00e0 Ardooie sur un parcours de 170 kilom\u00e8tres relativement peu exigeant.<\/p>\n","protected":false},"excerpt":{"rendered":"Faraj Benlahoucine, Media365, publi\u00e9 le mercredi 20 ao\u00fbt 2025 \u00e0 17h32 La premi\u00e8re \u00e9tape du Renewi Tour a&hellip;\n","protected":false},"author":2,"featured_media":332818,"comment_status":"","ping_status":"","sticky":false,"template":"","format":"standard","meta":{"footnotes":""},"categories":[1411],"tags":[1154,207,1011,27,60],"class_list":{"0":"post-332817","1":"post","2":"type-post","3":"status-publish","4":"format-standard","5":"has-post-thumbnail","7":"category-cyclisme","8":"tag-cycling","9":"tag-cyclisme","10":"tag-fr","11":"tag-france","12":"tag-sports"},"share_on_mastodon":{"url":"https:\/\/pubeurope.com\/@fr\/115064108681723028","error":""},"_links":{"self":[{"href":"https:\/\/www.europesays.com\/fr\/wp-json\/wp\/v2\/posts\/332817","targetHints":{"allow":["GET"]}}],"collection":[{"href":"https:\/\/www.europesays.com\/fr\/wp-json\/wp\/v2\/posts"}],"about":[{"href":"https:\/\/www.europesays.com\/fr\/wp-json\/wp\/v2\/types\/post"}],"author":[{"embeddable":true,"href":"https:\/\/www.europesays.com\/fr\/wp-json\/wp\/v2\/users\/2"}],"replies":[{"embeddable":true,"href":"https:\/\/www.europesays.com\/fr\/wp-json\/wp\/v2\/comments?post=332817"}],"version-history":[{"count":0,"href":"https:\/\/www.europesays.com\/fr\/wp-json\/wp\/v2\/posts\/332817\/revisions"}],"wp:featuredmedia":[{"embeddable":true,"href":"https:\/\/www.europesays.com\/fr\/wp-json\/wp\/v2\/media\/332818"}],"wp:attachment":[{"href":"https:\/\/www.europesays.com\/fr\/wp-json\/wp\/v2\/media?parent=332817"}],"wp:term":[{"taxonomy":"category","embeddable":true,"href":"https:\/\/www.europesays.com\/fr\/wp-json\/wp\/v2\/categories?post=332817"},{"taxonomy":"post_tag","embeddable":true,"href":"https:\/\/www.europesays.com\/fr\/wp-json\/wp\/v2\/tags?post=332817"}],"curies":[{"name":"wp","href":"https:\/\/api.w.org\/{rel}","templated":true}]}}