{"id":332823,"date":"2025-08-21T01:17:15","date_gmt":"2025-08-21T01:17:15","guid":{"rendered":"https:\/\/www.europesays.com\/fr\/332823\/"},"modified":"2025-08-21T01:17:15","modified_gmt":"2025-08-21T01:17:15","slug":"cet-amoureux-de-la-nature-va-exposer-des-photographies-prises-dans-le-lauragais-lors-de-la-fete-de-son-village","status":"publish","type":"post","link":"https:\/\/www.europesays.com\/fr\/332823\/","title":{"rendered":"Cet amoureux de la nature va exposer des photographies prises dans le Lauragais lors de la f\u00eate de son village"},"content":{"rendered":"<p>            Par<br \/>\n        <strong><br \/>\n            <a href=\"https:\/\/actu.fr\/auteur\/angelique-passebosc\" title=\"Consulter tous les articles de Ang\u00e9lique Passebosc\" rel=\"nofollow noopener\" target=\"_blank\">Ang\u00e9lique Passebosc<\/a><br \/>\n        <\/strong><\/p>\n<p>        Publi\u00e9 le<\/p>\n<p>            19 ao\u00fbt 2025 \u00e0 18h19        <\/p>\n<p>C\u2019est devenu comme une tradition. Chaque ann\u00e9e,<b> en marge de la f\u00eate locale <\/b>organis\u00e9e au c\u0153ur du village de <a href=\"https:\/\/actu.fr\/occitanie\/maurens_31329https:\/\/actu.fr\/occitanie\/maurens_31329\" rel=\"nofollow noopener\" target=\"_blank\">Maurens<\/a> o\u00f9 il r\u00e9side, <a href=\"https:\/\/actu.fr\/occitanie\/maurens_31329\/georges-hoeflich-un-photographe-a-laffut-des-oiseaux-et-insectes_5527670.html\" rel=\"nofollow noopener\" target=\"_blank\">Georges Hoeflich<\/a> va piocher dans ses <b>nombreuses photographies<\/b>, plus pr\u00e9cis\u00e9ment celles qui mettent en sc\u00e8ne<b> animaux, insectes et paysages du Lauragais<\/b>, pour proposer aux habitants de la commune, des alentours et \u00e0 toutes autres personnes qui le souhaiteraient, de d\u00e9couvrir son travail. Si l\u2019an pass\u00e9 le comit\u00e9 des f\u00eates avait \u00e9t\u00e9 contraint de se passer de cette animation suppl\u00e9mentaire, le passionn\u00e9 a bel et bien (re) sign\u00e9, cette ann\u00e9e, pour une nouvelle \u00e9dition de <b>son exposition autour de la nature<\/b>.<\/p>\n<p>Des prises de vue in\u00e9dites<\/p>\n<p class=\" wall-content\">Au total, ce ne sont pas moins d\u2019<b>une cinquantaine de clich\u00e9s diff\u00e9rents<\/b> que les visiteurs pourront d\u00e9couvrir, samedi\u00a023 et dimanche 24\u00a0ao\u00fbt, dans les locaux de l\u2019ancienne mairie (1, place de l\u2019\u00c9cole). <b>25 photos<\/b> auxquelles s\u2019ajouteront <b>25 posters<\/b>. \u00ab\u2009Ils seront vendus 5\u00a0\u20ac l\u2019unit\u00e9\u2009\u00bb, pr\u00e9cise l\u2019auteur de cet accrochage. Une fa\u00e7on pour Georges Hoeflich de permettre au plus grand nombre de s\u2019offrir l\u2019une de ses \u0153uvres.<\/p>\n<p>Demandez le programme de la f\u00eate\u2009!<\/p>\n<p>Vendredi 22\u00a0ao\u00fbt\u2009: concours de belote (14\u00a0\u20ac par \u00e9quipe), \u00e0 20\u2009h\u200945, dans la salle des f\u00eates climatis\u00e9e.<br \/>&#13;<br \/>\nSamedi 23\u00a0ao\u00fbt\u2009: concours de p\u00e9tanque en doublettes, \u00e0 14\u2009h\u200930\u2009; repas avec aligot saucisse au menu (19\u00a0\u20ac pour les adultes, 12\u00a0\u20ac pour les 5-10\u00a0ans)\u2009; soir\u00e9e disco avec le podium Malibu et DJ Seb aux platines, \u00e0 22\u2009h.<br \/>&#13;<br \/>\nDimanche 24\u00a0ao\u00fbt\u2009: messe \u00e0 11\u2009h\u200915, suivie d\u2019un ap\u00e9ritif offert\u2009; ap\u00e9ro et d\u00eener-spectacle avec magr\u00e9tade au menu (19\u00a0\u20ac pour les adultes, 12\u00a0\u20ac pour les 5-10\u00a0ans) et La Bande du cosmo show pour l\u2019animation music-hall.<br \/>&#13;<br \/>\nPour les repas, inscription par t\u00e9l\u00e9phone au 06\u200987\u200988\u200946\u200948 ou au 06\u200903\u200964\u200950\u200990.<\/p>\n<p class=\" wall-content\">Et si le photographe est un habitu\u00e9 des expositions de ce genre \u2013 on peut notamment admirer ses prises de vues \u00e0 P\u00e2ques, lors de la F\u00eate de la Cocagne de Saint-F\u00e9lix-Lauragais \u2013 il promet cette fois encore de choisir, pour cet \u00e9v\u00e9nement, parmi les derni\u00e8res photos qu\u2019il a prises. <b>\u00ab\u2009Certaines d\u2019entre elles n\u2019ont encore jamais \u00e9t\u00e9 vues du public\u2009\u00bb<\/b>, assure-t-il.<\/p>\n<p>Vid\u00e9os : en ce moment sur ActuPlusieurs expositions en cours et \u00e0 venir<\/p>\n<p class=\" wall-content\">Notons que quelques photographies de Georges Hoeflich sont <b>actuellement expos\u00e9es sur les all\u00e9es Charles-de-Gaulle de Revel<\/b>, dans le cadre des <a href=\"https:\/\/actu.fr\/occitanie\/revel_31451\/pres-de-50-photographies-celebrant-les-paysages-du-lauragais-au-coeur-d-une-exposition-gratuite-et-en-plein-air_62794005.html#:~:text=Cette%20ann%C3%A9e%2C%20l&#039;exposition%20Promenades,%C2%AB%20Voyages%20en%20Lauragais%20%C2%BB.\" rel=\"nofollow noopener\" target=\"_blank\">Promenades des arts<\/a>. Le Maurensois participera \u00e9galement, les 11 et 12\u00a0octobre \u00e0 <b>la F\u00eate des oiseaux de Soual <\/b>et, le m\u00eame week-end, \u00e0 <b>la troisi\u00e8me \u00e9dition du Festival photo nature de La Pouzaque, \u00e0 Verdalle<\/b> (81).<\/p>\n<p>    <a href=\"https:\/\/maps.google.com\/maps?q=43.465885,1.794783&amp;z=15&amp;output=embed\" title=\"Ouvrie le lien\" rel=\"nofollow noopener\" target=\"_blank\">Cliquez ici pour visualiser le contenu<\/a><\/p>\n<p>Votre r\u00e9gion, votre actu !<\/p>\n<p>Recevez chaque jour les infos qui comptent pour vous.<\/p>\n<p>\t<a href=\"https:\/\/actu.fr\/newsletter\" class=\"ac-btn ac-btn--corner ac-btn--medium ac-btn--blue800\" rel=\"nofollow noopener\" target=\"_blank\">S&rsquo;incrire<\/a><\/p>\n<p><b>Infos pratiques<\/b><br \/>Exposition Photographie passion nature<br \/>Samedi 23\u00a0ao\u00fbt de 14\u2009h \u00e0 19\u2009h et dimanche 24\u00a0ao\u00fbt de 10\u2009h \u00e0 12\u2009h, puis de 14\u2009h \u00e0 19\u2009h<br \/>Adresse\u2009: 1, place de l\u2019\u00c9cole \u2013 31540 Maurens<br \/>Entr\u00e9e gratuite<\/p>\n<p class=\" wall-content\">Personnalisez votre actualit\u00e9 en ajoutant vos villes et m\u00e9dias en favori avec <a href=\"https:\/\/moncompte.actu.fr\" title=\"D\u00e9couvez Mon Actu\" rel=\"nofollow noopener\" data-trk=\"{&quot;cta&quot;:{&quot;action&quot;:&quot;https:\\\/\\\/moncompte.actu.fr&quot;,&quot;category&quot;:&quot;mon compte&quot;,&quot;from&quot;:&quot;article footer&quot;,&quot;name&quot;:&quot;Mon actu&quot;,&quot;type&quot;:&quot;cta&quot;}}\" target=\"_blank\">Mon Actu<\/a>.<\/p>\n","protected":false},"excerpt":{"rendered":"Par Ang\u00e9lique Passebosc Publi\u00e9 le 19 ao\u00fbt 2025 \u00e0 18h19 C\u2019est devenu comme une tradition. Chaque ann\u00e9e, en&hellip;\n","protected":false},"author":2,"featured_media":332824,"comment_status":"","ping_status":"","sticky":false,"template":"","format":"standard","meta":{"footnotes":""},"categories":[1358],"tags":[1867,1348,1384,1385,1386,58,59,1349,1011,27,1652,1756],"class_list":{"0":"post-332823","1":"post","2":"type-post","3":"status-publish","4":"format-standard","5":"has-post-thumbnail","7":"category-arts-et-design","8":"tag-animaux","9":"tag-arts","10":"tag-arts-and-design","11":"tag-arts-et-design","12":"tag-design","13":"tag-divertissement","14":"tag-entertainment","15":"tag-expositions","16":"tag-fr","17":"tag-france","18":"tag-loisirs-culture","19":"tag-photographie"},"share_on_mastodon":{"url":"https:\/\/pubeurope.com\/@fr\/115064120549877841","error":""},"_links":{"self":[{"href":"https:\/\/www.europesays.com\/fr\/wp-json\/wp\/v2\/posts\/332823","targetHints":{"allow":["GET"]}}],"collection":[{"href":"https:\/\/www.europesays.com\/fr\/wp-json\/wp\/v2\/posts"}],"about":[{"href":"https:\/\/www.europesays.com\/fr\/wp-json\/wp\/v2\/types\/post"}],"author":[{"embeddable":true,"href":"https:\/\/www.europesays.com\/fr\/wp-json\/wp\/v2\/users\/2"}],"replies":[{"embeddable":true,"href":"https:\/\/www.europesays.com\/fr\/wp-json\/wp\/v2\/comments?post=332823"}],"version-history":[{"count":0,"href":"https:\/\/www.europesays.com\/fr\/wp-json\/wp\/v2\/posts\/332823\/revisions"}],"wp:featuredmedia":[{"embeddable":true,"href":"https:\/\/www.europesays.com\/fr\/wp-json\/wp\/v2\/media\/332824"}],"wp:attachment":[{"href":"https:\/\/www.europesays.com\/fr\/wp-json\/wp\/v2\/media?parent=332823"}],"wp:term":[{"taxonomy":"category","embeddable":true,"href":"https:\/\/www.europesays.com\/fr\/wp-json\/wp\/v2\/categories?post=332823"},{"taxonomy":"post_tag","embeddable":true,"href":"https:\/\/www.europesays.com\/fr\/wp-json\/wp\/v2\/tags?post=332823"}],"curies":[{"name":"wp","href":"https:\/\/api.w.org\/{rel}","templated":true}]}}