{"id":332827,"date":"2025-08-21T01:19:20","date_gmt":"2025-08-21T01:19:20","guid":{"rendered":"https:\/\/www.europesays.com\/fr\/332827\/"},"modified":"2025-08-21T01:19:20","modified_gmt":"2025-08-21T01:19:20","slug":"cet-indice-decisif-que-le-fbi-a-rate-et-que-la-serie-netflix-a-aide-a-reveler","status":"publish","type":"post","link":"https:\/\/www.europesays.com\/fr\/332827\/","title":{"rendered":"Cet indice d\u00e9cisif que le FBI a rat\u00e9 et que la s\u00e9rie Netflix a aid\u00e9 \u00e0 r\u00e9v\u00e9ler"},"content":{"rendered":"<p>En juillet dernier, Netflix d\u00e9voilait le documentaire en trois \u00e9pisodes Amy Bradley : une passag\u00e8re disparue. Retra\u00e7ant l&rsquo;histoire de cette Am\u00e9ricaine volatilis\u00e9e sur un paquebot de croisi\u00e8re alors qu&rsquo;elle voyageait avec ses parents, ces derniers sont toujours sans nouvelle pr\u00e8s de 30 ans plus tard. Mais la s\u00e9rie Netflix semble avoir fait ressortir des indices loup\u00e9s \u00e0 l&rsquo;\u00e9poque.<\/p>\n<p>La puissance de Netflix n&rsquo;est plus \u00e0 d\u00e9montrer. Alors que certaines fictions deviennent des ph\u00e9nom\u00e8nes mondiaux, \u00e0 l&rsquo;instar de <a href=\"https:\/\/www.programme-tv.net\/news\/series-tv\/382430-squid-game-saison-3-en-seulement-3-jours-la-serie-etablit-deja-un-nouveau-record-sur-netflix\/\" data-api-deeplink=\"teleloisirs:\/\/news\/382430\" target=\"_blank\" rel=\"noopener\">Squid Game qui a permis au monde entier de prendre go\u00fbt aux fictions cor\u00e9ennes<\/a>, certains programmes peuvent aussi avoir des r\u00e9percussions dans la soci\u00e9t\u00e9. En 2023 d\u00e9j\u00e0, l&rsquo;affaire de <a href=\"https:\/\/www.programme-tv.net\/news\/tele-realite\/327519-netflix-une-affaire-denlevement-resolue-grace-a-une-emission-de-la-plateforme\/\" data-api-deeplink=\"teleloisirs:\/\/news\/327519\" target=\"_blank\" rel=\"noopener\">l&rsquo;enl\u00e8vement d&rsquo;une petite fille se voyait r\u00e9solue gr\u00e2ce \u00e0 l&rsquo;\u00e9mission Les enqu\u00eates extraordinaires<\/a>. Plus r\u00e9cemment, le parquet de Bordeaux a rouvert <a href=\"https:\/\/www.programme-tv.net\/news\/people\/383976-bertrand-cantat-la-justice-rouvre-l-enquete-sur-le-suicide-de-son-ex-compagne-krisztina-rady\/\" data-api-deeplink=\"teleloisirs:\/\/news\/383976\" target=\"_blank\" rel=\"noopener\">une enqu\u00eate sur des faits de violence de Bertrand Cantat lorsque le procureur a d\u00e9couvert le documentaire<\/a> de la plateforme de streaming. C&rsquo;est le genre de suite que l&rsquo;on souhaite notamment \u00e0 la famille d&rsquo;Amy Bradley. Les parents et le fr\u00e8re de cette Am\u00e9ricaine disparue en 1998 \u00e0 bord d&rsquo;un paquebot de croisi\u00e8re ont r\u00e9cemment t\u00e9moign\u00e9 dans Amy Bradley : une passag\u00e8re disparue, estimant eux-m\u00eame qu&rsquo;il pouvait s&rsquo;agir d&rsquo;une nouvelle chance de retrouver leur fille et s\u0153ur.<\/p>\n<p>                        Amy Bradley : cet indice capital fait surface gr\u00e2ce \u00e0 la diffusion du documentaire Netflix<\/p>\n<p>Lors de sa sortie en juillet dernier, Brad Bradley, le fr\u00e8re d&rsquo;Amy, <a href=\"https:\/\/www.programme-tv.net\/news\/series-tv\/383726-amy-bradley-que-pense-vraiment-sa-famille-du-documentaire-netflix-son-frere-releve-un-defaut\/\" data-api-deeplink=\"teleloisirs:\/\/news\/383726\" target=\"_blank\" rel=\"noopener\">s&rsquo;\u00e9tait exprim\u00e9 sur ce qu&rsquo;il pensait du documentaire Netflix <\/a>et avait confi\u00e9 son espoir de voir remonter des indices gr\u00e2ce \u00e0 cette nouvelle exposition m\u00e9diatique de l&rsquo;affaire. C&rsquo;est aujourd&rsquo;hui chose faite puisqu&rsquo;il vient de r\u00e9v\u00e9ler dans une interview accord\u00e9e <a href=\"https:\/\/people.com\/is-amy-bradley-alive-what-her-family-says-after-netflix-docuseries-11793391\" target=\"_blank\" rel=\"noopener\">au magazine am\u00e9ricain People <\/a>que de nombreuses pistes leur avaient \u00e9t\u00e9 communiqu\u00e9es depuis. Notamment, la famille Bradley a d\u00e9couvert que la paroi de s\u00e9paration des balcons des cabines du bateau pouvait s&rsquo;ouvrir. Un \u00e9l\u00e9ment qui, selon le programme Netflix, n&rsquo;a pas \u00e9t\u00e9 relev\u00e9 dans l&rsquo;enqu\u00eate alors m\u00eame que Wayne Breitag, l&rsquo;occupant de la cabine voisine, a \u00e9t\u00e9 soup\u00e7onn\u00e9 et affirme avoir longuement discut\u00e9 avec Amy mais sans jamais avoir eu de contact physique avec elle. La th\u00e8se selon laquelle Amy Bradley a \u00e9t\u00e9 enlev\u00e9e pourrait donc se voir renforc\u00e9e par la d\u00e9couverte de cet acc\u00e8s au balcon de la famille, dernier endroit o\u00f9 les Bradley ont vu Amy vivante.<\/p>\n<p>            Amy Bradley : ce t\u00e9moin n&rsquo;a jamais \u00e9t\u00e9 interrog\u00e9 par le FBI<\/p>\n<p>Selon Iva Bradley, la m\u00e8re d&rsquo;Amy, l&rsquo;autre trou dans l&rsquo;enqu\u00eate est l&rsquo;absence d&rsquo;interrogatoire d&rsquo;un des t\u00e9moins. Souvenez-vous, dans le documentaire, deux jeunes filles affirment avoir vu Amy marcher pr\u00e8s de Douglas, le principal suspect, en pleine nuit apr\u00e8s la derni\u00e8re fois o\u00f9 Brad a vu Amy.<\/p>\n<p>Un \u00e9l\u00e9ment compromettant pour Douglas qui n&rsquo;a pas \u00e9t\u00e9 retenu car le FBI affirme ne pas avoir r\u00e9ussi \u00e0 retracer la chronologie des \u00e9v\u00e9nements de fa\u00e7on assez solide. Mais Iva Bradley a d\u00e9couvert que la m\u00e8re des jeux filles, qui est celle qui leur a ouvert \u00e0 leur retour en cabine \u00e0 6 heures du matin, n&rsquo;a jamais eu l&rsquo;occasion d&rsquo;offrir son t\u00e9moignage au FBI pour confirmer les horaires des filles.<\/p>\n","protected":false},"excerpt":{"rendered":"En juillet dernier, Netflix d\u00e9voilait le documentaire en trois \u00e9pisodes Amy Bradley : une passag\u00e8re disparue. Retra\u00e7ant l&rsquo;histoire&hellip;\n","protected":false},"author":2,"featured_media":332828,"comment_status":"","ping_status":"","sticky":false,"template":"","format":"standard","meta":{"footnotes":""},"categories":[1356],"tags":[47006,2083,244,58,59,118,1011,27,47008,47007,127,1722,129,252,1364],"class_list":{"0":"post-332827","1":"post","2":"type-post","3":"status-publish","4":"format-standard","5":"has-post-thumbnail","7":"category-television","8":"tag-amy-bradley","9":"tag-bandes-annonces","10":"tag-commentaire","11":"tag-divertissement","12":"tag-entertainment","13":"tag-faits-divers","14":"tag-fr","15":"tag-france","16":"tag-la-passagu00e8re-disparue","17":"tag-la-passagu00e8re-disparue-su00e9rie-52190203","18":"tag-netflix","19":"tag-pub-streaming-netflix","20":"tag-svod","21":"tag-television","22":"tag-tv"},"share_on_mastodon":{"url":"https:\/\/pubeurope.com\/@fr\/115064128380579997","error":""},"_links":{"self":[{"href":"https:\/\/www.europesays.com\/fr\/wp-json\/wp\/v2\/posts\/332827","targetHints":{"allow":["GET"]}}],"collection":[{"href":"https:\/\/www.europesays.com\/fr\/wp-json\/wp\/v2\/posts"}],"about":[{"href":"https:\/\/www.europesays.com\/fr\/wp-json\/wp\/v2\/types\/post"}],"author":[{"embeddable":true,"href":"https:\/\/www.europesays.com\/fr\/wp-json\/wp\/v2\/users\/2"}],"replies":[{"embeddable":true,"href":"https:\/\/www.europesays.com\/fr\/wp-json\/wp\/v2\/comments?post=332827"}],"version-history":[{"count":0,"href":"https:\/\/www.europesays.com\/fr\/wp-json\/wp\/v2\/posts\/332827\/revisions"}],"wp:featuredmedia":[{"embeddable":true,"href":"https:\/\/www.europesays.com\/fr\/wp-json\/wp\/v2\/media\/332828"}],"wp:attachment":[{"href":"https:\/\/www.europesays.com\/fr\/wp-json\/wp\/v2\/media?parent=332827"}],"wp:term":[{"taxonomy":"category","embeddable":true,"href":"https:\/\/www.europesays.com\/fr\/wp-json\/wp\/v2\/categories?post=332827"},{"taxonomy":"post_tag","embeddable":true,"href":"https:\/\/www.europesays.com\/fr\/wp-json\/wp\/v2\/tags?post=332827"}],"curies":[{"name":"wp","href":"https:\/\/api.w.org\/{rel}","templated":true}]}}