{"id":332843,"date":"2025-08-21T01:28:09","date_gmt":"2025-08-21T01:28:09","guid":{"rendered":"https:\/\/www.europesays.com\/fr\/332843\/"},"modified":"2025-08-21T01:28:09","modified_gmt":"2025-08-21T01:28:09","slug":"deux-morts-et-deux-blesses-apres-un-eboulement-sur-la-rn-205","status":"publish","type":"post","link":"https:\/\/www.europesays.com\/fr\/332843\/","title":{"rendered":"Deux morts et deux bless\u00e9s apr\u00e8s un \u00e9boulement sur la RN 205"},"content":{"rendered":"<p>Au moins deux personnes sont mortes ce mercredi apr\u00e8s l\u2019\u00e9boulement de blocs de roches, vers 18 heures sur le viaduc des Egratz en <a href=\"https:\/\/www.20minutes.fr\/societe\/haute-savoie\/\" class=\"c-link c-link--is-underlined\" rel=\"nofollow noopener\" target=\"_blank\">Haute-Savoie<\/a>. Les deux victimes se trouvaient \u00e0 l\u2019arri\u00e8re du v\u00e9hicule. Le conducteur est quant \u00e0 lui gravement bless\u00e9 et la passag\u00e8re avant est l\u00e9g\u00e8rement bless\u00e9e. Tous deux \u00e2g\u00e9s de 54 ans, leur pronostic vital ne serait pas engag\u00e9. Selon <a href=\"https:\/\/www.francebleu.fr\/infos\/faits-divers-justice\/haute-savoie-accident-grave-sur-la-rn205-suite-a-un-eboulement-une-voiture-sur-le-toit-4527895\" rel=\"nofollow noopener\" target=\"_blank\" class=\"c-link c-link--is-underlined\">France Bleu<\/a>, les deux victimes seraient le fils et la belle-fille du couple, tous deux \u00e2g\u00e9 de 23 ans.<\/p>\n<p>Les victimes sont une famille originaire d\u2019Oisemont dans la Somme, en vacances \u00e0 Combloux, en Haute-Savoie, a expliqu\u00e9 le procureur de Bonneville Boris Duffau. Ils revenaient d\u2019une visite au Parc Animalier de Merlet, dans la commune des Houches.<\/p>\n<\/p>\n<p>Les op\u00e9rations de secours toujours en cours<\/p>\n<p>\u00ab\u00a0Les victimes ont \u00e9t\u00e9 prises en charge vers les centres hospitaliers de Sallanches et <a href=\"https:\/\/www.20minutes.fr\/dossier\/annecy\" target=\"_blank\" class=\"c-link c-link--is-underlined\" rel=\"nofollow noopener\">Annecy<\/a>\u00a0\u00bb, a indiqu\u00e9 la pr\u00e9fecture de Haute-Savoie dans un communiqu\u00e9. \u00ab\u00a0Apr\u00e8s analyse des services techniques de la RTM (restauration des terrains de montagne), la zone de d\u00e9part de la chute des blocs reste encore instable\u00a0\u00bb, explique encore la pr\u00e9fecture. Vers 22h30, la <a href=\"https:\/\/www.20minutes.fr\/dossier\/circulation\" target=\"_blank\" class=\"c-link c-link--is-underlined\" rel=\"nofollow noopener\">circulation<\/a> a \u00e9t\u00e9 rouverte dans les 2 sens sur la RN 205 entre <a href=\"https:\/\/www.20minutes.fr\/dossier\/chamonix\" target=\"_blank\" class=\"c-link c-link--is-underlined\" rel=\"nofollow noopener\">Chamonix<\/a> et Passy via le viaduc des Egratz. La travers\u00e9e du tunnel du Mont blanc est de nouveau possible pour les poids lourds en provenance d\u2019Italie.<\/p>\n<p>La pr\u00e9fecture a \u00e9galement pr\u00e9cis\u00e9 que \u00ab\u00a0les secours sont rapidement arriv\u00e9s sur place\u00a0\u00bb. Un total de 36 sapeurs-pompiers et 21 agents des forces de l\u2019ordre sont intervenus sur la zone. Une enqu\u00eate en recherche des causes de la mort a \u00e9t\u00e9 ouverte par le parquet de Bonneville et confi\u00e9e \u00e0 la brigade de recherches de Chamonix.<\/p>\n","protected":false},"excerpt":{"rendered":"Au moins deux personnes sont mortes ce mercredi apr\u00e8s l\u2019\u00e9boulement de blocs de roches, vers 18 heures sur&hellip;\n","protected":false},"author":2,"featured_media":332844,"comment_status":"","ping_status":"","sticky":false,"template":"","format":"standard","meta":{"footnotes":""},"categories":[4],"tags":[119,4376,47,11,2430,32308,118,1011,27,10868,4638,12,25,2431],"class_list":{"0":"post-332843","1":"post","2":"type-post","3":"status-publish","4":"format-standard","5":"has-post-thumbnail","7":"category-france","8":"tag-accident","9":"tag-accident-de-la-route","10":"tag-actualite","11":"tag-actualites","12":"tag-auvergne-rhone-alpes","13":"tag-chamonix","14":"tag-faits-divers","15":"tag-fr","16":"tag-france","17":"tag-geneve","18":"tag-haute-savoie","19":"tag-news","20":"tag-republique-francaise","21":"tag-rhone-alpes"},"share_on_mastodon":{"url":"https:\/\/pubeurope.com\/@fr\/115064163756563901","error":""},"_links":{"self":[{"href":"https:\/\/www.europesays.com\/fr\/wp-json\/wp\/v2\/posts\/332843","targetHints":{"allow":["GET"]}}],"collection":[{"href":"https:\/\/www.europesays.com\/fr\/wp-json\/wp\/v2\/posts"}],"about":[{"href":"https:\/\/www.europesays.com\/fr\/wp-json\/wp\/v2\/types\/post"}],"author":[{"embeddable":true,"href":"https:\/\/www.europesays.com\/fr\/wp-json\/wp\/v2\/users\/2"}],"replies":[{"embeddable":true,"href":"https:\/\/www.europesays.com\/fr\/wp-json\/wp\/v2\/comments?post=332843"}],"version-history":[{"count":0,"href":"https:\/\/www.europesays.com\/fr\/wp-json\/wp\/v2\/posts\/332843\/revisions"}],"wp:featuredmedia":[{"embeddable":true,"href":"https:\/\/www.europesays.com\/fr\/wp-json\/wp\/v2\/media\/332844"}],"wp:attachment":[{"href":"https:\/\/www.europesays.com\/fr\/wp-json\/wp\/v2\/media?parent=332843"}],"wp:term":[{"taxonomy":"category","embeddable":true,"href":"https:\/\/www.europesays.com\/fr\/wp-json\/wp\/v2\/categories?post=332843"},{"taxonomy":"post_tag","embeddable":true,"href":"https:\/\/www.europesays.com\/fr\/wp-json\/wp\/v2\/tags?post=332843"}],"curies":[{"name":"wp","href":"https:\/\/api.w.org\/{rel}","templated":true}]}}