{"id":332856,"date":"2025-08-21T01:45:23","date_gmt":"2025-08-21T01:45:23","guid":{"rendered":"https:\/\/www.europesays.com\/fr\/332856\/"},"modified":"2025-08-21T01:45:23","modified_gmt":"2025-08-21T01:45:23","slug":"des-vetements-usages-jetes-dans-les-bacs-jaunes-de-tri-selectif-rennes-metropole-tire-la-sonnette-dalarme","status":"publish","type":"post","link":"https:\/\/www.europesays.com\/fr\/332856\/","title":{"rendered":"Des v\u00eatements usag\u00e9s jet\u00e9s dans les bacs jaunes de tri s\u00e9lectif\u00a0: Rennes m\u00e9tropole tire la sonnette d&rsquo;alarme"},"content":{"rendered":"<p>Les erreurs de tri se multiplient dans les communes de Rennes m\u00e9tropole. Depuis quelques semaines en cet \u00e9t\u00e9 2025, des v\u00eatements, des chaussures ou du linge usag\u00e9s se retrouvent dans les bacs jaunes  ou les bornes jaunes d&rsquo;apport volontaire. Ce n&rsquo;est pas l\u00e0 qu&rsquo;on s&rsquo;en d\u00e9barrasse. Explications.\n<\/p>\n<p>\u00ab\u00a0Surtout pas dans le bac jaune\u00a0\u00bb, c&rsquo;est l&rsquo;appel lanc\u00e9 en ce mois d&rsquo;ao\u00fbt 2025 par Rennes m\u00e9tropole,\u00a0alors que des v\u00eatements, des chaussures ou du linge usag\u00e9s se retrouvent depuis plusieurs semaines dans les bacs jaunes ou les bornes jaunes d&rsquo;apport volontaire situ\u00e9s dans les 43 communes.\u00a0Les erreurs de tri se multiplient, constate l&rsquo;entreprise Paprec, situ\u00e9e au Rheu (Ille-et-Vilaine) qui est charg\u00e9e justement de trier les d\u00e9chets.<\/p>\n<p><strong>La pr\u00e9sence de ces textiles entraine des arr\u00eats techniques pour ce site industriel,<\/strong> car\u00a0certains d&rsquo;entre eux s&rsquo;enroulent dans les \u00e9quipements. Ces incidents \u00e0 r\u00e9p\u00e9tition n\u00e9cessitent une maintenance accrue portant pr\u00e9judice \u00e0 toute la fili\u00e8re de tri.<\/p>\n<p>Le Relais fonctionne<\/p>\n<p>Cette situation est sans doute due\u00a0<a class=\"IciLink ici-link IciArticleLink g-ici-body-regular-1 underline brand svelte-lu7k6w\" href=\"https:\/\/www.francebleu.fr\/infos\/economie-social\/recyclage-de-vetements-le-relais-suspend-la-collecte-dans-ses-bornes-pour-reclamer-plus-de-moyens-8045800\" rel=\"nofollow noopener\" target=\"_blank\">\u00e0 l&rsquo;arr\u00eat des collectes men\u00e9es par les Relais d\u00e9but juillet 2025<\/a>. Mais apr\u00e8s quelques jours d&rsquo;interruption, la collecte de ces bornes textiles a repris. Plus de 300 bornes existent dans la m\u00e9tropole et c&rsquo;est l\u00e0 qu&rsquo;il faut d\u00e9poser ces v\u00eatements usag\u00e9s dans des sacs ferm\u00e9s.\u00a0S&rsquo;il s&rsquo;agit de v\u00eatements sales et humides, il faut imp\u00e9rativement les jeter avec les ordures m\u00e9nag\u00e8res.<\/p>\n<p>\u00c0 lire aussi   <img decoding=\"async\" src=\"https:\/\/www.europesays.com\/fr\/wp-content\/uploads\/2025\/08\/1755740723_622_560x315\" alt=\"L'une des bornes de collecte de v\u00eatements du Relais (photo d'illustration).\" style=\"--_image-preview:url('data:image\/jpeg;base64,\/9j\/2wBDACgcHiMeGSgjISMtKygwPGRBPDc3PHtYXUlkkYCZlo+AjIqgtObDoKrarYqMyP\/L2u71\/\/\/\/m8H\/\/\/\/6\/+b9\/\/j\/2wBDASstLTw1PHZBQXb4pYyl+Pj4+Pj4+Pj4+Pj4+Pj4+Pj4+Pj4+Pj4+Pj4+Pj4+Pj4+Pj4+Pj4+Pj4+Pj4+Pj4+Pj\/wAARCAAXACoDASIAAhEBAxEB\/8QAFwAAAwEAAAAAAAAAAAAAAAAAAAECA\/\/EABgQAQEBAQEAAAAAAAAAAAAAAAABEQIS\/8QAFgEBAQEAAAAAAAAAAAAAAAAAAQAC\/8QAFBEBAAAAAAAAAAAAAAAAAAAAAP\/aAAwDAQACEQMRAD8AzVzUacoLaUWs5VaQXSFWp0NM9OUAsrlPQEk2p9ABP\/\/Z');\" loading=\"lazy\" fetchpriority=\"low\" aria-hidden=\"true\" class=\"svelte-1pnmlwx rounded\" onload=\"this.__e=event\" onerror=\"this.__e=event\"\/> <\/p>\n","protected":false},"excerpt":{"rendered":"Les erreurs de tri se multiplient dans les communes de Rennes m\u00e9tropole. Depuis quelques semaines en cet \u00e9t\u00e9&hellip;\n","protected":false},"author":2,"featured_media":332857,"comment_status":"","ping_status":"","sticky":false,"template":"","format":"standard","meta":{"footnotes":""},"categories":[2821],"tags":[1111,11,829,1777,674,1011,27,12,584,25],"class_list":{"0":"post-332856","1":"post","2":"type-post","3":"status-publish","4":"format-standard","5":"has-post-thumbnail","7":"category-rennes","8":"tag-actu","9":"tag-actualites","10":"tag-bretagne","11":"tag-eu","12":"tag-europe","13":"tag-fr","14":"tag-france","15":"tag-news","16":"tag-rennes","17":"tag-republique-francaise"},"share_on_mastodon":{"url":"https:\/\/pubeurope.com\/@fr\/115064230616480468","error":""},"_links":{"self":[{"href":"https:\/\/www.europesays.com\/fr\/wp-json\/wp\/v2\/posts\/332856","targetHints":{"allow":["GET"]}}],"collection":[{"href":"https:\/\/www.europesays.com\/fr\/wp-json\/wp\/v2\/posts"}],"about":[{"href":"https:\/\/www.europesays.com\/fr\/wp-json\/wp\/v2\/types\/post"}],"author":[{"embeddable":true,"href":"https:\/\/www.europesays.com\/fr\/wp-json\/wp\/v2\/users\/2"}],"replies":[{"embeddable":true,"href":"https:\/\/www.europesays.com\/fr\/wp-json\/wp\/v2\/comments?post=332856"}],"version-history":[{"count":0,"href":"https:\/\/www.europesays.com\/fr\/wp-json\/wp\/v2\/posts\/332856\/revisions"}],"wp:featuredmedia":[{"embeddable":true,"href":"https:\/\/www.europesays.com\/fr\/wp-json\/wp\/v2\/media\/332857"}],"wp:attachment":[{"href":"https:\/\/www.europesays.com\/fr\/wp-json\/wp\/v2\/media?parent=332856"}],"wp:term":[{"taxonomy":"category","embeddable":true,"href":"https:\/\/www.europesays.com\/fr\/wp-json\/wp\/v2\/categories?post=332856"},{"taxonomy":"post_tag","embeddable":true,"href":"https:\/\/www.europesays.com\/fr\/wp-json\/wp\/v2\/tags?post=332856"}],"curies":[{"name":"wp","href":"https:\/\/api.w.org\/{rel}","templated":true}]}}