{"id":332859,"date":"2025-08-21T01:47:20","date_gmt":"2025-08-21T01:47:20","guid":{"rendered":"https:\/\/www.europesays.com\/fr\/332859\/"},"modified":"2025-08-21T01:47:20","modified_gmt":"2025-08-21T01:47:20","slug":"strasbourg-pour-continuer-decrire-sa-propre-histoire-20-08-2025-a-2308","status":"publish","type":"post","link":"https:\/\/www.europesays.com\/fr\/332859\/","title":{"rendered":"Strasbourg, pour continuer d&rsquo;\u00e9crire sa propre histoire &#8211; 20\/08\/2025 \u00e0 23:08"},"content":{"rendered":"<p>        <img fetchpriority=\"high\" decoding=\"async\" src=\"https:\/\/www.europesays.com\/fr\/wp-content\/uploads\/2025\/08\/ab0fae9a87319810ffad342ebcb5bab4-760x507.jpg\" alt=\"Strasbourg, pour continuer d'\u00e9crire sa propre histoire\" loading=\"eager\" width=\"760\" height=\"507\" style=\"max-width: 100%!important; height: auto;\"\/><\/p>\n<p class=\"c-image-news__legend\">Strasbourg, pour continuer d&rsquo;\u00e9crire sa propre histoire<\/p>\n<p>\n <strong><br \/>\n  Oppos\u00e9 au Br\u00f8ndby FC \u00e0 la Meinau, le Racing Club de Strasbourg a l&rsquo;occasion de renouer avec un riche pass\u00e9 europ\u00e9en, tout en confirmant sa nouvelle identit\u00e9.<br \/>\n <\/strong>\n<\/p>\n<p>\n Il y a des soir\u00e9es du mois d\u2019ao\u00fbt qui ont un parfum diff\u00e9rent des pr\u00e9c\u00e9dentes. De celles que l\u2019on sait d\u00e9cisives avant qu\u2019elles ne rendent leur verdict et de celles qui conditionnent une saison. \u00c0 l\u2019heure de recevoir le Br\u00f8ndby FC \u00e0 la Meinau (20 heures) en barrage aller de Ligue Conf\u00e9rence, Strasbourg retrouve le frisson des soir\u00e9es europ\u00e9ennes. Si la derni\u00e8re apparition continentale des Alsaciens n\u2019est pas si lointaine, puisqu\u2019au b\u00e9n\u00e9fice de la victoire en Coupe de la Ligue en 2019, le Racing avait disput\u00e9 deux tours pr\u00e9liminaires avant d\u2019\u00eatre sorti en barrages par l\u2019Eintracht Francfort, Strasbourg peut s\u2019avancer avec une ambition peut-\u00eatre nouvelle cette saison. De par les promesses sem\u00e9es la saison pass\u00e9e, mais aussi de par ses moyens, aujourd\u2019hui bien plus cons\u00e9quents.\n<\/p>\n<p>\n D\u2019autant qu\u2019il convient aussi de renouer avec le pass\u00e9 d\u2019un club qui compte d\u00e9j\u00e0 56 matchs de coupe d\u2019Europe \u00e0 son actif, qui a \u00e9limin\u00e9 le Bar\u00e7a et par deux fois l\u2019AC Milan en Coupe des villes de foire au milieu des ann\u00e9es 60, les Rangers ou Liverpool en Coupe de l\u2019UEFA dans les ann\u00e9es 90 et qui compte m\u00eame une Coupe Intertoto en 1995 \u00e0 son actif.\u2026\n<\/p>\n<p>\n <strong><br \/>\n  Par Julien Faure pour SOFOOT.com<br \/>\n <\/strong>\n<\/p>\n<p><a data-tag-commander-click=\"{&quot;label&quot;: &quot;articles::lire_la_suite_site_partenaire::so_foot::strasbourg_pour_continuer_d_ecrire_sa_propre_histoire&quot;, &quot;s2&quot;: 2, &quot;type&quot;: &quot;exit&quot;}\" target=\"_blank\" rel=\"noopener noreferrer canonical nofollow\" class=\"lienExterne c-link c-link--animated u-text-size-lg\" href=\"https:\/\/www.sofoot.com\/articles\/strasbourg-brondby-pour-continuer-decrire-sa-propre-histoire\">Lire la suite de l&rsquo;article sur SoFoot.com<\/a><\/p>\n","protected":false},"excerpt":{"rendered":"Strasbourg, pour continuer d&rsquo;\u00e9crire sa propre histoire Oppos\u00e9 au Br\u00f8ndby FC \u00e0 la Meinau, le Racing Club de&hellip;\n","protected":false},"author":2,"featured_media":332860,"comment_status":"","ping_status":"","sticky":false,"template":"","format":"standard","meta":{"footnotes":""},"categories":[2820],"tags":[400,1111,11,398,408,405,1777,674,1011,27,775,403,402,399,404,12,25,401,640,406,407],"class_list":{"0":"post-332859","1":"post","2":"type-post","3":"status-publish","4":"format-standard","5":"has-post-thumbnail","7":"category-strasbourg","8":"tag-action-cac-40","9":"tag-actu","10":"tag-actualites","11":"tag-bourse-de-paris","12":"tag-boursorama","13":"tag-cotations","14":"tag-eu","15":"tag-europe","16":"tag-fr","17":"tag-france","18":"tag-grand-est","19":"tag-indices-devises","20":"tag-investir","21":"tag-investissement","22":"tag-marche-boursier","23":"tag-news","24":"tag-republique-francaise","25":"tag-sicav","26":"tag-strasbourg","27":"tag-trackers","28":"tag-warrants"},"share_on_mastodon":{"url":"https:\/\/pubeurope.com\/@fr\/115064238548594565","error":""},"_links":{"self":[{"href":"https:\/\/www.europesays.com\/fr\/wp-json\/wp\/v2\/posts\/332859","targetHints":{"allow":["GET"]}}],"collection":[{"href":"https:\/\/www.europesays.com\/fr\/wp-json\/wp\/v2\/posts"}],"about":[{"href":"https:\/\/www.europesays.com\/fr\/wp-json\/wp\/v2\/types\/post"}],"author":[{"embeddable":true,"href":"https:\/\/www.europesays.com\/fr\/wp-json\/wp\/v2\/users\/2"}],"replies":[{"embeddable":true,"href":"https:\/\/www.europesays.com\/fr\/wp-json\/wp\/v2\/comments?post=332859"}],"version-history":[{"count":0,"href":"https:\/\/www.europesays.com\/fr\/wp-json\/wp\/v2\/posts\/332859\/revisions"}],"wp:featuredmedia":[{"embeddable":true,"href":"https:\/\/www.europesays.com\/fr\/wp-json\/wp\/v2\/media\/332860"}],"wp:attachment":[{"href":"https:\/\/www.europesays.com\/fr\/wp-json\/wp\/v2\/media?parent=332859"}],"wp:term":[{"taxonomy":"category","embeddable":true,"href":"https:\/\/www.europesays.com\/fr\/wp-json\/wp\/v2\/categories?post=332859"},{"taxonomy":"post_tag","embeddable":true,"href":"https:\/\/www.europesays.com\/fr\/wp-json\/wp\/v2\/tags?post=332859"}],"curies":[{"name":"wp","href":"https:\/\/api.w.org\/{rel}","templated":true}]}}