{"id":332861,"date":"2025-08-21T01:48:14","date_gmt":"2025-08-21T01:48:14","guid":{"rendered":"https:\/\/www.europesays.com\/fr\/332861\/"},"modified":"2025-08-21T01:48:14","modified_gmt":"2025-08-21T01:48:14","slug":"de-nice-a-paris-a-pied-une-jeune-azureenne-boucle-son-defi-hors-du-commun-en-hommage-a-sa-mere","status":"publish","type":"post","link":"https:\/\/www.europesays.com\/fr\/332861\/","title":{"rendered":"De Nice \u00e0 Paris \u00e0 pied: une jeune Azur\u00e9enne boucle son d\u00e9fi hors du commun en hommage \u00e0 sa m\u00e8re"},"content":{"rendered":"<p data-start=\"137\" data-end=\"618\">Un <a href=\"https:\/\/www.nicematin.com\/vie-locale\/une-roquebrunoise-en-marche-contre-le-cancer-974370\" rel=\"nofollow noopener\" target=\"_blank\">parcours de pr\u00e8s de 900 km qu\u2019elle a accompli en hommage \u00e0 sa m\u00e8re<\/a>, emport\u00e9e par la maladie, et pour collecter des fonds au profit de la Ligue contre le cancer des Alpes-Maritimes.<\/p>\n<p data-start=\"137\" data-end=\"618\">Pour Yasmine, ce p\u00e9riple a \u00e9t\u00e9 avant tout un geste d\u2019amour et de m\u00e9moire: marcher pour sa m\u00e8re, mais aussi pour toutes les familles touch\u00e9es par la maladie.<\/p>\n<p data-start=\"137\" data-end=\"618\">Tout au long de sa route, elle a souhait\u00e9 sensibiliser \u00e0 l\u2019importance de la pr\u00e9vention et rappeler les bienfaits de la marche sur la sant\u00e9.<\/p>\n<p data-start=\"137\" data-end=\"618\">Un chemin sem\u00e9 de rencontres et de soutiens<\/p>\n<p data-start=\"671\" data-end=\"1345\">De Nice \u00e0 Paris, la jeune Roquebrunoise a travers\u00e9 cinq d\u00e9partements o\u00f9 elle a \u00e9t\u00e9 accueillie par diff\u00e9rents comit\u00e9s de la Ligue contre le cancer (Var, Vaucluse, Rh\u00f4ne, Ni\u00e8vre et Essonne). Des b\u00e9n\u00e9voles, des malades mais aussi de simples passants ont salu\u00e9 son engagement, l\u2019encourageant \u00e0 poursuivre son incroyable aventure.<\/p>\n<p data-start=\"671\" data-end=\"1345\">Bien que seule sur la route, Yasmine n\u2019\u00e9tait pas isol\u00e9e. Trois amis l\u2019ont accompagn\u00e9e en voiture afin d\u2019assurer sa s\u00e9curit\u00e9, la logistique et la communication du projet. Plusieurs soutiens financiers ont \u00e9galement contribu\u00e9 \u00e0 rendre possible ce d\u00e9fi: le Club Soroptimist Nice, l\u2019institution Saint-Joseph de Carnol\u00e8s ainsi que la compagnie Th\u00e9ox.<\/p>\n<p data-start=\"1347\" data-end=\"1704\">Le 8 ao\u00fbt, apr\u00e8s plus d\u2019un mois de marche, Yasmine a achev\u00e9 son p\u00e9riple \u00e0 Paris, o\u00f9 elle a \u00e9t\u00e9 accueillie \u00e0 la Maison de la M\u00e9tropole par ses proches et des repr\u00e9sentants de la Ligue. Un moment charg\u00e9 d\u2019\u00e9motion.\u00a0\u00ab\u00a0Je suis profond\u00e9ment reconnaissante envers toutes les personnes qui m\u2019ont suivie et soutenue tout au long de cette aventure\u00a0\u00bb, confie-t-elle.<\/p>\n<p data-start=\"1706\" data-end=\"1919\">Par son courage, sa d\u00e9termination et son altruisme, Yasmine Abidellaoui devient un symbole d\u2019espoir et de solidarit\u00e9. Son d\u00e9fi rappelle que, face au cancer, la mobilisation collective demeure une arme essentielle.<\/p>\n","protected":false},"excerpt":{"rendered":"Un parcours de pr\u00e8s de 900 km qu\u2019elle a accompli en hommage \u00e0 sa m\u00e8re, emport\u00e9e par la&hellip;\n","protected":false},"author":2,"featured_media":332862,"comment_status":"","ping_status":"","sticky":false,"template":"","format":"standard","meta":{"footnotes":""},"categories":[2819],"tags":[1111,11,1777,674,1011,27,12,2401,882,25,3366],"class_list":{"0":"post-332861","1":"post","2":"type-post","3":"status-publish","4":"format-standard","5":"has-post-thumbnail","7":"category-nice","8":"tag-actu","9":"tag-actualites","10":"tag-eu","11":"tag-europe","12":"tag-fr","13":"tag-france","14":"tag-news","15":"tag-nice","16":"tag-provence-alpes-cote-dazur","17":"tag-republique-francaise","18":"tag-vie-locale"},"share_on_mastodon":{"url":"https:\/\/pubeurope.com\/@fr\/115064242425708571","error":""},"_links":{"self":[{"href":"https:\/\/www.europesays.com\/fr\/wp-json\/wp\/v2\/posts\/332861","targetHints":{"allow":["GET"]}}],"collection":[{"href":"https:\/\/www.europesays.com\/fr\/wp-json\/wp\/v2\/posts"}],"about":[{"href":"https:\/\/www.europesays.com\/fr\/wp-json\/wp\/v2\/types\/post"}],"author":[{"embeddable":true,"href":"https:\/\/www.europesays.com\/fr\/wp-json\/wp\/v2\/users\/2"}],"replies":[{"embeddable":true,"href":"https:\/\/www.europesays.com\/fr\/wp-json\/wp\/v2\/comments?post=332861"}],"version-history":[{"count":0,"href":"https:\/\/www.europesays.com\/fr\/wp-json\/wp\/v2\/posts\/332861\/revisions"}],"wp:featuredmedia":[{"embeddable":true,"href":"https:\/\/www.europesays.com\/fr\/wp-json\/wp\/v2\/media\/332862"}],"wp:attachment":[{"href":"https:\/\/www.europesays.com\/fr\/wp-json\/wp\/v2\/media?parent=332861"}],"wp:term":[{"taxonomy":"category","embeddable":true,"href":"https:\/\/www.europesays.com\/fr\/wp-json\/wp\/v2\/categories?post=332861"},{"taxonomy":"post_tag","embeddable":true,"href":"https:\/\/www.europesays.com\/fr\/wp-json\/wp\/v2\/tags?post=332861"}],"curies":[{"name":"wp","href":"https:\/\/api.w.org\/{rel}","templated":true}]}}