{"id":332865,"date":"2025-08-21T01:51:45","date_gmt":"2025-08-21T01:51:45","guid":{"rendered":"https:\/\/www.europesays.com\/fr\/332865\/"},"modified":"2025-08-21T01:51:45","modified_gmt":"2025-08-21T01:51:45","slug":"a-nantes-les-dessous-de-lexpo-le-coran-des-histoires-europeennes","status":"publish","type":"post","link":"https:\/\/www.europesays.com\/fr\/332865\/","title":{"rendered":"\u00c0 Nantes, les dessous de l&rsquo;expo \u00ab Le Coran, des histoires europ\u00e9ennes \u00bb&#8230;"},"content":{"rendered":"<p>D\u00e9p\u00eachez-vous ! Le 31 ao\u00fbt, la bonne ville de Nantes, dirig\u00e9e par Johanna Rolland, \u00e9lue PS-Verts-communiste, fermera les portes d\u2019une exposition assez embl\u00e9matique de ce que peut produire l\u2019alliance de la propagande europ\u00e9iste, de l\u2019influence salafiste en Europe, de la haine de soi et du d\u00e9ni de r\u00e9alit\u00e9. Le tout mis sur pied, comme d\u2019habitude, \u00e0 vos frais.<\/p>\n<p>Depuis le 17 mai et jusqu\u2019au 31 ao\u00fbt prochain, la m\u00e9diath\u00e8que Jacques-Demy de Nantes propose en effet aux amateurs d\u2019ombre en p\u00e9riode de fortes chaleurs \u00ab une grande exposition mettant en lumi\u00e8re les interactions entre l\u2019Histoire europ\u00e9enne et celle du Coran \u00bb. Nom de cette exposition : Le Coran, des histoires europ\u00e9ennes. Les racines chr\u00e9tiennes de l\u2019Europe, pfuit ! Jamais vues ! Mais les racines coraniques de l\u2019Europe m\u00e9ritent apparemment qu\u2019on s\u2019y arr\u00eate. Le Coran n&rsquo;a-t-il pas sa place depuis des si\u00e8cles dans toutes les biblioth\u00e8ques des familles fran\u00e7aises ? \u00ab Depuis le VIIIe si\u00e8cle, le Coran est pr\u00e9sent en Europe \u00bb, explique la publicit\u00e9 officielle de l\u2019expo. D\u2019o\u00f9 cette question que vous ne vous \u00e9tiez peut-\u00eatre pas pos\u00e9e. Ou \u00e0 laquelle vous aviez r\u00e9pondu trop vite : \u00ab Quel r\u00f4le le Coran a-t-il jou\u00e9 dans la formation de l\u2019identit\u00e9 europ\u00e9enne ? \u00bb Vous avez bien lu : pas la Bible, le Coran ! Un r\u00f4le majeur, bien s\u00fbr. \u00ab L\u2019exposition explore toute la complexit\u00e9 de cette relation en d\u00e9veloppant dans un d\u00e9roul\u00e9 th\u00e9matique et chronologique la pluralit\u00e9 des visions europ\u00e9ennes du texte sacr\u00e9 musulman \u00bb, poursuit la communication.<\/p>\n<p>Programme de recherche europ\u00e9en The European Qur\u2019an<\/p>\n<p>Il est vrai que l\u2019orientalisme ne date pas d\u2019hier et l\u2019art occidental, notamment, a largement puis\u00e9 dans cette culture qui fascinait, tant elle \u00e9tait\u2026 exotique. Du reste, en 2024, l\u2019exposition parisienne Les Orientalistes avait fait honneur \u00e0 nos peintres troubl\u00e9s par les charmes de l\u2019Orient. Non sans <a href=\"https:\/\/www.telerama.fr\/arts-expositions\/expo-les-orientalistes-apres-un-appel-au-boycott-l-atelier-des-lumieres-revoit-sa-copie-7020279.php\" target=\"_blank\" rel=\"noopener nofollow\">r\u00e9volter, au passage, certaines f\u00e9ministes de gauche<\/a> r\u00e9unies derri\u00e8re les comptes X\u00a0@pas.tabeurette, @khlass_les_cliches, @beurettes_revoltees, @racisme.invisible et @jeneveuxpasdenfant. Les Orientalistes rel\u00e8vent, selon elles, un \u00ab courant artistique colonial \u00e0 l\u2019approche raciste et sexiste, sans aucun regard critique \u00bb. On n\u2019\u00e9voque pas l\u2019islam en dehors des clous\u2026<\/p>\n<p>Mais revenons \u00e0 Nantes. Comment d\u00e9cide-t-on, un beau jour, de mobiliser le ban et l\u2019arri\u00e8re-ban autour de cette page de l\u2019Histoire qui avait \u00e0 peu pr\u00e8s \u00e9chapp\u00e9 jusqu\u2019ici \u00e0 nos anc\u00eatres ? Par quel hasard et quelles influences en vient-on \u00e0 cr\u00e9er une exposition titr\u00e9e Le Coran, des histoires europ\u00e9ennes ? R\u00e9ponse : \u00ab Cette exposition est le fruit d\u2019un programme de recherche europ\u00e9en EuQu \u2013 The European Qur\u2019an \u00bb, indique, toujours, la pr\u00e9sentation officielle de l&rsquo;expo. Et l&rsquo;Europe n&rsquo;a pas fait les choses \u00e0 moiti\u00e9 : une quarantaine de chercheurs et de nombreux directeurs venus d\u2019Espagne, du Danemark, de France ou d\u2019Italie se sont spontan\u00e9ment pench\u00e9s sur \u00ab l\u2019\u00e9tude du Coran et de son ancrage dans l\u2019Histoire europ\u00e9enne \u00bb Lanc\u00e9 en 2019, ce programme prendra fin en 2026.<\/p>\n<p><a href=\"https:\/\/www.lipe-europe.eu\/programme\/euqu\/\" target=\"_blank\" rel=\"noopener nofollow\">Le site de l\u2019UE<\/a> expliquait, au lancement de cet indispensable programme, que \u00ab\u00a0les fruits de cette recherche seront accessibles au grand public au travers d\u2019une\u00a0exposition innovante, dans diverses villes europ\u00e9ennes et en ligne, sur la place du livre saint de l\u2019islam dans le patrimoine culturel europ\u00e9en \u00bb. R\u00e9sultat : Nantes a h\u00e9berg\u00e9 la fameuse exposition, comme le Weltmuseum de Vienne, la Biblioth\u00e8que nationale de Tunisie et la Hospital Real de l\u2019universit\u00e9 de Grenade.<\/p>\n<p>Dix millions d&rsquo;euros, pas perdus pour tout le monde<\/p>\n<p>Tant de sollicitude pour l\u2019islam en Europe, de la part de tant d\u2019organismes publics, mus\u00e9es, villes, chercheurs, a de quoi toucher les c\u0153urs les plus endurcis. Et susciter, aussi, quelques interrogations, car rien n\u2019est gratuit dans ce bas monde, surtout pas la propagande europ\u00e9enne. Ainsi, <a href=\"https:\/\/www.lejdd.fr\/Societe\/10-millions-deuros-pour-un-coran-europeen-enquete-sur-un-projet-polemique-finance-par-lunion-europeenne-157015\" target=\"_blank\" rel=\"noopener nofollow\">un article du JDD, en avril dernier<\/a>, pr\u00e9cisait que le programme EuQu \u00e9tait dot\u00e9 d\u2019un budget record de pr\u00e8s de dix millions d\u2019euros (9.842.534 euros exactement) par le Conseil europ\u00e9en de la recherche (CER), rattach\u00e9 \u00e0 la Commission.<\/p>\n<p>C\u2019est l\u2019un des plus g\u00e9n\u00e9reux d\u2019un programme de l\u2019Union europ\u00e9enne baptis\u00e9 \u00ab Excellence scientifique \u00bb (sic\u00a0!), lequel vise \u00e0 combler le \u00ab retard pris dans la course \u00e0 la production scientifique de pointe et d\u2019excellence \u00bb. On se pince\u2026<a href=\"https:\/\/www.bvoltaire.fr\/u-e-dix-millions-deuros-pour-la-propagande-islamiste-du-coran-europeen\/\" target=\"_blank\" rel=\"noopener nofollow\">BV s&rsquo;\u00e9tait \u00e9mu de cette co\u00fbteuse initiative<\/a>, sous la plume d&rsquo;Etienne Lombard.<\/p>\n<p>Ce programme EuQu \u00e0 l&rsquo;origine de l&rsquo;exposition de Nantes a tout de m\u00eame d\u00e9fris\u00e9 une partie de l&rsquo;opinion voil\u00e0 quelques mois. Il a m\u00eame fait l\u2019objet d\u2019une <a href=\"https:\/\/www.europarl.europa.eu\/doceo\/document\/E-10-2025-001515_FR.html\" target=\"_blank\" rel=\"noopener nofollow\">question \u00e9crite du d\u00e9put\u00e9 europ\u00e9en RN Fabrice Leggeri<\/a>, l&rsquo;ancien patron de Frontex. Dans sa question, Leggeri souligne \u00ab\u00a0la pr\u00e9sence de chercheurs li\u00e9s \u00e0 des r\u00e9seaux proches des Fr\u00e8res musulmans,\u00a0une volont\u00e9 assum\u00e9e de r\u00e9\u00e9criture id\u00e9ologique de l\u2019Histoire europ\u00e9enne, un volet p\u00e9dagogique et grand public inqui\u00e9tant par sa port\u00e9e (expositions, bandes dessin\u00e9es et publications) et des liens directs avec des institutions connues pour leur proximit\u00e9 avec l\u2019islamisme politique\u00a0\u00bb. Ses questions sur ce scandale sont jusqu\u2019ici rest\u00e9es sans r\u00e9ponse.<\/p>\n<p>Les Nantais peuvent donc profiter de ce bourrage de cr\u00e2ne financ\u00e9 par l\u2019UE avec vos imp\u00f4ts : dix millions pas perdus pour tout le monde. Si jamais Fran\u00e7ois Bayrou cherche des \u00e9conomies, l&rsquo;UE pr\u00e9sente d\u00e9cid\u00e9ment un gisement in\u00e9puisable\u2026<\/p>\n<p>                    <a href=\"#\" rel=\"nofollow\" onclick=\"window.print(); pfTrackEvent('\u00c0 Nantes, les dessous de l\u2019expo \u00ab Le Coran, des histoires europ\u00e9ennes \u00bb\u2026'); return false;\" title=\"Printer Friendly, PDF &amp; Email\"><br \/>\n                    <img decoding=\"async\" src=\"https:\/\/www.europesays.com\/fr\/wp-content\/uploads\/2025\/04\/printfriendly-icon-sm.png\" alt=\"Print Friendly, PDF &amp; Email\" class=\"pf-button-img\" style=\"width: 17px;height: 17px;\"\/>Imprimer, enregistrer en PDF cet article<br \/>\n                    <\/a><\/p>\n","protected":false},"excerpt":{"rendered":"D\u00e9p\u00eachez-vous ! Le 31 ao\u00fbt, la bonne ville de Nantes, dirig\u00e9e par Johanna Rolland, \u00e9lue PS-Verts-communiste, fermera les&hellip;\n","protected":false},"author":2,"featured_media":332866,"comment_status":"","ping_status":"","sticky":false,"template":"","format":"standard","meta":{"footnotes":""},"categories":[2818],"tags":[1111,11,1777,674,1011,27,766,12,2636,25],"class_list":{"0":"post-332865","1":"post","2":"type-post","3":"status-publish","4":"format-standard","5":"has-post-thumbnail","7":"category-nantes","8":"tag-actu","9":"tag-actualites","10":"tag-eu","11":"tag-europe","12":"tag-fr","13":"tag-france","14":"tag-nantes","15":"tag-news","16":"tag-pays-de-la-loire","17":"tag-republique-francaise"},"share_on_mastodon":{"url":"https:\/\/pubeurope.com\/@fr\/115064254242854990","error":""},"_links":{"self":[{"href":"https:\/\/www.europesays.com\/fr\/wp-json\/wp\/v2\/posts\/332865","targetHints":{"allow":["GET"]}}],"collection":[{"href":"https:\/\/www.europesays.com\/fr\/wp-json\/wp\/v2\/posts"}],"about":[{"href":"https:\/\/www.europesays.com\/fr\/wp-json\/wp\/v2\/types\/post"}],"author":[{"embeddable":true,"href":"https:\/\/www.europesays.com\/fr\/wp-json\/wp\/v2\/users\/2"}],"replies":[{"embeddable":true,"href":"https:\/\/www.europesays.com\/fr\/wp-json\/wp\/v2\/comments?post=332865"}],"version-history":[{"count":0,"href":"https:\/\/www.europesays.com\/fr\/wp-json\/wp\/v2\/posts\/332865\/revisions"}],"wp:featuredmedia":[{"embeddable":true,"href":"https:\/\/www.europesays.com\/fr\/wp-json\/wp\/v2\/media\/332866"}],"wp:attachment":[{"href":"https:\/\/www.europesays.com\/fr\/wp-json\/wp\/v2\/media?parent=332865"}],"wp:term":[{"taxonomy":"category","embeddable":true,"href":"https:\/\/www.europesays.com\/fr\/wp-json\/wp\/v2\/categories?post=332865"},{"taxonomy":"post_tag","embeddable":true,"href":"https:\/\/www.europesays.com\/fr\/wp-json\/wp\/v2\/tags?post=332865"}],"curies":[{"name":"wp","href":"https:\/\/api.w.org\/{rel}","templated":true}]}}