{"id":332872,"date":"2025-08-21T01:55:17","date_gmt":"2025-08-21T01:55:17","guid":{"rendered":"https:\/\/www.europesays.com\/fr\/332872\/"},"modified":"2025-08-21T01:55:17","modified_gmt":"2025-08-21T01:55:17","slug":"plainte-danticor-pour-detournement-de-fonds-publics-contre-le-maire-de-toulouse-lenquete-depaysee","status":"publish","type":"post","link":"https:\/\/www.europesays.com\/fr\/332872\/","title":{"rendered":"Plainte d&rsquo;Anticor pour \u00ab\u00a0d\u00e9tournement de fonds publics\u00a0\u00bb contre le maire de Toulouse : l&rsquo;enqu\u00eate d\u00e9pays\u00e9e"},"content":{"rendered":"<p>            Par<br \/>\n        <strong><br \/>\n            <a href=\"https:\/\/actu.fr\/auteur\/gabriel-kenedi\" title=\"Consulter tous les articles de Gabriel Kenedi\" target=\"_blank\" rel=\"noopener\">Gabriel Kenedi<\/a><br \/>\n        <\/strong><\/p>\n<p>        Publi\u00e9 le<\/p>\n<p>            20 ao\u00fbt 2025 \u00e0 18h05        <\/p>\n<p>En juin dernier, l\u2019association <strong>Anticor<\/strong> annon\u00e7ait avoir d\u00e9pos\u00e9 plainte contre le maire (ex-LR) de Toulouse,<strong> Jean-Luc Moudenc<\/strong>, pour \u00ab\u2009<a href=\"https:\/\/actu.fr\/occitanie\/toulouse_31555\/anticor-porte-plainte-contre-jean-luc-moudenc-pour-detournement-de-fonds-publics-ce-que-l-on-sait_62788607.html\" target=\"_blank\" rel=\"noopener\">d\u00e9tournement de fonds publics<\/a>, complicit\u00e9 et recel de d\u00e9tournement de fonds publics, financement illicite de campagne \u00e9lectorale\u2009\u00bb.<\/p>\n<p>Le parquet de Toulouse dessaisi, l\u2019affaire d\u00e9pays\u00e9e \u00e0 Agen\u00a0<\/p>\n<p class=\" wall-content\">Les faits point\u00e9s par Anticor, qui affirme \u00eatre en possession de plusieurs documents, remonteraient \u00e0 la p\u00e9riode pr\u00e9c\u00e9dant les \u00e9lections municipales 2020. Ce mercredi 20 ao\u00fbt 2025, on apprend via <a href=\"https:\/\/www.lecanardenchaine.fr\/\" target=\"_blank\" rel=\"noopener\">Le Canard Encha\u00een\u00e9<\/a> que le parquet de Toulouse a \u00ab\u00a0obtenu fin juillet<strong> un d\u00e9paysement de l\u2019enqu\u00eate<\/strong>\u00ab\u00a0, qui est d\u00e9sormais confi\u00e9e au parquet d\u2019Agen (Lot-et-Garonne).<\/p>\n<p class=\" wall-content\">\u00c0 quelques mois des \u00e9lections municipales, l\u2019affaire appara\u00eet en effet<strong> particuli\u00e8rement sensible<\/strong> : car si les faits \u00e9taient caract\u00e9ris\u00e9s par la justice, ils pourraient potentiellement entra\u00eener<strong> une peine d\u2019in\u00e9ligibilit\u00e9<\/strong> \u00e0 l\u2019encontre de l\u2019actuel locataire du Capitole. Le d\u00e9paysement du dossier \u2013 est donc une mani\u00e8re, pour la justice, d\u2019\u00e9viter tout risque de collusions ou de pressions.\u00a0<\/p>\n<p>Que reproche Anticor \u00e0 Jean-Luc Moudenc ?\u00a0<\/p>\n<p class=\" wall-content\">Que reproche Anticor \u00e0 Jean-Luc Moudenc ? Selon l\u2019association, des \u00e9l\u00e9ments \u00ab\u2009laissent penser qu\u2019\u00e0 partir de septembre 2019, M. Moudenc aurait mobilis\u00e9 des agents publics, notamment des membres de son cabinet et des fonctionnaires territoriaux, pour participer, <strong>sur leur temps de travail<\/strong>, \u00e0 sa campagne \u00e9lectorale et \u0153uvrer \u00e0 sa r\u00e9\u00e9lection\u2009\u00bb.\u00a0<\/p>\n<p class=\" wall-content\">Au total, toujours d\u2019apr\u00e8s Anticor,<strong>\u00a0\u00ab\u00a0une dizaine de collaborateurs\u00a0\u00bb<\/strong> seraient concern\u00e9s. Sur la base des documents qui lui ont \u00e9t\u00e9 envoy\u00e9s, l\u2019association estime \u00ab\u2009qu\u2019un syst\u00e8me aurait \u00e9t\u00e9 mis en place \u00e0 cet effet, avec la participation active de son directeur de cabinet et de sa directrice adjointe\u2009\u00bb.<\/p>\n<p>Vid\u00e9os : en ce moment sur ActuDe nombreuses r\u00e9actions politiques\u00a0<\/p>\n<p class=\" wall-content\">Le d\u00e9clenchement de cette plainte avait entra\u00een\u00e9 de nombreuses r\u00e9actions politiques au niveau local : le d\u00e9put\u00e9 (LFI) <strong>Fran\u00e7ois Piquemal<\/strong> \u2013 par ailleurs <a href=\"https:\/\/actu.fr\/occitanie\/toulouse_31555\/municipales-2026-a-toulouse-la-gauche-ne-manque-pas-de-candidats-voici-les-forces-en-presence_62917314.html\" target=\"_blank\" rel=\"noopener\">candidat aux \u00e9lections municipales<\/a> \u2013 avait aussit\u00f4t demand\u00e9 la d\u00e9mission du maire de Toulouse tandis que le finaliste malheureux des \u00e9lections 2020 \u00e0 Toulouse, l\u2019\u00e9cologiste <strong>Antoine Maurice<\/strong> avait annonc\u00e9 \u00ab\u00a0faire un signalement au procureur de la R\u00e9publique sur la base de l\u2019article 40 du code proc\u00e9dure p\u00e9nale, pour demander que toute la lumi\u00e8re soit faite sur les conditions d\u2019organisation de financement de la campagne municipale de 2020\u2033.\u00a0<\/p>\n<p>Votre r\u00e9gion, votre actu !<\/p>\n<p>Recevez chaque jour les infos qui comptent pour vous.<\/p>\n<p>\t<a href=\"https:\/\/actu.fr\/newsletter\" class=\"ac-btn ac-btn--corner ac-btn--medium ac-btn--blue800\" target=\"_blank\" rel=\"noopener\">S&rsquo;incrire<\/a><\/p>\n<p class=\" wall-content\">\u00ab\u00a0Sur le fond, que des membres de cabinets de collectivit\u00e9s, dont le r\u00f4le est par essence politique, participent \u00e0 titre personnel \u00e0 la campagne \u00e9lectorale est tr\u00e8s classique et tr\u00e8s courant partout en France. En effet, appartenir \u00e0 un cabinet d\u2019\u00e9lu ne prive nullement ses membres de leurs droits de citoyens et donc de la possibilit\u00e9 de participer \u00e0 la campagne \u00e9lectorale de leur choix\u00a0\u00bb, avait de son c\u00f4t\u00e9 soulign\u00e9 <strong>Pierre Esplugas-Labatut<\/strong>, porte-parole du groupe majoritaire Aimer Toulouse au sein du conseil municipal.\u00a0<\/p>\n<p>Jean-Luc Moudenc d\u00e9nonce des \u00ab\u00a0accusations outranci\u00e8res\u00a0\u00bb<\/p>\n<p class=\" wall-content\">Quelques jours plus tard, lors d\u2019un conseil municipal <strong>particuli\u00e8rement tendu<\/strong>, le maire de Toulouse s\u2019\u00e9tait exprim\u00e9 publiquement au sujet de ces accusations. Fustigeant \u00ab <strong>les accusations complotistes<\/strong> et outranci\u00e8res lanc\u00e9es \u00bb contre lui, Jean-Luc Moudenc avait ensuite attaqu\u00e9 les \u00e9lus d\u2019opposition qui \u00ab font le parti dangereux pour le d\u00e9bat d\u00e9mocratique d\u2019une politisation de la justice et d\u2019une judiciarisation de la vie et du d\u00e9bat d\u00e9mocratique, tout cela, dans la perspective des prochaines \u00e9lections \u00bb.\u00a0<\/p>\n<p class=\" wall-content\">\u00ab\u00a0Les Toulousains ne sont pas dupes de ces viles man\u0153uvr\u00e9s \u00e9lectorales, et ils discerneront ceux qui s\u2019y seront vautr\u00e9s, abandonn\u00e9s, et ceux qui auront su garder distance et hauteur\u00a0\u00bb, avait-il rench\u00e9ri. Avant d\u2019ajouter :\u00a0\u00a0\u00ab J\u2019ai ma conscience en paix \u00bb.<\/p>\n<p class=\" wall-content\">Personnalisez votre actualit\u00e9 en ajoutant vos villes et m\u00e9dias en favori avec <a href=\"https:\/\/moncompte.actu.fr\" title=\"D\u00e9couvez Mon Actu\" rel=\"nofollow noopener\" data-trk=\"{&quot;cta&quot;:{&quot;action&quot;:&quot;https:\\\/\\\/moncompte.actu.fr&quot;,&quot;category&quot;:&quot;mon compte&quot;,&quot;from&quot;:&quot;article footer&quot;,&quot;name&quot;:&quot;Mon actu&quot;,&quot;type&quot;:&quot;cta&quot;}}\" target=\"_blank\">Mon Actu<\/a>.<\/p>\n","protected":false},"excerpt":{"rendered":"Par Gabriel Kenedi Publi\u00e9 le 20 ao\u00fbt 2025 \u00e0 18h05 En juin dernier, l\u2019association Anticor annon\u00e7ait avoir d\u00e9pos\u00e9&hellip;\n","protected":false},"author":2,"featured_media":332873,"comment_status":"","ping_status":"","sticky":false,"template":"","format":"standard","meta":{"footnotes":""},"categories":[2816],"tags":[1111,11,4519,1777,674,1011,27,2857,303,12,2680,316,25,2312],"class_list":{"0":"post-332872","1":"post","2":"type-post","3":"status-publish","4":"format-standard","5":"has-post-thumbnail","7":"category-toulouse","8":"tag-actu","9":"tag-actualites","10":"tag-capitole","11":"tag-eu","12":"tag-europe","13":"tag-fr","14":"tag-france","15":"tag-jean-luc-moudenc","16":"tag-justice","17":"tag-news","18":"tag-occitanie","19":"tag-politique","20":"tag-republique-francaise","21":"tag-toulouse"},"share_on_mastodon":{"url":"https:\/\/pubeurope.com\/@fr\/115064270289003782","error":""},"_links":{"self":[{"href":"https:\/\/www.europesays.com\/fr\/wp-json\/wp\/v2\/posts\/332872","targetHints":{"allow":["GET"]}}],"collection":[{"href":"https:\/\/www.europesays.com\/fr\/wp-json\/wp\/v2\/posts"}],"about":[{"href":"https:\/\/www.europesays.com\/fr\/wp-json\/wp\/v2\/types\/post"}],"author":[{"embeddable":true,"href":"https:\/\/www.europesays.com\/fr\/wp-json\/wp\/v2\/users\/2"}],"replies":[{"embeddable":true,"href":"https:\/\/www.europesays.com\/fr\/wp-json\/wp\/v2\/comments?post=332872"}],"version-history":[{"count":0,"href":"https:\/\/www.europesays.com\/fr\/wp-json\/wp\/v2\/posts\/332872\/revisions"}],"wp:featuredmedia":[{"embeddable":true,"href":"https:\/\/www.europesays.com\/fr\/wp-json\/wp\/v2\/media\/332873"}],"wp:attachment":[{"href":"https:\/\/www.europesays.com\/fr\/wp-json\/wp\/v2\/media?parent=332872"}],"wp:term":[{"taxonomy":"category","embeddable":true,"href":"https:\/\/www.europesays.com\/fr\/wp-json\/wp\/v2\/categories?post=332872"},{"taxonomy":"post_tag","embeddable":true,"href":"https:\/\/www.europesays.com\/fr\/wp-json\/wp\/v2\/tags?post=332872"}],"curies":[{"name":"wp","href":"https:\/\/api.w.org\/{rel}","templated":true}]}}