{"id":332888,"date":"2025-08-21T02:07:11","date_gmt":"2025-08-21T02:07:11","guid":{"rendered":"https:\/\/www.europesays.com\/fr\/332888\/"},"modified":"2025-08-21T02:07:11","modified_gmt":"2025-08-21T02:07:11","slug":"sunday-tribute-tame-impala-supersonic-paris-75012","status":"publish","type":"post","link":"https:\/\/www.europesays.com\/fr\/332888\/","title":{"rendered":"Sunday Tribute &#8211; Tame Impala &#8211; Supersonic &#8211; Paris, 75012"},"content":{"rendered":"<p class=\"lp-color-text-muted lp-f-ui-03 mb_4_nm mb_2_m\">\u00c9v\u00e9nement propos\u00e9 par notre partenaire Sowprog<\/p>\n<p>Tous les dimanches depuis 2016, le Supersonic rend hommage aux grands noms du rock et de la pop. Plusieurs groupes locaux monteront sur sc\u00e8ne pour vous rejouer en live les plus gros tubes de l&rsquo;histoire &#13;<br \/>\nProjet solo devenu ph\u00e9nom\u00e8ne mondial, Tame Impala a red\u00e9fini le psych\u00e9. Entre nappes de synth\u00e9s planantes, lignes de basse hypnotiques et production millim\u00e9tr\u00e9e, Kevin Parker compose une pop psych\u00e9d\u00e9lique intime, groovy et cosmique. Un voyage sonore qui floute les fronti\u00e8res entre rock, \u00e9lectro et soul &#13;<br \/>\nPour ce Sunday Tribute au Supersonic, laissez-vous embarquer dans l\u2019univers enveloppant de Tame Impala &#13;<br \/>\n\u2014\u2014\u2014\u2014\u2014\u2014\u2014\u2014\u2014\u2014\u2014&#13;<br \/>\nDimanche 30 Novembre 2025&#13;<br \/>\nEntr\u00e9e gratuite&#13;<br \/>\n\u2022 Ouverture des portes \u00e0 19h&#13;<br \/>\n&#8212;&#8212;&#8212;&#8212;&#8212;&#8212;&#8212;&#13;<br \/>\nProchains Rendez-Vous &#13;<br \/>\n23 Mars : Sunday Tribute \u2022 Queens Of The Stone Age&#13;<br \/>\nhttps:\/\/fb.me\/e\/55vF3dBNC&#13;<br \/>\n30 Mars : Sunday Tribute \u2022 Prince&#13;<br \/>\nhttps:\/\/fb.me\/e\/btMHZy9ur&#13;<br \/>\n6 Avril : Sunday Tribute \u2022 The Smiths&#13;<br \/>\nhttps:\/\/fb.me\/e\/5gxOzVlZp&#13;<br \/>\n13 Avril : Sunday Tribute \u2022 Metallica&#13;<br \/>\nhttps:\/\/fb.me\/e\/4oyFCBy3S&#13;<br \/>\n21 Avril : Monday Tribute \u2022 Supertramp&#13;<br \/>\nhttps:\/\/fb.me\/e\/2YHzouZrE&#13;<br \/>\n27 Avril : Sunday Tribute \u2022 Etienne Daho&#13;<br \/>\nhttps:\/\/fb.me\/e\/bdmWZzXsi&#13;<br \/>\n4 Mai : Sunday Tribute \u2022 Green Day&#13;<br \/>\nhttps:\/\/fb.me\/e\/6hkggrDFw&#13;<br \/>\n11 Mai : Sunday Tribute \u2022 60\u2019s Girl Group&#13;<br \/>\nhttps:\/\/fb.me\/e\/2YjkVunXV&#13;<br \/>\n18 Mai : Sunday Tribute \u2022 Radiohead&#13;<br \/>\nhttps:\/\/fb.me\/e\/37dEB1k3Q&#13;<br \/>\n25 Mai : Sunday Tribute \u2022 Bob Dylan&#13;<br \/>\nhttps:\/\/fb.me\/e\/2YjkVunXV&#13;<br \/>\n1 Juin : Sunday Tribute \u2022 Phoenix&#13;<br \/>\nhttps:\/\/fb.me\/e\/6lJBrb5Uh&#13;<br \/>\n9 Juin : Sunday tribute \u2022 Pink Floyd&#13;<br \/>\nhttps:\/\/fb.me\/e\/5tXwGEe49&#13;<br \/>\n15 Juin : Sunday tribute \u2022 Nine Inch Nails&#13;<br \/>\nhttps:\/\/fb.me\/e\/6b3oZEB8x&#13;<br \/>\n22 Juin : Sunday Tribute \u2022 Woodstock&#13;<br \/>\nhttps:\/\/fb.me\/e\/53BVGhmv7&#13;<br \/>\n29 Juin : Sunday Tribute \u2022 Kiss&#13;<br \/>\nhttps:\/\/fb.me\/e\/4qTe0jaUy&#13;<br \/>\n6 Juillet : Sunday Tribute \u2022 Arctic Monkeys&#13;<br \/>\nhttps:\/\/fb.me\/e\/5unAzBTwk&#13;<br \/>\n\u2014\u2014\u2014\u2014\u2014\u2014\u2014\u2014\u2014\u2014\u2014&#13;<br \/>\nSUPERSONIC&#13;<br \/>\nConcerts gratuits, Nuits rock et Disquaire \u00e0 Paris&#13;<br \/>\nhttp:\/\/supersonic-paris.fr\/&#13;<br \/>\n9 rue Biscornet, 75012 Paris&#13;<br \/>\nM\u00e9tro Bastille (sortie rue de lyon)<\/p>\n<p>Infos pratiques<\/p>\n<p> De 19:00 \u00e0 23:00<\/p>\n<p> Gratuit<\/p>\n<p> 01 46 28 12 90<\/p>\n<p>Signaler une erreur, une mise \u00e0 jour, un abus<\/p>\n","protected":false},"excerpt":{"rendered":"\u00c9v\u00e9nement propos\u00e9 par notre partenaire Sowprog Tous les dimanches depuis 2016, le Supersonic rend hommage aux grands noms&hellip;\n","protected":false},"author":2,"featured_media":332889,"comment_status":"","ping_status":"","sticky":false,"template":"","format":"standard","meta":{"footnotes":""},"categories":[1888],"tags":[11,1777,674,1011,27,12,626,25],"class_list":{"0":"post-332888","1":"post","2":"type-post","3":"status-publish","4":"format-standard","5":"has-post-thumbnail","7":"category-paris","8":"tag-actualites","9":"tag-eu","10":"tag-europe","11":"tag-fr","12":"tag-france","13":"tag-news","14":"tag-paris","15":"tag-republique-francaise"},"share_on_mastodon":{"url":"https:\/\/pubeurope.com\/@fr\/115064317818586112","error":""},"_links":{"self":[{"href":"https:\/\/www.europesays.com\/fr\/wp-json\/wp\/v2\/posts\/332888","targetHints":{"allow":["GET"]}}],"collection":[{"href":"https:\/\/www.europesays.com\/fr\/wp-json\/wp\/v2\/posts"}],"about":[{"href":"https:\/\/www.europesays.com\/fr\/wp-json\/wp\/v2\/types\/post"}],"author":[{"embeddable":true,"href":"https:\/\/www.europesays.com\/fr\/wp-json\/wp\/v2\/users\/2"}],"replies":[{"embeddable":true,"href":"https:\/\/www.europesays.com\/fr\/wp-json\/wp\/v2\/comments?post=332888"}],"version-history":[{"count":0,"href":"https:\/\/www.europesays.com\/fr\/wp-json\/wp\/v2\/posts\/332888\/revisions"}],"wp:featuredmedia":[{"embeddable":true,"href":"https:\/\/www.europesays.com\/fr\/wp-json\/wp\/v2\/media\/332889"}],"wp:attachment":[{"href":"https:\/\/www.europesays.com\/fr\/wp-json\/wp\/v2\/media?parent=332888"}],"wp:term":[{"taxonomy":"category","embeddable":true,"href":"https:\/\/www.europesays.com\/fr\/wp-json\/wp\/v2\/categories?post=332888"},{"taxonomy":"post_tag","embeddable":true,"href":"https:\/\/www.europesays.com\/fr\/wp-json\/wp\/v2\/tags?post=332888"}],"curies":[{"name":"wp","href":"https:\/\/api.w.org\/{rel}","templated":true}]}}