{"id":332890,"date":"2025-08-21T02:08:11","date_gmt":"2025-08-21T02:08:11","guid":{"rendered":"https:\/\/www.europesays.com\/fr\/332890\/"},"modified":"2025-08-21T02:08:11","modified_gmt":"2025-08-21T02:08:11","slug":"emprisonne-laurent-vinatier-est-accuse-despionnage-et-risque-20-ans-de-prison-2","status":"publish","type":"post","link":"https:\/\/www.europesays.com\/fr\/332890\/","title":{"rendered":"Emprisonn\u00e9, Laurent Vinatier est accus\u00e9 d\u2019espionnage et risque 20 ans de prison"},"content":{"rendered":"<p>Le chercheur fran\u00e7ais <a href=\"https:\/\/www.20minutes.fr\/monde\/4155459-20250526-russie-nouvelles-famille-laurent-vinatier-condamne-trois-ans-prison-inquiete-sort\" target=\"_blank\" class=\"c-link c-link--is-underlined\" rel=\"nofollow noopener\">Laurent Vinatier<\/a>, emprisonn\u00e9 en <a href=\"https:\/\/www.20minutes.fr\/monde\/russie\/\" target=\"_blank\" class=\"c-link c-link--is-underlined\" rel=\"nofollow noopener\">Russie<\/a> depuis l\u2019an dernier, est d\u00e9sormais vis\u00e9 par une accusation d\u2019<a href=\"https:\/\/www.20minutes.fr\/dossier\/espionnage\" target=\"_blank\" class=\"c-link c-link--is-underlined\" rel=\"nofollow noopener\">espionnage<\/a>, une \u00e9volution qui pourrait prolonger son incarc\u00e9ration bien au-del\u00e0 de sa peine initiale.<\/p>\n<p>Selon un document judiciaire consult\u00e9 par l\u2019AFP, une nouvelle <a href=\"https:\/\/www.20minutes.fr\/dossier\/audience\" target=\"_blank\" class=\"c-link c-link--is-underlined\" rel=\"nofollow noopener\">audience<\/a> a \u00e9t\u00e9 fix\u00e9e au 25\u00a0ao\u00fbt 2025 \u00e0 14h30. Elle portera sur ce chef d\u2019accusation particuli\u00e8rement grave, passible de vingt ans de <a href=\"https:\/\/www.20minutes.fr\/dossier\/prison\" target=\"_blank\" class=\"c-link c-link--is-underlined\" rel=\"nofollow noopener\">prison<\/a>. Jusqu\u2019ici, Laurent Vinatier purgeait une peine de trois ans pour avoir recueilli des informations sur l\u2019<a href=\"https:\/\/www.20minutes.fr\/monde\/armee\/\" target=\"_blank\" class=\"c-link c-link--is-underlined\" rel=\"nofollow noopener\">arm\u00e9e russe<\/a> sans s\u2019\u00eatre d\u00e9clar\u00e9 comme \u00ab\u00a0agent \u00e9tranger\u00a0\u00bb, conform\u00e9ment \u00e0 la l\u00e9gislation en vigueur.<\/p>\n<\/p>\n<p>Paris d\u00e9nonce une man\u0153uvre politique<\/p>\n<p>Chercheur exp\u00e9riment\u00e9 sur la Russie et les pays post-sovi\u00e9tiques, il travaillait comme conseiller au Centre pour le dialogue humanitaire, une <a href=\"https:\/\/www.20minutes.fr\/dossier\/ong\" target=\"_blank\" class=\"c-link c-link--is-underlined\" rel=\"nofollow noopener\">ONG<\/a> suisse sp\u00e9cialis\u00e9e dans la m\u00e9diation des conflits. Son arrestation l\u2019a plac\u00e9 parmi les ressortissants occidentaux retenus en Russie dans un contexte de vives tensions diplomatiques li\u00e9es \u00e0 la <a href=\"https:\/\/www.20minutes.fr\/monde\/ukraine\/\" target=\"_blank\" class=\"c-link c-link--is-underlined\" rel=\"nofollow noopener\">guerre en Ukraine<\/a>. Paris d\u00e9nonce une man\u0153uvre politique et accuse Moscou d\u2019utiliser ces d\u00e9tentions comme levier de pression, exigeant sa lib\u00e9ration imm\u00e9diate.<\/p>\n<p><a href=\"https:\/\/www.20minutes.fr\/monde\/russie\/\" target=\"_blank\" class=\"c-link c-btn c-btn--primary\" rel=\"nofollow noopener\">Tous nos article sur la Russie<\/a><\/p>\n<p>Lors de son proc\u00e8s, Laurent Vinatier avait d\u00e9fendu son travail en assurant qu\u2019il s\u2019\u00e9tait toujours efforc\u00e9 de \u00ab\u00a0pr\u00e9senter les int\u00e9r\u00eats de la Russie dans les relations internationales\u00a0\u00bb. Mais malgr\u00e9 cette ligne de d\u00e9fense, le durcissement de son dossier judiciaire semble confirmer que le <a href=\"https:\/\/www.20minutes.fr\/dossier\/kremlin\" target=\"_blank\" class=\"c-link c-link--is-underlined\" rel=\"nofollow noopener\">Kremlin<\/a> entend faire de son cas un signal politique adress\u00e9 aux capitales occidentales.<\/p>\n","protected":false},"excerpt":{"rendered":"Le chercheur fran\u00e7ais Laurent Vinatier, emprisonn\u00e9 en Russie depuis l\u2019an dernier, est d\u00e9sormais vis\u00e9 par une accusation d\u2019espionnage,&hellip;\n","protected":false},"author":2,"featured_media":332891,"comment_status":"","ping_status":"","sticky":false,"template":"","format":"standard","meta":{"footnotes":"","_share_on_mastodon":"0"},"categories":[1591],"tags":[47,11,4777,1887,3844,74,1916,12,11356,9367,806,1885,1886,132,3693],"class_list":["post-332890","post","type-post","status-publish","format-standard","has-post-thumbnail","category-russie","tag-actualite","tag-actualites","tag-espionnage","tag-federation-de-russie","tag-francais","tag-monde","tag-moscou","tag-news","tag-ong","tag-otage","tag-prison","tag-russia","tag-russian-federation","tag-russie","tag-tribunal"],"share_on_mastodon":{"url":"https:\/\/pubeurope.com\/@fr\/115064321092751223","error":""},"_links":{"self":[{"href":"https:\/\/www.europesays.com\/fr\/wp-json\/wp\/v2\/posts\/332890","targetHints":{"allow":["GET"]}}],"collection":[{"href":"https:\/\/www.europesays.com\/fr\/wp-json\/wp\/v2\/posts"}],"about":[{"href":"https:\/\/www.europesays.com\/fr\/wp-json\/wp\/v2\/types\/post"}],"author":[{"embeddable":true,"href":"https:\/\/www.europesays.com\/fr\/wp-json\/wp\/v2\/users\/2"}],"replies":[{"embeddable":true,"href":"https:\/\/www.europesays.com\/fr\/wp-json\/wp\/v2\/comments?post=332890"}],"version-history":[{"count":0,"href":"https:\/\/www.europesays.com\/fr\/wp-json\/wp\/v2\/posts\/332890\/revisions"}],"wp:featuredmedia":[{"embeddable":true,"href":"https:\/\/www.europesays.com\/fr\/wp-json\/wp\/v2\/media\/332891"}],"wp:attachment":[{"href":"https:\/\/www.europesays.com\/fr\/wp-json\/wp\/v2\/media?parent=332890"}],"wp:term":[{"taxonomy":"category","embeddable":true,"href":"https:\/\/www.europesays.com\/fr\/wp-json\/wp\/v2\/categories?post=332890"},{"taxonomy":"post_tag","embeddable":true,"href":"https:\/\/www.europesays.com\/fr\/wp-json\/wp\/v2\/tags?post=332890"}],"curies":[{"name":"wp","href":"https:\/\/api.w.org\/{rel}","templated":true}]}}