{"id":332910,"date":"2025-08-21T02:10:16","date_gmt":"2025-08-21T02:10:16","guid":{"rendered":"https:\/\/www.europesays.com\/fr\/332910\/"},"modified":"2025-08-21T02:10:16","modified_gmt":"2025-08-21T02:10:16","slug":"usa-face-aux-risques-sur-lemploi-la-fed-hesite-sur-la-marche-a-suivre","status":"publish","type":"post","link":"https:\/\/www.europesays.com\/fr\/332910\/","title":{"rendered":"USA: face aux risques sur l&#8217;emploi, la Fed h\u00e9site sur la marche \u00e0 suivre"},"content":{"rendered":"<p style=\"margin-top:5px\">Washington (awp\/afp) &#8211; Les principaux responsables de la R\u00e9serve f\u00e9d\u00e9rale am\u00e9ricaine (Fed), ont fait part de leurs avis divergents sur la politique mon\u00e9taire \u00e0 mener, plusieurs d&rsquo;entre eux exprimant leur inqui\u00e9tude face aux risques grandissants sur le march\u00e9 de l&#8217;emploi, selon un compte-rendu de leurs discussions publi\u00e9 mercredi.<\/p>\n<p>A l&rsquo;issue de leur derni\u00e8re r\u00e9union du Comit\u00e9 de politique mon\u00e9taire de la Fed (FOMC), les banquiers centraux ont d\u00e9cid\u00e9 de laisser une nouvelle fois leurs taux inchang\u00e9s, pour la cinqui\u00e8me fois d&rsquo;affil\u00e9e, un avis qui n&rsquo;a cependant pas fait l&rsquo;unanimit\u00e9, deux d&rsquo;entre eux se pronon\u00e7ant en faveur d&rsquo;une baisse de 0,25 point de pourcentage (pp).<\/p>\n<p>Selon le compte-rendu (\u00ab\u00a0minutes\u00a0\u00bb) de leurs d\u00e9bats fin juillet, les responsables en faveur d&rsquo;une baisse ont relativis\u00e9 l&rsquo;impact des droits de douane sur l&rsquo;inflation, jugeant cet effet transitoire, mais estiment que le risque d&rsquo;une d\u00e9gradation du march\u00e9 de l&#8217;emploi \u00ab\u00a0a progress\u00e9 significativement\u00a0\u00bb, justifiant selon eux une action de la part de la Fed.<\/p>\n<p>La banque centrale am\u00e9ricaine doit en effet mener sa politique mon\u00e9taire en fonction de deux objectifs concomitants: le maintien de l&rsquo;inflation proche de 2% sur le long terme et une \u00e9conomie en plein emploi.<\/p>\n<p>Pour les membres ayant choisi de maintenir les taux dans leur fourchette actuelle, entre 4,25% et 4,50%, l&rsquo;inflation reste \u00e0 un niveau toujours trop \u00e9lev\u00e9e, de m\u00eame que l&rsquo;incertitude concernant l&rsquo;\u00e9conomie am\u00e9ricaine.<\/p>\n<p>D&rsquo;une mani\u00e8re g\u00e9n\u00e9rale, l&rsquo;ensemble des membres se montre prudent pour la suite, estimant qu&rsquo;ils \u00ab\u00a0surveilleront les informations \u00e0 venir quant aux perspectives \u00e9conomiques\u00a0\u00bb, se disant pr\u00eats \u00e0 \u00ab\u00a0ajuster la position \u00e9conomique si des risques apparaissent venant contrecarrer les objectifs\u00a0\u00bb de la Fed.<\/p>\n<p><b>Les taux directeurs sont inchang\u00e9s depuis d\u00e9cembre.<\/b><\/p>\n<p>Mais la grande majorit\u00e9 des investisseurs estime que la Fed va d\u00e9sormais abaisser ses taux \u00e0 l&rsquo;issue de sa prochaine r\u00e9union pr\u00e9vue mi-septembre, les march\u00e9s anticipant une baisse d&rsquo;un quart de point de pourcentage, selon l&rsquo;indicateur publi\u00e9 par CME, FedWatch.<\/p>\n<p>Le pr\u00e9sident am\u00e9ricain continue lui de maintenir la pression sur l&rsquo;institution, et en particulier son pr\u00e9sident Jerome Powell, les accusant d&rsquo;agir trop tard au lieu de soutenir par leur politique mon\u00e9taire les mesures \u00e9conomiques qu&rsquo;il a mis en place, telles que l&rsquo;augmentation des droits de douane et la baisse d&rsquo;imp\u00f4ts pour les Am\u00e9ricains les plus riches, notamment.<\/p>\n<p>Dans un message post\u00e9 mercredi sur son r\u00e9seau social Truth, M. Trump a demand\u00e9 si \u00ab\u00a0quelqu&rsquo;un pourrait dire \u00e0 +Trop lent+ Powell qu&rsquo;il ab\u00eeme le secteur de la construction? Les gens n&rsquo;ont plus acc\u00e8s aux pr\u00eats immobiliers, tout pointe vers la n\u00e9cessit\u00e9 d&rsquo;une importante baisse des taux. +Trop lent+ est une catastrophe\u00a0\u00bb<\/p>\n<p>Jerome Powell doit achever son mandat \u00e0 la t\u00eate de la Fed au mois de mai prochain et Donald Trump esp\u00e8re le remplacer par une personne plus proche de ses positions.<\/p>\n<p>afp\/rp<\/p>\n","protected":false},"excerpt":{"rendered":"Washington (awp\/afp) &#8211; Les principaux responsables de la R\u00e9serve f\u00e9d\u00e9rale am\u00e9ricaine (Fed), ont fait part de leurs avis&hellip;\n","protected":false},"author":2,"featured_media":2490,"comment_status":"","ping_status":"","sticky":false,"template":"","format":"standard","meta":{"footnotes":""},"categories":[1589],"tags":[11,340,73,1866,12,1864,1865,1863,308],"class_list":{"0":"post-332910","1":"post","2":"type-post","3":"status-publish","4":"format-standard","5":"has-post-thumbnail","7":"category-etats-unis","8":"tag-actualites","9":"tag-bourse","10":"tag-etats-unis","11":"tag-etats-unis-damerique","12":"tag-news","13":"tag-united-states","14":"tag-united-states-of-america","15":"tag-us","16":"tag-usa"},"share_on_mastodon":{"url":"https:\/\/pubeurope.com\/@fr\/115064328868597129","error":""},"_links":{"self":[{"href":"https:\/\/www.europesays.com\/fr\/wp-json\/wp\/v2\/posts\/332910","targetHints":{"allow":["GET"]}}],"collection":[{"href":"https:\/\/www.europesays.com\/fr\/wp-json\/wp\/v2\/posts"}],"about":[{"href":"https:\/\/www.europesays.com\/fr\/wp-json\/wp\/v2\/types\/post"}],"author":[{"embeddable":true,"href":"https:\/\/www.europesays.com\/fr\/wp-json\/wp\/v2\/users\/2"}],"replies":[{"embeddable":true,"href":"https:\/\/www.europesays.com\/fr\/wp-json\/wp\/v2\/comments?post=332910"}],"version-history":[{"count":0,"href":"https:\/\/www.europesays.com\/fr\/wp-json\/wp\/v2\/posts\/332910\/revisions"}],"wp:featuredmedia":[{"embeddable":true,"href":"https:\/\/www.europesays.com\/fr\/wp-json\/wp\/v2\/media\/2490"}],"wp:attachment":[{"href":"https:\/\/www.europesays.com\/fr\/wp-json\/wp\/v2\/media?parent=332910"}],"wp:term":[{"taxonomy":"category","embeddable":true,"href":"https:\/\/www.europesays.com\/fr\/wp-json\/wp\/v2\/categories?post=332910"},{"taxonomy":"post_tag","embeddable":true,"href":"https:\/\/www.europesays.com\/fr\/wp-json\/wp\/v2\/tags?post=332910"}],"curies":[{"name":"wp","href":"https:\/\/api.w.org\/{rel}","templated":true}]}}