{"id":332915,"date":"2025-08-21T02:13:17","date_gmt":"2025-08-21T02:13:17","guid":{"rendered":"https:\/\/www.europesays.com\/fr\/332915\/"},"modified":"2025-08-21T02:13:17","modified_gmt":"2025-08-21T02:13:17","slug":"convies-a-une-ceremonie-a-pekin-les-diplomates-europeens-font-tout-pour-eviter-poutine","status":"publish","type":"post","link":"https:\/\/www.europesays.com\/fr\/332915\/","title":{"rendered":"Convi\u00e9s \u00e0 une c\u00e9r\u00e9monie \u00e0 P\u00e9kin, les diplomates europ\u00e9ens font tout pour \u00e9viter Poutine"},"content":{"rendered":"<p>Ira, n\u2019ira pas\u2026 C\u2019est la question \u00e0 1 000 yuans que se posent de nombreux ambassadeurs europ\u00e9ens en poste \u00e0 P\u00e9kin, si l\u2019on en croit \u201cdes sources proches du dossier\u201d <a href=\"https:\/\/www.scmp.com\/news\/china\/diplomacy\/article\/3322196\/eu-diplomats-mull-skipping-china-military-parade-over-putins-attendance-sources?module=series_80_years_on%3A_marking_end_of_wwii&amp;pgtype=homepage\" rel=\"nofollow noopener\" target=\"_blank\" data-ylk=\"slk:interrog\u00e9es par le South China Morning Post (SCMP);elm:context_link;itc:0;sec:content-canvas\" class=\"link \">interrog\u00e9es par le <strong>South China Morning Post (SCMP)<\/strong><\/a><strong>.<\/strong> Les membres des repr\u00e9sentations diplomatiques des pays europ\u00e9ens en Chine ont \u00e9t\u00e9 invit\u00e9s \u00e0 assister au grand d\u00e9fil\u00e9 militaire pr\u00e9vu place Tian\u2019anmen, le 1er septembre, pour c\u00e9l\u00e9brer le 80e anniversaire de la fin de la <a href=\"https:\/\/www.courrierinternational.com\/sujet\/seconde-guerre-mondiale\" rel=\"nofollow noopener\" target=\"_blank\" data-ylk=\"slk:Seconde Guerre mondiale;elm:context_link;itc:0;sec:content-canvas\" class=\"link \">Seconde Guerre mondiale<\/a>. Probl\u00e8me, un autre invit\u00e9 de marque est attendu : Vladimir Poutine.<\/p>\n<p>Selon le quotidien de Hong Kong, certains diplomates europ\u00e9ens craignent de devoir supporter la pr\u00e9sence \u00e0 P\u00e9kin \u201cdes m\u00eames troupes qui ont envahi l\u2019Ukraine\u201d. M\u00eame s\u2019\u201cil n\u2019y a aucune confirmation que des troupes russes participeront [au d\u00e9fil\u00e9]\u201d, corrige le journal, qui croit savoir qu\u2019il \u201cpourrait ne pas y avoir de troupes \u00e9trang\u00e8res cette ann\u00e9e\u201d.<\/p>\n<p>C\u2019est seulement la deuxi\u00e8me fois que la Chine c\u00e9l\u00e8bre ainsi l\u2019anniversaire de la fin de la Seconde Guerre mondiale. Mais \u201clors de l\u2019\u00e9dition inaugurale, en 2015, une garde d\u2019honneur d\u2019\u00e9lite russe forte de 76 hommes avait fait partie du d\u00e9fil\u00e9\u201d, rappelle le SCMP.<\/p>\n<p>Introuvable unit\u00e9 europ\u00e9enne<\/p>\n<p>Et d\u00e8s le mois de juin, le Kremlin a annonc\u00e9 que Vladimir Poutine se rendrait en Chine du 31 ao\u00fbt au 3 septembre pour participer au sommet de l\u2019Organisation de coop\u00e9ration de Shanghai \u2013 souvent qualifi\u00e9e de r\u00e9ponse asiatique \u00e0 l\u2019<a href=\"https:\/\/www.courrierinternational.com\/sujet\/otan\" rel=\"nofollow noopener\" target=\"_blank\" data-ylk=\"slk:Otan;elm:context_link;itc:0;sec:content-canvas\" class=\"link \">Otan<\/a>. Impossible, dans ce contexte, qu\u2019il n\u2019ait pas sa place r\u00e9serv\u00e9e dans la tribune d\u2019honneur.<\/p>\n<p>Pour l\u2019heure, aucune directive stricte n\u2019a \u00e9t\u00e9 adress\u00e9e aux personnels des ambassades europ\u00e9ennes \u00e0 P\u00e9kin pour assister ou non \u00e0 l\u2019\u00e9v\u00e9nement, affirme le SCMP. Mais \u201ccertains envoy\u00e9s ont d\u00e9cid\u00e9 de ne pas y participer, quand d\u2019autres auraient choisi de partir en vacances pr\u00e9cis\u00e9ment \u00e0 cette m\u00eame p\u00e9riode\u201d.<\/p>\n<p>Un autre diplomate interrog\u00e9 par le quotidien estime que l\u2019Europe pourrait envoyer un \u201cmessage fort\u201d sur son unit\u00e9 et sa position sur la guerre en Ukraine si ses ambassadeurs se coordonnaient pour boycotter le d\u00e9fil\u00e9. Une unit\u00e9 toujours difficile \u00e0 trouver : le Premier ministre slovaque, <a href=\"https:\/\/www.courrierinternational.com\/sujet\/robert-fico\" rel=\"nofollow noopener\" target=\"_blank\" data-ylk=\"slk:Robert Fico;elm:context_link;itc:0;sec:content-canvas\" class=\"link \">Robert Fico<\/a>, a d\u2019ores et d\u00e9j\u00e0 confirm\u00e9 sa pr\u00e9sence.<\/p>\n<p>[&#8230;] <strong><a href=\"https:\/\/www.courrierinternational.com\/article\/diplomatie-convies-a-une-ceremonie-a-pekin-les-diplomates-europeens-font-tout-pour-eviter-poutine_234167\" rel=\"nofollow noopener\" target=\"_blank\" data-ylk=\"slk:Lire la suite sur Courrier international;elm:context_link;itc:0;sec:content-canvas\" class=\"link \">Lire la suite sur Courrier international<\/a><\/strong><\/p>\n<p>Sur le m\u00eame sujet :<\/p>\n","protected":false},"excerpt":{"rendered":"Ira, n\u2019ira pas\u2026 C\u2019est la question \u00e0 1 000 yuans que se posent de nombreux ambassadeurs europ\u00e9ens en&hellip;\n","protected":false},"author":2,"featured_media":332916,"comment_status":"","ping_status":"","sticky":false,"template":"","format":"standard","meta":{"footnotes":""},"categories":[1586],"tags":[11,1777,674,15767,1011,27,12,28449,2484,25,135],"class_list":{"0":"post-332915","1":"post","2":"type-post","3":"status-publish","4":"format-standard","5":"has-post-thumbnail","7":"category-europe","8":"tag-actualites","9":"tag-eu","10":"tag-europe","11":"tag-fin-de-la-seconde-guerre-mondiale","12":"tag-fr","13":"tag-france","14":"tag-news","15":"tag-pays-europeens","16":"tag-pekin","17":"tag-republique-francaise","18":"tag-vladimir-poutine"},"share_on_mastodon":{"url":"https:\/\/pubeurope.com\/@fr\/115064340741791812","error":""},"_links":{"self":[{"href":"https:\/\/www.europesays.com\/fr\/wp-json\/wp\/v2\/posts\/332915","targetHints":{"allow":["GET"]}}],"collection":[{"href":"https:\/\/www.europesays.com\/fr\/wp-json\/wp\/v2\/posts"}],"about":[{"href":"https:\/\/www.europesays.com\/fr\/wp-json\/wp\/v2\/types\/post"}],"author":[{"embeddable":true,"href":"https:\/\/www.europesays.com\/fr\/wp-json\/wp\/v2\/users\/2"}],"replies":[{"embeddable":true,"href":"https:\/\/www.europesays.com\/fr\/wp-json\/wp\/v2\/comments?post=332915"}],"version-history":[{"count":0,"href":"https:\/\/www.europesays.com\/fr\/wp-json\/wp\/v2\/posts\/332915\/revisions"}],"wp:featuredmedia":[{"embeddable":true,"href":"https:\/\/www.europesays.com\/fr\/wp-json\/wp\/v2\/media\/332916"}],"wp:attachment":[{"href":"https:\/\/www.europesays.com\/fr\/wp-json\/wp\/v2\/media?parent=332915"}],"wp:term":[{"taxonomy":"category","embeddable":true,"href":"https:\/\/www.europesays.com\/fr\/wp-json\/wp\/v2\/categories?post=332915"},{"taxonomy":"post_tag","embeddable":true,"href":"https:\/\/www.europesays.com\/fr\/wp-json\/wp\/v2\/tags?post=332915"}],"curies":[{"name":"wp","href":"https:\/\/api.w.org\/{rel}","templated":true}]}}