{"id":332917,"date":"2025-08-21T02:14:15","date_gmt":"2025-08-21T02:14:15","guid":{"rendered":"https:\/\/www.europesays.com\/fr\/332917\/"},"modified":"2025-08-21T02:14:15","modified_gmt":"2025-08-21T02:14:15","slug":"lhyper-u-de-parthenay-evacue-en-fin-de-journee","status":"publish","type":"post","link":"https:\/\/www.europesays.com\/fr\/332917\/","title":{"rendered":"l\u2019Hyper U de Parthenay \u00e9vacu\u00e9 en fin de journ\u00e9e"},"content":{"rendered":"<p>\u00ab\u00a0Fermeture exceptionnelle\u00a0\u00bb. L\u2019Hyper U de Parthenay a ferm\u00e9 ses portes de mani\u00e8re anticip\u00e9e, mercredi 20\u00a0ao\u00fbt 2025, peu apr\u00e8s 18\u00a0h. Clients et salari\u00e9s ont d\u00fb quitter la grande surface, tandis que les agents de s\u00e9curit\u00e9 affichaient ce message d\u2019information sur les baies vitr\u00e9es.<\/p>\n<p>\u00ab\u00a0On a d\u00fb faire sortir tout le monde\u00a0\u00bb<\/p>\n<p>\u00ab\u00a0Il y a eu un peu de fum\u00e9e, un mini-court-circuit, mais il n\u2019y a pas eu d\u2019incendie, pr\u00e9cise\u00a0Baptiste Leboul, directeur du magasin. C\u2019\u00e9tait un principe de pr\u00e9caution. On a pris z\u00e9ro risque. On a d\u00fb faire sortir tout le monde, couper le courant. Les pompiers sont venus mais n\u2019ont pas eu besoin d\u2019intervenir.\u00a0\u00bb<\/p>\n<p><img alt=\"Un \u00ab\u00a0mini-court-circuit\u00a0\u00bb a contraint Hyper U \u00e0 fermer ses portes en avance.\" loading=\"lazy\" width=\"980\" height=\"573\" decoding=\"async\" data-nimg=\"1\" class=\"img-responsive spinner-show\" style=\"color:transparent;background-size:cover;background-position:50% 50%;background-repeat:no-repeat;background-image:url(&quot;data:image\/svg+xml;charset=utf-8,%3Csvg xmlns='http:\/\/www.w3.org\/2000\/svg' viewBox='0 0 980 573'%3E%3Cfilter id='b' color-interpolation-filters='sRGB'%3E%3CfeGaussianBlur stdDeviation='20'\/%3E%3CfeColorMatrix values='1 0 0 0 0 0 1 0 0 0 0 0 1 0 0 0 0 0 100 -1' result='s'\/%3E%3CfeFlood x='0' y='0' width='100%25' height='100%25'\/%3E%3CfeComposite operator='out' in='s'\/%3E%3CfeComposite in2='SourceGraphic'\/%3E%3CfeGaussianBlur stdDeviation='20'\/%3E%3C\/filter%3E%3Cimage width='100%25' height='100%25' x='0' y='0' preserveAspectRatio='none' style='filter: url(%23b);' href='https:\/\/images.lanouvellerepublique.fr\/image\/upload\/t_88w\/f_auto\/68a615b668aebac6718b45ba.jpg'\/%3E%3C\/svg%3E&quot;)\"   src=\"https:\/\/www.europesays.com\/fr\/wp-content\/uploads\/2025\/08\/68a615b668aebac6718b45ba.jpg\"\/><\/p>\n<p style=\"background-color:#F2F2F2;padding:5px;margin-top:0px;margin-bottom:10px\">Un \u00ab\u00a0mini-court-circuit\u00a0\u00bb a contraint Hyper U \u00e0 fermer ses portes en avance.<br \/> \u00a9 Photo NR, Adonis Vesin<\/p>\n<p>Lors de son dernier point, \u00e0 19\u00a0h\u00a030, l\u2019\u00e9lectricien \u00e9tait sur place. \u00ab\u00a0Il fait les derni\u00e8res v\u00e9rifications sur les c\u00e2bles, indique le directeur. On repart demain.\u00a0\u00bb Le magasin doit rouvrir ses portes normalement \u00e0 8\u00a0h\u00a030 jeudi 21\u00a0ao\u00fbt.<\/p>\n","protected":false},"excerpt":{"rendered":"\u00ab\u00a0Fermeture exceptionnelle\u00a0\u00bb. L\u2019Hyper U de Parthenay a ferm\u00e9 ses portes de mani\u00e8re anticip\u00e9e, mercredi 20\u00a0ao\u00fbt 2025, peu apr\u00e8s&hellip;\n","protected":false},"author":2,"featured_media":332918,"comment_status":"","ping_status":"","sticky":false,"template":"","format":"standard","meta":{"footnotes":""},"categories":[1586],"tags":[1392,11,2545,1777,674,1779,274,1011,27,5383,12,6755,46968,25,1778,364],"class_list":{"0":"post-332917","1":"post","2":"type-post","3":"status-publish","4":"format-standard","5":"has-post-thumbnail","7":"category-europe","8":"tag-a-la-une-local","9":"tag-actualites","10":"tag-deux-sevres","11":"tag-eu","12":"tag-europe","13":"tag-european-union","14":"tag-faits-divers-justice","15":"tag-fr","16":"tag-france","17":"tag-incendies","18":"tag-news","19":"tag-parthenay","20":"tag-parthenay-gatine","21":"tag-republique-francaise","22":"tag-ue","23":"tag-union-europeenne"},"share_on_mastodon":{"url":"https:\/\/pubeurope.com\/@fr\/115064344708775886","error":""},"_links":{"self":[{"href":"https:\/\/www.europesays.com\/fr\/wp-json\/wp\/v2\/posts\/332917","targetHints":{"allow":["GET"]}}],"collection":[{"href":"https:\/\/www.europesays.com\/fr\/wp-json\/wp\/v2\/posts"}],"about":[{"href":"https:\/\/www.europesays.com\/fr\/wp-json\/wp\/v2\/types\/post"}],"author":[{"embeddable":true,"href":"https:\/\/www.europesays.com\/fr\/wp-json\/wp\/v2\/users\/2"}],"replies":[{"embeddable":true,"href":"https:\/\/www.europesays.com\/fr\/wp-json\/wp\/v2\/comments?post=332917"}],"version-history":[{"count":0,"href":"https:\/\/www.europesays.com\/fr\/wp-json\/wp\/v2\/posts\/332917\/revisions"}],"wp:featuredmedia":[{"embeddable":true,"href":"https:\/\/www.europesays.com\/fr\/wp-json\/wp\/v2\/media\/332918"}],"wp:attachment":[{"href":"https:\/\/www.europesays.com\/fr\/wp-json\/wp\/v2\/media?parent=332917"}],"wp:term":[{"taxonomy":"category","embeddable":true,"href":"https:\/\/www.europesays.com\/fr\/wp-json\/wp\/v2\/categories?post=332917"},{"taxonomy":"post_tag","embeddable":true,"href":"https:\/\/www.europesays.com\/fr\/wp-json\/wp\/v2\/tags?post=332917"}],"curies":[{"name":"wp","href":"https:\/\/api.w.org\/{rel}","templated":true}]}}