{"id":332919,"date":"2025-08-21T02:15:13","date_gmt":"2025-08-21T02:15:13","guid":{"rendered":"https:\/\/www.europesays.com\/fr\/332919\/"},"modified":"2025-08-21T02:15:13","modified_gmt":"2025-08-21T02:15:13","slug":"pres-de-chamonix-en-haute-savoie-un-bloc-de-roche-tombe-sur-une-voiture-et-fait-deux-morts","status":"publish","type":"post","link":"https:\/\/www.europesays.com\/fr\/332919\/","title":{"rendered":"Pr\u00e8s de Chamonix, en Haute-Savoie, un bloc de roche tombe sur une voiture et fait deux morts"},"content":{"rendered":"<p>        <img decoding=\"async\" loading=\"lazy\" src=\"https:\/\/www.europesays.com\/fr\/wp-content\/uploads\/2025\/08\/40b9bad_upload-1-jai4jswo4zrv-000-par208948.jpg\"  width=\"728\" height=\"409\" alt=\"Photo d\u2019illustration du Viaduc des Egratz qui conduit au tunnel du Mont-Blanc, dans la vall\u00e9e de Chamonix.\"\/>  <\/p>\n<p>JEAN-PIERRE CLATOT \/ AFP<\/p>\n<p>Photo d\u2019illustration du Viaduc des Egratz qui conduit au tunnel du Mont-Blanc, dans la vall\u00e9e de Chamonix.<\/p>\n<p class=\"asset asset-text\">FAITS DIVERS &#8211; Un accident rare en plein c\u0153ur des vacances d\u2019\u00e9t\u00e9. Une voiture avec quatre occupants \u00e0 son bord a \u00e9t\u00e9 touch\u00e9e, ce mercredi 20\u00a0ao\u00fbt, par la chute de rochers d\u2019une paroi bordant la <a href=\"https:\/\/www.huffingtonpost.fr\/france\/article\/bison-fute-les-previsions-du-trafic-routier-annoncent-un-samedi-complique_253392.html\" target=\"_blank\" rel=\"noopener\">RN205 <\/a>pr\u00e8s de\u00a0Chamonix, en <a href=\"https:\/\/www.huffingtonpost.fr\/france\/video\/face-au-surtourisme-comment-annecy-et-ses-habitants-cherchent-l-equilibre-pour-eviter-l-overdose_253296.html\" target=\"_blank\" rel=\"noopener\">Haute-Savoie<\/a>. L\u2019\u00e9boulement a tu\u00e9 deux jeunes adultes.<\/p>\n<p class=\"asset asset-text\">Deux personnes sont d\u00e9c\u00e9d\u00e9es et deux ont \u00e9t\u00e9 bless\u00e9es, a confirm\u00e9 le procureur de Bonneville, Boris Duffau, dans un communiqu\u00e9 mercredi soir.<\/p>\n<p class=\"asset asset-text\">Les victimes sont une famille -un couple, leur fils et sa petite amie- originaire d\u2019Oisemont dans la Somme, en vacances \u00e0 Combloux, en\u00a0Haute-Savoie, a expliqu\u00e9 le magistrat. Ils revenaient d\u2019une visite au Parc Animalier de Merlet, dans la commune des Houches.<\/p>\n<p>    Enqu\u00eate ouverte    <\/p>\n<p class=\"asset asset-text\">Les deux personnes tu\u00e9es, \u00e2g\u00e9es d\u2019une vingtaine d\u2019ann\u00e9es, se trouvaient \u00e0 l\u2019arri\u00e8re du v\u00e9hicule, au niveau duquel le bloc rocheux s\u2019est \u00e9cras\u00e9, depuis une paroi qui longe la route. Il s\u2019agit du fils du couple et de sa petite amie, n\u00e9s en 2002.<\/p>\n<p class=\"asset asset-text\">Le conducteur et la passag\u00e8re avant du v\u00e9hicule, tous deux \u00e2g\u00e9s de 54\u00a0ans, ont \u00e9t\u00e9 bless\u00e9s et transport\u00e9s \u00e0 l\u2019h\u00f4pital, \u00e0 Annecy et Sallanches, a ajout\u00e9 Boris Duffau.<\/p>\n<p class=\"asset asset-text\">Une enqu\u00eate en recherche des causes de la mort a \u00e9t\u00e9 ouverte par le parquet de Bonneville et confi\u00e9e \u00e0 la brigade de recherches de Chamonix.<\/p>\n<p class=\"asset asset-text\">Les faits sont survenus vers 18\u00a0h, dans le sens descendant entre\u00a0Chamonix\u00a0et la commune de Passy, \u00e0 hauteur du point kilom\u00e9trique 17.<\/p>\n<p>                     Voies ferm\u00e9es sur la zone de l\u2019accident    <\/p>\n<p class=\"asset asset-text\">Les op\u00e9rations de secours et de s\u00e9curisation ont mobilis\u00e9 36 sapeurs-pompiers et une vingtaine d\u2019agents des forces de l\u2019ordre.<\/p>\n<p class=\"asset asset-text\">L\u2019\u00e9boulement a caus\u00e9 des difficult\u00e9s de circulation sur cette route nationale qui est la voie d\u2019acc\u00e8s entre l\u2019autoroute A40, Chamonix et le Tunnel du Mont Blanc.<\/p>\n<p class=\"asset asset-text\">Vers 22\u00a0h\u00a040, la pr\u00e9fecture a annonc\u00e9 que la circulation \u00e9tait rouverte dans les deux sens sur entre Chamonix et Passy \u00ab\u00a0via le viaduc des Egratz\u00a0\u00bb, am\u00e9nag\u00e9 en cons\u00e9quence. Les voies restent ferm\u00e9es sur la zone de l\u2019accident.<\/p>\n<p class=\"asset asset-text\">De plus, la travers\u00e9e du tunnel du Mont blanc est de nouveau possible depuis 22\u00a0h\u00a030\u00a0pour les poids lourds en provenance d\u2019Italie, apr\u00e8s plusieurs heures d\u2019interruption.<\/p>\n","protected":false},"excerpt":{"rendered":"JEAN-PIERRE CLATOT \/ AFP Photo d\u2019illustration du Viaduc des Egratz qui conduit au tunnel du Mont-Blanc, dans la&hellip;\n","protected":false},"author":2,"featured_media":332920,"comment_status":"","ping_status":"","sticky":false,"template":"","format":"standard","meta":{"footnotes":""},"categories":[2],"tags":[11,32308,118,1011,27,4638,27867,12,25],"class_list":{"0":"post-332919","1":"post","2":"type-post","3":"status-publish","4":"format-standard","5":"has-post-thumbnail","7":"category-actualites","8":"tag-actualites","9":"tag-chamonix","10":"tag-faits-divers","11":"tag-fr","12":"tag-france","13":"tag-haute-savoie","14":"tag-mont-blanc","15":"tag-news","16":"tag-republique-francaise"},"share_on_mastodon":{"url":"https:\/\/pubeurope.com\/@fr\/115064348673351462","error":""},"_links":{"self":[{"href":"https:\/\/www.europesays.com\/fr\/wp-json\/wp\/v2\/posts\/332919","targetHints":{"allow":["GET"]}}],"collection":[{"href":"https:\/\/www.europesays.com\/fr\/wp-json\/wp\/v2\/posts"}],"about":[{"href":"https:\/\/www.europesays.com\/fr\/wp-json\/wp\/v2\/types\/post"}],"author":[{"embeddable":true,"href":"https:\/\/www.europesays.com\/fr\/wp-json\/wp\/v2\/users\/2"}],"replies":[{"embeddable":true,"href":"https:\/\/www.europesays.com\/fr\/wp-json\/wp\/v2\/comments?post=332919"}],"version-history":[{"count":0,"href":"https:\/\/www.europesays.com\/fr\/wp-json\/wp\/v2\/posts\/332919\/revisions"}],"wp:featuredmedia":[{"embeddable":true,"href":"https:\/\/www.europesays.com\/fr\/wp-json\/wp\/v2\/media\/332920"}],"wp:attachment":[{"href":"https:\/\/www.europesays.com\/fr\/wp-json\/wp\/v2\/media?parent=332919"}],"wp:term":[{"taxonomy":"category","embeddable":true,"href":"https:\/\/www.europesays.com\/fr\/wp-json\/wp\/v2\/categories?post=332919"},{"taxonomy":"post_tag","embeddable":true,"href":"https:\/\/www.europesays.com\/fr\/wp-json\/wp\/v2\/tags?post=332919"}],"curies":[{"name":"wp","href":"https:\/\/api.w.org\/{rel}","templated":true}]}}