{"id":332923,"date":"2025-08-21T02:17:12","date_gmt":"2025-08-21T02:17:12","guid":{"rendered":"https:\/\/www.europesays.com\/fr\/332923\/"},"modified":"2025-08-21T02:17:12","modified_gmt":"2025-08-21T02:17:12","slug":"diasporas-africaines-en-france-chantal-pichon-chercheuse-et-pionniere-dans-larn-messager-4-5","status":"publish","type":"post","link":"https:\/\/www.europesays.com\/fr\/332923\/","title":{"rendered":"Diasporas africaines en France: Chantal Pichon, chercheuse et pionni\u00e8re dans l\u2019ARN messager\u00a0[4\/5]"},"content":{"rendered":"<p>\n                                                Cette scientifique d\u2019origine malgache, reconnue mondialement pour son travail, veut d\u00e9velopper de nouvelles th\u00e9rapies pour le plus grand nombre.                    <\/p>\n<p>Chantal Pichon est n\u00e9e et a grandi \u00e0 <strong><a target=\"_self\" href=\"https:\/\/www.rfi.fr\/fr\/tag\/madagascar\/\" class=\"gtm-add-suggested-tag\" rel=\"nofollow noopener\">Madagascar<\/a><\/strong>. \u00c0 17 ans, cette bacheli\u00e8re brillante quitte le nid familial pour poursuivre ses \u00e9tudes vers l\u2019Hexagone, \u00e0 Marseille. Ses parents sont tous les deux m\u00e9decins, et elle devait suivre leurs traces, mais une autre voie s&rsquo;ouvre \u00e0 elle. \u00ab\u00a0Au d\u00e9part, je voulais \u00eatre chirurgienne, raconte Chantal Pichon en souriant, C&rsquo;\u00e9tait mon r\u00eave. \u00c0 vrai dire, celui de mon p\u00e8re. Et puis, apr\u00e8s, je me suis dit que si je ne suis pas m\u00e9decin, je peux devenir chercheur en biologie, comme \u00e7a je me rapproche de la m\u00e9decine. Je ne soignerai pas, mais je d\u00e9velopperai des nouvelles th\u00e9rapies.\u00a0\u00bb<\/p>\n<p> L\u2019ARN messager n\u2019a plus aucun secret pour elle <\/p>\n<p>Son nom et son visage sont associ\u00e9s depuis peu de temps \u00e0 l&rsquo;ARN messager, d\u00e9couvert par le grand public lors de la pand\u00e9mie du Covid-19 et ensuite lors de la vaccination. Elle est en la mati\u00e8re une v\u00e9ritable pionni\u00e8re : cela fait plus de 20 ans qu&rsquo;elle travaille pour plusieurs laboratoires sur cette technologie.<\/p>\n<p>Titulaire d&rsquo;une chaire d&rsquo;innovation \u00e0 l&rsquo;Institut universitaire de <strong><a target=\"_self\" href=\"https:\/\/www.rfi.fr\/fr\/tag\/france\/\" class=\"gtm-add-suggested-tag\" rel=\"nofollow noopener\">France<\/a><\/strong>, cette chercheuse est reconnue mondialement. Pourtant, on ne sait presque rien d&rsquo;elle. Dans le cadre de la strat\u00e9gie d\u2019acc\u00e9l\u00e9ration France 2030 mis en place par le pr\u00e9sident <strong><a target=\"_self\" href=\"https:\/\/www.rfi.fr\/fr\/tag\/emmanuel-macron\/\" class=\"gtm-add-suggested-tag\" rel=\"nofollow noopener\">Emmanuel Macron<\/a><\/strong>, elle dirige un gros projet sur la mise au point de nouveaux vaccins. <\/p>\n<p>\u00ab\u00a0J&rsquo;ai des projets europ\u00e9ens pour essayer de trouver des moyens pour r\u00e9duire le co\u00fbt des ARN messagers, explique-t-elle, comme je viens de Madagascar, un pays pauvre, ce qui me guide, c&rsquo;est d\u2019arriver \u00e0 placer une petite brique \u00e0 mon niveau pour justement d\u00e9velopper de nouvelles th\u00e9rapies pour le plus grand nombre. Car c\u2019est tr\u00e8s bien, de d\u00e9velopper des nouvelles th\u00e9rapies, mais si c&rsquo;est juste pour des pays d\u00e9velopp\u00e9s, et si c\u2019est r\u00e9serv\u00e9 \u00e0 des personnes qui ont de l&rsquo;argent, eh bien, je trouve cela un peu dommage\u00a0\u00bb.<\/p>\n<p> Un parcours pas toujours simple <\/p>\n<p>Chantal Pichon a d\u00e9j\u00e0 \u00e9t\u00e9 confront\u00e9e au racisme en France. \u00ab\u00a0J\u2019\u00e9tais candidate pour piloter une \u00e9cole, le profil me correspondait. La directrice \u00e9tait pr\u00e9sente, elle m&rsquo;a regard\u00e9e et m&rsquo;a dit\u00a0: \u00ab \u00cates-vous s\u00fbr que vous pouvez vraiment repr\u00e9senter cette \u00e9cole\u00a0comme vous \u00eates l\u00e0\u00a0? Cette phrase m&rsquo;a v\u00e9ritablement bless\u00e9. Je pense que si on ne r\u00e9ussit pas, tout le monde vous accepte et quelque part, vous \u00eates \u00e0 votre place. Mais lorsqu\u2019on commence \u00e0 r\u00e9ussir, cela agace. Il y a de la jalousie, mais je pense que cela concerne tout le monde\u00a0\u00bb.<\/p>\n<p>Pantalon fluide couleur kaki ou noir, agr\u00e9ment\u00e9 d\u2019un pendentif. Chantal Pichon, \u00e9l\u00e9gante et souriante, d\u00e9ambule dans ce laboratoire flambant neuf implant\u00e9 par l\u2019Inserm, organisme de recherche public fran\u00e7ais. \u00ab\u00a0Je suis excessivement fi\u00e8re et reconnaissante vis-\u00e0-vis de l\u2019Inserm, je veux rendre \u00e0 la soci\u00e9t\u00e9 ce que j\u2019ai eu. J\u2019ai l\u2019habitude de dire \u00e0 mes \u00e9tudiants que quand on veut r\u00e9ussir, on peut. En fait, quand les gens vous font confiance, ils vous proposent des moyens humains, des moyens financiers, des \u00e9quipements. Et puis quand plusieurs coll\u00e8gues vous font confiance pour mener des projets avec eux, eh bien cela vous donne aussi \u00e9norm\u00e9ment de responsabilit\u00e9s. J\u2019ai beaucoup de pression, j\u2019esp\u00e8re vraiment r\u00e9ussir.\u00a0\u00bb<\/p>\n<p>\u00c0 60 ans, cette femme passionn\u00e9e et impatiente a un r\u00eave. Avec sa jeune \u00e9quipe d&rsquo;une quarantaine de personnes, qui regroupe plusieurs nationalit\u00e9s, elle met en place les vaccins et les th\u00e9rapies innovantes \u00e0 partir de l\u2019ARN messager, une technologie qui pourrait \u00eatre utilis\u00e9e notamment dans le traitement de certains cancers.<\/p>\n<p class=\"a-read-more\">\u00c0 lire aussi<a target=\"_self\" href=\"https:\/\/www.rfi.fr\/fr\/podcasts\/reportage-france\/20250819-diasporas-africaines-en-france-khalid-tamer-le-nomade-culturel-3-5\" class=\"a-read-more__link\" rel=\"nofollow noopener\">Diasporas africaines en France: Khalid Tamer, le nomade culturel [3\/5]<\/a><\/p>\n","protected":false},"excerpt":{"rendered":"Cette scientifique d\u2019origine malgache, reconnue mondialement pour son travail, veut d\u00e9velopper de nouvelles th\u00e9rapies pour le plus grand&hellip;\n","protected":false},"author":2,"featured_media":332924,"comment_status":"","ping_status":"","sticky":false,"template":"","format":"standard","meta":{"footnotes":""},"categories":[4],"tags":[11,12376,1011,27,12,5920,25,2362],"class_list":{"0":"post-332923","1":"post","2":"type-post","3":"status-publish","4":"format-standard","5":"has-post-thumbnail","7":"category-france","8":"tag-actualites","9":"tag-diaspora","10":"tag-fr","11":"tag-france","12":"tag-news","13":"tag-reportage-france","14":"tag-republique-francaise","15":"tag-sante-et-medecine"},"share_on_mastodon":{"url":"https:\/\/pubeurope.com\/@fr\/115064356496418965","error":""},"_links":{"self":[{"href":"https:\/\/www.europesays.com\/fr\/wp-json\/wp\/v2\/posts\/332923","targetHints":{"allow":["GET"]}}],"collection":[{"href":"https:\/\/www.europesays.com\/fr\/wp-json\/wp\/v2\/posts"}],"about":[{"href":"https:\/\/www.europesays.com\/fr\/wp-json\/wp\/v2\/types\/post"}],"author":[{"embeddable":true,"href":"https:\/\/www.europesays.com\/fr\/wp-json\/wp\/v2\/users\/2"}],"replies":[{"embeddable":true,"href":"https:\/\/www.europesays.com\/fr\/wp-json\/wp\/v2\/comments?post=332923"}],"version-history":[{"count":0,"href":"https:\/\/www.europesays.com\/fr\/wp-json\/wp\/v2\/posts\/332923\/revisions"}],"wp:featuredmedia":[{"embeddable":true,"href":"https:\/\/www.europesays.com\/fr\/wp-json\/wp\/v2\/media\/332924"}],"wp:attachment":[{"href":"https:\/\/www.europesays.com\/fr\/wp-json\/wp\/v2\/media?parent=332923"}],"wp:term":[{"taxonomy":"category","embeddable":true,"href":"https:\/\/www.europesays.com\/fr\/wp-json\/wp\/v2\/categories?post=332923"},{"taxonomy":"post_tag","embeddable":true,"href":"https:\/\/www.europesays.com\/fr\/wp-json\/wp\/v2\/tags?post=332923"}],"curies":[{"name":"wp","href":"https:\/\/api.w.org\/{rel}","templated":true}]}}