{"id":332927,"date":"2025-08-21T02:20:23","date_gmt":"2025-08-21T02:20:23","guid":{"rendered":"https:\/\/www.europesays.com\/fr\/332927\/"},"modified":"2025-08-21T02:20:23","modified_gmt":"2025-08-21T02:20:23","slug":"programme-tv-rugby-a-xiii-semaine-du-18-au-24-aout-2025-rugby-a-xiii","status":"publish","type":"post","link":"https:\/\/www.europesays.com\/fr\/332927\/","title":{"rendered":"Programme TV rugby \u00e0 XIII : semaine du 18 au 24 ao\u00fbt 2025 &#8211; Rugby \u00e0 XIII"},"content":{"rendered":"<p style=\"text-align: justify;\"><strong>Pour ne rien louper des rencontres de rugby \u00e0 XIII retransmises, voici le <a href=\"http:\/\/treizemondial.fr\/programme-tv-rugby-xiii\/\" target=\"_blank\" rel=\"noopener\">programme TV<\/a> de cette semaine avec 6 matchs pr\u00e9vus du 21 au 23 ao\u00fbt.<\/strong><\/p>\n<p style=\"text-align: justify;\">D\u00e9but de la 25\u00e8me journ\u00e9e de NRL ce jeudi avec le duel entre les Rabbitohs et les Dragons. Trois autres matchs sont au programme sur beIN SPORTS 1 cette semaine dont deux vendredi. En Super League, les Dragons Catalans accueillent Castleford ce samedi \u00e0 19h00, \u00e0 suivre sur L\u2019Equipe Live. En Championship, le TO re\u00e7oit York en direct sur YouTube ce vendredi \u00e0 19h30.<\/p>\n<p>Programme TV rugby \u00e0 XIII : semaine du 18 au 24 ao\u00fbt 2025<\/p>\n<p style=\"text-align: justify;\">Les horaires et les cha\u00eenes sont susceptibles d\u2019\u00eatre modifi\u00e9s.<\/p>\n<p>Jeudi 21 ao\u00fbt 2025<\/p>\n<tr style=\"height: 35px;\">\n<td style=\"width: 12.8322%; border-color: #e6e6e6; height: 35px;\"><img loading=\"lazy\" decoding=\"async\" class=\"alignnone wp-image-992\" src=\"https:\/\/www.europesays.com\/fr\/wp-content\/uploads\/2025\/08\/Bein-Sports-1.png\" alt=\"\" width=\"54\" height=\"30\"  \/><\/td>\n<td style=\"width: 10%; border-color: #e6e6e6; height: 35px;\"><strong>11H50<\/strong><\/td>\n<td style=\"width: 40%; border-color: #e6e6e6; height: 35px;\"><strong><img loading=\"lazy\" decoding=\"async\" class=\"alignnone wp-image-160275 \" src=\"https:\/\/www.europesays.com\/fr\/wp-content\/uploads\/2025\/08\/Logo-Rabbitohs-2021-e1615295967108-300x300.png\" alt=\"\" width=\"15\" height=\"15\"  \/> RABBITOHS<\/strong><\/td>\n<td style=\"width: 40%; border-color: #e6e6e6; height: 35px;\"><strong><img loading=\"lazy\" decoding=\"async\" class=\"alignnone wp-image-2431\" src=\"https:\/\/www.europesays.com\/fr\/wp-content\/uploads\/2025\/08\/DRAGONS.png\" alt=\"\" width=\"15\" height=\"15\"  \/>\u00a0DRAGONS<\/strong><\/td>\n<\/tr>\n<tr style=\"height: 18.7813px;\">\n<td style=\"width: 102.832%; border-color: #e6e6e6; height: 18px;\" colspan=\"4\">NRL, Round 25 \u2013 Sydney<\/td>\n<\/tr>\n<p>Vendredi 22 ao\u00fbt 2025<\/p>\n<p>Samedi 23 ao\u00fbt 2025<\/p>\n","protected":false},"excerpt":{"rendered":"Pour ne rien louper des rencontres de rugby \u00e0 XIII retransmises, voici le programme TV de cette semaine&hellip;\n","protected":false},"author":2,"featured_media":315176,"comment_status":"","ping_status":"","sticky":false,"template":"","format":"standard","meta":{"footnotes":""},"categories":[1416],"tags":[8470,814,3248,1011,27,45413,820,4473,502,45414,479,2228,1468,2229,60,128,4474,3502,2784],"class_list":{"0":"post-332927","1":"post","2":"type-post","3":"status-publish","4":"format-standard","5":"has-post-thumbnail","7":"category-rugby","8":"tag-bein-sports","9":"tag-direct","10":"tag-dragons-catalans","11":"tag-fr","12":"tag-france","13":"tag-lequipe-live","14":"tag-live","15":"tag-nrl","16":"tag-programme-tv","17":"tag-retransmission","18":"tag-rugby","19":"tag-rugby-a-xiii","20":"tag-rugby-football","21":"tag-rugby-league","22":"tag-sports","23":"tag-streaming","24":"tag-super-league","25":"tag-toulouse-olympique","26":"tag-youtube"},"share_on_mastodon":{"url":"https:\/\/pubeurope.com\/@fr\/115064368399816784","error":""},"_links":{"self":[{"href":"https:\/\/www.europesays.com\/fr\/wp-json\/wp\/v2\/posts\/332927","targetHints":{"allow":["GET"]}}],"collection":[{"href":"https:\/\/www.europesays.com\/fr\/wp-json\/wp\/v2\/posts"}],"about":[{"href":"https:\/\/www.europesays.com\/fr\/wp-json\/wp\/v2\/types\/post"}],"author":[{"embeddable":true,"href":"https:\/\/www.europesays.com\/fr\/wp-json\/wp\/v2\/users\/2"}],"replies":[{"embeddable":true,"href":"https:\/\/www.europesays.com\/fr\/wp-json\/wp\/v2\/comments?post=332927"}],"version-history":[{"count":0,"href":"https:\/\/www.europesays.com\/fr\/wp-json\/wp\/v2\/posts\/332927\/revisions"}],"wp:featuredmedia":[{"embeddable":true,"href":"https:\/\/www.europesays.com\/fr\/wp-json\/wp\/v2\/media\/315176"}],"wp:attachment":[{"href":"https:\/\/www.europesays.com\/fr\/wp-json\/wp\/v2\/media?parent=332927"}],"wp:term":[{"taxonomy":"category","embeddable":true,"href":"https:\/\/www.europesays.com\/fr\/wp-json\/wp\/v2\/categories?post=332927"},{"taxonomy":"post_tag","embeddable":true,"href":"https:\/\/www.europesays.com\/fr\/wp-json\/wp\/v2\/tags?post=332927"}],"curies":[{"name":"wp","href":"https:\/\/api.w.org\/{rel}","templated":true}]}}