{"id":332932,"date":"2025-08-21T02:24:14","date_gmt":"2025-08-21T02:24:14","guid":{"rendered":"https:\/\/www.europesays.com\/fr\/332932\/"},"modified":"2025-08-21T02:24:14","modified_gmt":"2025-08-21T02:24:14","slug":"lincroyable-montee-en-confiance-doliver-bearman-les-ameliorations-de-haas-font-decoller-les-performances-du-rookie-en-f1","status":"publish","type":"post","link":"https:\/\/www.europesays.com\/fr\/332932\/","title":{"rendered":"L&rsquo;incroyable mont\u00e9e en confiance d&rsquo;Oliver Bearman : les am\u00e9liorations de Haas font d\u00e9coller les performances du rookie en F1 !"},"content":{"rendered":"<p>Oliver Bearman, la star montante de l\u2019\u00e9quipe Haas F1, fait sensation dans le monde de la Formule 1, et tout cela gr\u00e2ce \u00e0 une mise \u00e0 niveau r\u00e9volutionnaire qui a transform\u00e9 sa performance sur la piste. Le pilote d\u00e9butant a d\u00e9crit l\u2019impact des r\u00e9centes am\u00e9liorations, particuli\u00e8rement introduites lors du Grand Prix de Grande-Bretagne en juillet, comme \u00ab\u00a0dingue\u00a0\u00bb, soulignant comment elles ont propuls\u00e9 sa confiance \u00e0 de nouveaux sommets.<\/p>\n<p>Suite \u00e0 l\u2019installation d\u2019un plancher remani\u00e9 et de nouveaux entr\u00e9es de sidepod, Bearman a atteint sa meilleure position en qualifications de la saison, s\u2019assurant une impressionnante huiti\u00e8me place. Bien qu\u2019il ait termin\u00e9 11e lors de la course \u2014 en grande partie en raison d\u2019une p\u00e9nalit\u00e9 de 10 places sur la grille pour avoir ignor\u00e9 des drapeaux rouges pendant les essais \u2014 l\u2019\u00e9lan ne s\u2019est pas arr\u00eat\u00e9 l\u00e0. Lors du Grand Prix de Belgique suivant, Bearman a enfin mis fin \u00e0 sa s\u00e9cheresse de points de huit courses en terminant septi\u00e8me lors de la course sprint, montrant ainsi sa puissance croissante sur la piste.<\/p>\n<p>Malgr\u00e9 des revers, y compris un probl\u00e8me de moteur et un mauvais choix strat\u00e9gique qui a limit\u00e9 ses r\u00e9sultats \u00e0 une autre 11e place lors de l\u2019\u00e9v\u00e9nement principal, les performances r\u00e9centes de Bearman refl\u00e8tent un retournement significatif par rapport \u00e0 un d\u00e9but de saison difficile. Ce pilote de 20 ans, qui s\u2019est retrouv\u00e9 en bas du classement des pilotes apr\u00e8s l\u2019ouverture australienne, d\u00e9gage maintenant de l\u2019optimisme et de la confiance.<\/p>\n<p>\u00ab Je n\u2019ai trouv\u00e9 ma confiance que lorsque nous avons apport\u00e9 la mise \u00e0 niveau de Silverstone \u00e0 la voiture \u00bb, a d\u00e9clar\u00e9 Bearman, soulignant l\u2019effet transformateur des nouvelles fonctionnalit\u00e9s. \u00ab Depuis lors, j\u2019ai eu un tr\u00e8s bon ressenti, et j\u2019ai pu reproduire ce ressenti \u2013 et c\u2019est fou. \u00bb Son enthousiasme est palpable alors qu\u2019il exprime la sensation unique de se connecter enfin avec son v\u00e9hicule, d\u00e9clarant : \u00ab On ne peut pas le d\u00e9crire, mais on le cherche, on le cherche, et quand on peut l\u2019avoir, c\u2019est tr\u00e8s sp\u00e9cial. \u00bb<\/p>\n<p>Avec un sens renouvel\u00e9 de l\u2019objectif, Bearman consid\u00e8re ces mises \u00e0 niveau comme une base solide pour sa campagne \u00e0 venir. \u00ab C\u2019est une voiture dans laquelle je me sens compl\u00e8tement \u00e0 l\u2019aise \u00bb, a-t-il expliqu\u00e9, la contrastant avec les d\u00e9fis qu\u2019il a rencontr\u00e9s avec le mod\u00e8le pr\u00e9c\u00e9dent. \u00ab Maintenant, nous avons r\u00e9ussi \u00e0 reproduire cela et \u00e0 partir de maintenant, je pense que nous pouvons faire beaucoup avec cette voiture. \u00bb<\/p>\n<p>Alors que la saison 2025 progresse, Bearman se concentre sur la construction de cet \u00e9lan et sur l\u2019aide \u00e0 l\u2019\u00e9quipe Haas\u2014actuellement en neuvi\u00e8me position\u2014pour rivaliser f\u00e9rocement dans le milieu de peloton tr\u00e8s disput\u00e9. \u00ab J\u2019esp\u00e8re que nous pourrons reproduire le ressenti que j\u2019ai eu lors des deux derni\u00e8res courses \u00bb, a-t-il ajout\u00e9, conscient qu\u2019il y a eu des occasions manqu\u00e9es tant en qualification qu\u2019en course. \u00ab Clairement, la voiture a du rythme, donc il y a beaucoup de potentiel l\u00e0-dedans. Pas \u00e0 pas, nous allons nous am\u00e9liorer et devenir meilleurs. \u00bb<\/p>\n<p>Avec 19 points de retard sur son co\u00e9quipier Esteban Ocon, Bearman est d\u00e9termin\u00e9 \u00e0 maintenir un niveau de performance \u00e9lev\u00e9 et \u00e0 marquer plus de points alors que la saison entre dans sa deuxi\u00e8me moiti\u00e9. L\u2019excitation autour du parcours de Bearman est palpable, et les fans sont impatients de voir comment il va tirer parti de cette nouvelle confiance et des capacit\u00e9s de la voiture Haas F1 lors des prochaines courses. Le d\u00e9cor est plant\u00e9 pour une continuation palpitante de la saison, et Bearman est pr\u00eat \u00e0 laisser sa marque.<\/p>\n","protected":false},"excerpt":{"rendered":"Oliver Bearman, la star montante de l\u2019\u00e9quipe Haas F1, fait sensation dans le monde de la Formule 1,&hellip;\n","protected":false},"author":2,"featured_media":332933,"comment_status":"","ping_status":"","sticky":false,"template":"","format":"standard","meta":{"footnotes":""},"categories":[1412],"tags":[47015,42666,47016,1451,1452,1453,1454,1455,1011,27,47017,2242,60],"class_list":{"0":"post-332932","1":"post","2":"type-post","3":"status-publish","4":"format-standard","5":"has-post-thumbnail","7":"category-f1","8":"tag-1958-formula-1-season","9":"tag-2025-formula-1-season","10":"tag-esteban-ocons","11":"tag-f1","12":"tag-formula-1","13":"tag-formula1","14":"tag-formule-1","15":"tag-formule1","16":"tag-fr","17":"tag-france","18":"tag-haas-f1-team","19":"tag-oliver-bearman","20":"tag-sports"},"share_on_mastodon":{"url":"https:\/\/pubeurope.com\/@fr\/115064383966505943","error":""},"_links":{"self":[{"href":"https:\/\/www.europesays.com\/fr\/wp-json\/wp\/v2\/posts\/332932","targetHints":{"allow":["GET"]}}],"collection":[{"href":"https:\/\/www.europesays.com\/fr\/wp-json\/wp\/v2\/posts"}],"about":[{"href":"https:\/\/www.europesays.com\/fr\/wp-json\/wp\/v2\/types\/post"}],"author":[{"embeddable":true,"href":"https:\/\/www.europesays.com\/fr\/wp-json\/wp\/v2\/users\/2"}],"replies":[{"embeddable":true,"href":"https:\/\/www.europesays.com\/fr\/wp-json\/wp\/v2\/comments?post=332932"}],"version-history":[{"count":0,"href":"https:\/\/www.europesays.com\/fr\/wp-json\/wp\/v2\/posts\/332932\/revisions"}],"wp:featuredmedia":[{"embeddable":true,"href":"https:\/\/www.europesays.com\/fr\/wp-json\/wp\/v2\/media\/332933"}],"wp:attachment":[{"href":"https:\/\/www.europesays.com\/fr\/wp-json\/wp\/v2\/media?parent=332932"}],"wp:term":[{"taxonomy":"category","embeddable":true,"href":"https:\/\/www.europesays.com\/fr\/wp-json\/wp\/v2\/categories?post=332932"},{"taxonomy":"post_tag","embeddable":true,"href":"https:\/\/www.europesays.com\/fr\/wp-json\/wp\/v2\/tags?post=332932"}],"curies":[{"name":"wp","href":"https:\/\/api.w.org\/{rel}","templated":true}]}}