{"id":332934,"date":"2025-08-21T02:25:13","date_gmt":"2025-08-21T02:25:13","guid":{"rendered":"https:\/\/www.europesays.com\/fr\/332934\/"},"modified":"2025-08-21T02:25:13","modified_gmt":"2025-08-21T02:25:13","slug":"tour-du-limousin-perigord-na-19-22-aout-2025-classement","status":"publish","type":"post","link":"https:\/\/www.europesays.com\/fr\/332934\/","title":{"rendered":"Tour Du Limousin-P\u00e9rigord NA 19-22 ao\u00fbt 2025 classement"},"content":{"rendered":"<p>&#13;<br \/>\n&#13;<\/p>\n<p>actu33189.<\/p>\n<p>&#13;<br \/>\n<img decoding=\"async\" loading=\"lazy\" src=\"https:\/\/www.europesays.com\/fr\/wp-content\/uploads\/2025\/08\/tour-du-limousin-perigord-na-19-22-aout-2025-guide-technique-01.jpg\" alt=\"Tour Du Limousin-P\u00e9rigord NA 19-22 ao\u00fbt 2025 guide technique 01\"\/>&#13;<br \/>\n&#13;<\/p>\n<p>Classement de la 58\u00e8me \u00e9dition du Tour Du Limousin-P\u00e9rigord Nouvelle Aquitaine, course cycliste UCI Europe Tour en 4 \u00e9tapes qui se dispute du 19 au 22 ao\u00fbt 2025.<\/p>\n<p>&#13;<br \/>\n&#13;<\/p>\n<p>\tLES ETAPES DU TOUR DU LIMOUSIN PERIGORD 2025<\/p>\n<p>&#13;<br \/>\n&#13;<br \/>\n&#13;<br \/>\n&#13;<br \/>\n&#13;<br \/>\n&#13;<br \/>\n&#13;<br \/>\n&#13;<br \/>\n&#13;<br \/>\n&#13;<br \/>\n&#13;<br \/>\n&#13;<br \/>\n&#13;<br \/>\n&#13;<br \/>\n&#13;<br \/>\n&#13;<br \/>\nD&rsquo;autres Classements Route<img decoding=\"async\" loading=\"lazy\" src=\"https:\/\/www.europesays.com\/fr\/wp-content\/uploads\/2025\/04\/1745821569_669_route-hidephotojpg-17.jpg\" alt=\"0 Route hidephoto.JPG 17\"\/><\/p>\n<p>mercredi 20 ao\u00fbt 2025<\/p>\n<p>Kreiz Breizh Gourinois U17 2025 classement et calendrier<img decoding=\"async\" loading=\"lazy\" src=\"https:\/\/www.europesays.com\/fr\/wp-content\/uploads\/2025\/08\/1755743113_122_tour-du-limousin-perigord-na-19-22-aout-2025-guide-technique-01.jpg\" alt=\"Tour Du Limousin-P\u00e9rigord NA 19-22 ao\u00fbt 2025 guide technique 01\"\/><\/p>\n<p>mercredi 20 ao\u00fbt 2025<\/p>\n<p>Tour Du Limousin-P\u00e9rigord NA 20 ao\u00fbt 2025 E2 classement<img decoding=\"async\" loading=\"lazy\" src=\"https:\/\/www.europesays.com\/fr\/wp-content\/uploads\/2025\/08\/ronde-finisterienne-affiche-2025.jpg\" alt=\"Ronde Finist\u00e9rienne 2025 affiche\"\/><\/p>\n<p>mardi 19 ao\u00fbt 2025<\/p>\n<p>Ronde Finist\u00e9rienne 2025 classement et calendrier&#13;<br \/>\n&#13;<\/p>\n","protected":false},"excerpt":{"rendered":"&#13; &#13; actu33189. &#13; &#13; &#13; Classement de la 58\u00e8me \u00e9dition du Tour Du Limousin-P\u00e9rigord Nouvelle Aquitaine, course&hellip;\n","protected":false},"author":2,"featured_media":332935,"comment_status":"","ping_status":"","sticky":false,"template":"","format":"standard","meta":{"footnotes":""},"categories":[1411],"tags":[1154,207,1011,27,60],"class_list":{"0":"post-332934","1":"post","2":"type-post","3":"status-publish","4":"format-standard","5":"has-post-thumbnail","7":"category-cyclisme","8":"tag-cycling","9":"tag-cyclisme","10":"tag-fr","11":"tag-france","12":"tag-sports"},"share_on_mastodon":{"url":"https:\/\/pubeurope.com\/@fr\/115064388003478158","error":""},"_links":{"self":[{"href":"https:\/\/www.europesays.com\/fr\/wp-json\/wp\/v2\/posts\/332934","targetHints":{"allow":["GET"]}}],"collection":[{"href":"https:\/\/www.europesays.com\/fr\/wp-json\/wp\/v2\/posts"}],"about":[{"href":"https:\/\/www.europesays.com\/fr\/wp-json\/wp\/v2\/types\/post"}],"author":[{"embeddable":true,"href":"https:\/\/www.europesays.com\/fr\/wp-json\/wp\/v2\/users\/2"}],"replies":[{"embeddable":true,"href":"https:\/\/www.europesays.com\/fr\/wp-json\/wp\/v2\/comments?post=332934"}],"version-history":[{"count":0,"href":"https:\/\/www.europesays.com\/fr\/wp-json\/wp\/v2\/posts\/332934\/revisions"}],"wp:featuredmedia":[{"embeddable":true,"href":"https:\/\/www.europesays.com\/fr\/wp-json\/wp\/v2\/media\/332935"}],"wp:attachment":[{"href":"https:\/\/www.europesays.com\/fr\/wp-json\/wp\/v2\/media?parent=332934"}],"wp:term":[{"taxonomy":"category","embeddable":true,"href":"https:\/\/www.europesays.com\/fr\/wp-json\/wp\/v2\/categories?post=332934"},{"taxonomy":"post_tag","embeddable":true,"href":"https:\/\/www.europesays.com\/fr\/wp-json\/wp\/v2\/tags?post=332934"}],"curies":[{"name":"wp","href":"https:\/\/api.w.org\/{rel}","templated":true}]}}