{"id":332936,"date":"2025-08-21T02:26:10","date_gmt":"2025-08-21T02:26:10","guid":{"rendered":"https:\/\/www.europesays.com\/fr\/332936\/"},"modified":"2025-08-21T02:26:10","modified_gmt":"2025-08-21T02:26:10","slug":"un-indesirable-lyonnais-a-une-touche-a-letranger","status":"publish","type":"post","link":"https:\/\/www.europesays.com\/fr\/332936\/","title":{"rendered":"un ind\u00e9sirable lyonnais a une touche \u00e0 l\u2019\u00e9tranger"},"content":{"rendered":"<p><strong>Pouss\u00e9 vers la sortie par l\u2019OL, Mahamadou Diawara fait l\u2019objet d\u2019un int\u00e9r\u00eat au Danemark.<\/strong><\/p>\n<p>Mahamadou Diawara, jeune milieu de terrain de 20 ans, pourrait prochainement quitter l\u2019Olympique Lyonnais. Pr\u00eat\u00e9 la saison derni\u00e8re au Havre, il y a particip\u00e9 \u00e0 15 rencontres et d\u00e9livr\u00e9 une passe d\u00e9cisive, ajoutant \u00e0 son palmar\u00e8s un total de 28 matchs en Ligue 1 depuis ses d\u00e9buts. Form\u00e9 au PSG avant de rejoindre Lyon, Diawara est encore sous contrat avec l\u2019OL jusqu\u2019en juin 2028, mais son avenir semble incertain.<\/p>\n<p>Brest \u00e9tait int\u00e9ress\u00e9, mais\u2026<\/p>\n<p>Selon <a href=\"https:\/\/www.footmercato.net\/a2306174424627240008-ol-mahamadou-diawara-piste-par-le-fc-copenhague\" rel=\"noreferrer noopener\" target=\"_blank\">Foot Mercato<\/a>, le joueur suscite l\u2019int\u00e9r\u00eat du FC Copenhague, qui suit de pr\u00e8s son profil et pourrait \u00eatre une destination envisag\u00e9e pour la saison \u00e0 venir. En France, Brest avait \u00e9galement manifest\u00e9 son int\u00e9r\u00eat, mais les tensions persistantes entre le club breton et Lyon, notamment apr\u00e8s l\u2019\u00e9chec du transfert de Pierre Lees-Melou, rendent une op\u00e9ration improbable. Le jeune milieu se retrouve donc \u00e0 un carrefour de sa carri\u00e8re, avec des perspectives \u00e0 l\u2019international qui semblent plus r\u00e9alistes que de rester \u00e0 Lyon pour l\u2019instant.<\/p>\n","protected":false},"excerpt":{"rendered":"Pouss\u00e9 vers la sortie par l\u2019OL, Mahamadou Diawara fait l\u2019objet d\u2019un int\u00e9r\u00eat au Danemark. Mahamadou Diawara, jeune milieu&hellip;\n","protected":false},"author":2,"featured_media":332937,"comment_status":"","ping_status":"","sticky":false,"template":"","format":"standard","meta":{"footnotes":""},"categories":[1410],"tags":[11,448,63,1011,27,66,3388,12,60,10662],"class_list":{"0":"post-332936","1":"post","2":"type-post","3":"status-publish","4":"format-standard","5":"has-post-thumbnail","7":"category-football","8":"tag-actualites","9":"tag-champions-league","10":"tag-football","11":"tag-fr","12":"tag-france","13":"tag-ligue-1","14":"tag-matchs","15":"tag-news","16":"tag-sports","17":"tag-transferts"},"share_on_mastodon":{"url":"https:\/\/pubeurope.com\/@fr\/115064391887422343","error":""},"_links":{"self":[{"href":"https:\/\/www.europesays.com\/fr\/wp-json\/wp\/v2\/posts\/332936","targetHints":{"allow":["GET"]}}],"collection":[{"href":"https:\/\/www.europesays.com\/fr\/wp-json\/wp\/v2\/posts"}],"about":[{"href":"https:\/\/www.europesays.com\/fr\/wp-json\/wp\/v2\/types\/post"}],"author":[{"embeddable":true,"href":"https:\/\/www.europesays.com\/fr\/wp-json\/wp\/v2\/users\/2"}],"replies":[{"embeddable":true,"href":"https:\/\/www.europesays.com\/fr\/wp-json\/wp\/v2\/comments?post=332936"}],"version-history":[{"count":0,"href":"https:\/\/www.europesays.com\/fr\/wp-json\/wp\/v2\/posts\/332936\/revisions"}],"wp:featuredmedia":[{"embeddable":true,"href":"https:\/\/www.europesays.com\/fr\/wp-json\/wp\/v2\/media\/332937"}],"wp:attachment":[{"href":"https:\/\/www.europesays.com\/fr\/wp-json\/wp\/v2\/media?parent=332936"}],"wp:term":[{"taxonomy":"category","embeddable":true,"href":"https:\/\/www.europesays.com\/fr\/wp-json\/wp\/v2\/categories?post=332936"},{"taxonomy":"post_tag","embeddable":true,"href":"https:\/\/www.europesays.com\/fr\/wp-json\/wp\/v2\/tags?post=332936"}],"curies":[{"name":"wp","href":"https:\/\/api.w.org\/{rel}","templated":true}]}}