{"id":332938,"date":"2025-08-21T02:27:09","date_gmt":"2025-08-21T02:27:09","guid":{"rendered":"https:\/\/www.europesays.com\/fr\/332938\/"},"modified":"2025-08-21T02:27:09","modified_gmt":"2025-08-21T02:27:09","slug":"les-12-jours-de-sevices-qui-ont-precede-la-mort-de-jean-pormanove-mediapart","status":"publish","type":"post","link":"https:\/\/www.europesays.com\/fr\/332938\/","title":{"rendered":"Les 12 jours de s\u00e9vices qui ont pr\u00e9c\u00e9d\u00e9 la mort de \u00ab Jean Pormanove \u00bb &#8211; Mediapart"},"content":{"rendered":"<ol>\n<li><a href=\"https:\/\/news.google.com\/rss\/articles\/CBMisgFBVV95cUxPWXNLUkhIS1pERmh0NC05QU9pWVFMY1dJa1RINDBEQkdtT05qUm9jUS1BYWQ0dGlwZ3pUNW1LSHNBZWhxQjhINnczWU9MX21WVVFuMktSbjV5M1VHNFI0M0RBUnU4bkQyY01yc0QyRGRzMlRhMUxtLWVuel9rWDVfVzBHNFI0OUNTMlpLdVVxbWYxcVhhQ2FaX0FfVEt1RkFBV0JUbkVCVkJHVEJnQVJWUE53?oc=5\" target=\"_blank\" rel=\"nofollow noopener\">Les 12 jours de s\u00e9vices qui ont pr\u00e9c\u00e9d\u00e9 la mort de \u00ab Jean Pormanove \u00bb<\/a>&nbsp;&nbsp;Mediapart<\/li>\n<li><a href=\"https:\/\/news.google.com\/rss\/articles\/CBMiigJBVV95cUxQclAwaHpGc2VWZXE0UFY4VjNyM21WMTlHcHlpU0tqT3N4ejJPQUtBWmhCZlB0VDNRN3YzdnpfaFd1UEVKLWVuNUZUSXlfbFpsc2R1WGQtU0JvOVRtdlJUTkxLT0tGZDJ6MXVxMUdUX0dpdnM3NnNHc2JOWVRkamcwUnhlMU83dS1ZYk9wb01KS0dYZ3Rob1J3cXN2SE9GNlh0aU5BcVItTnRERFJsVTBYZUpTelZqNUhwOWc3N1lOLU1uSVktWDVLVzk1cVBWZFhMQS1uVDlCN0lLcDdZQXhoRDMxTGo0ZFVzUVVOalJWZEFlNGZPMW9qSVZNc2lCNnNxZnYxOVdPU2NIZw?oc=5\" target=\"_blank\" rel=\"nofollow noopener\">\u00ab Quelqu\u2019un de bien, droit, le c\u0153ur sur la main \u00bb : Jean Pormanove, mort en direct, racont\u00e9 par ses proches<\/a>&nbsp;&nbsp;Le Parisien<\/li>\n<li><a href=\"https:\/\/news.google.com\/rss\/articles\/CBMi7gFBVV95cUxQbzhQU0ZIMUZzTVFudnFvWjZOOTBEY1dhU2E5MFR0Y1JSNi0tM3hwWWJCVFFNeVd0UkIzc0VsU2lxZFZRYTRKVmJ2SVM3dEY5bHh4MGlwa1ptZWVBWDBPcHk2YnRzeXR3RWl1dkcyZ25GYTd1MVdpRDMtSTFUdUI3dXNWcHRFSjMzZmREeTJIUFN0QnVvbjdFc0NYQlppam91V1QteXg1SFl5SFZXa3lweWxJdEZVSGZzazVid0FWSDB6bWFmXzVJLVJuS0dRcHdSODhiS0RweVBOeHZGTVNKOUl0OEVqNFJhSXY3eGdB?oc=5\" target=\"_blank\" rel=\"nofollow noopener\">Mort en direct du streamer Jean Pormanove : l\u2019autopsie pr\u00e9vue jeudi, plusieurs auditions men\u00e9es\u2026 O\u00f9 en est l\u2019enqu\u00eate ?<\/a>&nbsp;&nbsp;Sud Ouest<\/li>\n<li><a href=\"https:\/\/news.google.com\/rss\/articles\/CBMi-gFBVV95cUxOdkhPZ0JSU2JoRVBNSTFYekczbkYwY2xXajJ6VFE5cGcyTi10ckFZdVdzbmE0Q3BUTmx4WllKXzF0S0V4QWNHWHpIbVpJOUZxVnJ1U01kYm16TFlKd1h1Ukl6ZXR3QlRhUlh2dnFfYUFkb1JHYkxwWVFUVHM5R3pWRkZtMTE3MzdFUWY5NTlmQ1R4NEJTeVo4Nl9ldFA4X25JdXh3MEowcGprYnViVlhPZWdXbXFIdFBsd0FSVVZ4S09wUHNoNkRfY1VnZHdGN2loNkNKSEtfN0ZHNkJnMThIclpJdXRPRlpqMGpzS2pOcUFhSDFSMWxXbVRR?oc=5\" target=\"_blank\" rel=\"nofollow noopener\">Mort de Jean Pormanove : Les vid\u00e9os de violences et d\u2019humiliation n\u2019ont rien d\u2019anodin pour ceux qui les regardent<\/a>&nbsp;&nbsp;Le HuffPost<\/li>\n<li><a href=\"https:\/\/news.google.com\/rss\/articles\/CBMi2wFBVV95cUxQcktRODEwcUw3YlNqMnRXRl81RnN0UTg1RnpSQk8zY3RpMERvVEZtQUtHWnNPYVlaUGtHZExBNGZDY041Q2RkWjBsYmpNZDlQUmVMcW5aV3JmWWs5ZVBxOWtMSGZ6b2RYbnFEUWZiTnFxUFBZdWhvOGdqMjhSUkxhV1kwV3JQbW1ELTYxNUN1RjB4SXNsV05LM2NPTVVidTJiSnNpM01ZX0U1WmhqSDJBZ3BQYjdyV3JzSVlSSlNBOW85QzFYNmNjQjBnOTl6bTFkdU9fY1RvNUF1YTQ?oc=5\" target=\"_blank\" rel=\"nofollow noopener\">Mort de Jean Pormanove : \u00ab\u00a0Il n\u2019aurait pas d\u00fb mourir comme \u00e7a\u00a0\u00bb, confie la s\u0153ur du streamer sur RTL<\/a>&nbsp;&nbsp;RTL.fr<\/li>\n<\/ol>\n","protected":false},"excerpt":{"rendered":"Les 12 jours de s\u00e9vices qui ont pr\u00e9c\u00e9d\u00e9 la mort de \u00ab Jean Pormanove \u00bb&nbsp;&nbsp;Mediapart \u00ab Quelqu\u2019un de&hellip;\n","protected":false},"author":2,"featured_media":332939,"comment_status":"","ping_status":"","sticky":false,"template":"","format":"standard","meta":{"footnotes":""},"categories":[1359],"tags":[58,59,1011,27,47018,47019,973],"class_list":{"0":"post-332938","1":"post","2":"type-post","3":"status-publish","4":"format-standard","5":"has-post-thumbnail","7":"category-people","8":"tag-divertissement","9":"tag-entertainment","10":"tag-fr","11":"tag-france","12":"tag-jean-pormanove","13":"tag-kick","14":"tag-people"},"share_on_mastodon":{"url":"https:\/\/pubeurope.com\/@fr\/115064395785469327","error":""},"_links":{"self":[{"href":"https:\/\/www.europesays.com\/fr\/wp-json\/wp\/v2\/posts\/332938","targetHints":{"allow":["GET"]}}],"collection":[{"href":"https:\/\/www.europesays.com\/fr\/wp-json\/wp\/v2\/posts"}],"about":[{"href":"https:\/\/www.europesays.com\/fr\/wp-json\/wp\/v2\/types\/post"}],"author":[{"embeddable":true,"href":"https:\/\/www.europesays.com\/fr\/wp-json\/wp\/v2\/users\/2"}],"replies":[{"embeddable":true,"href":"https:\/\/www.europesays.com\/fr\/wp-json\/wp\/v2\/comments?post=332938"}],"version-history":[{"count":0,"href":"https:\/\/www.europesays.com\/fr\/wp-json\/wp\/v2\/posts\/332938\/revisions"}],"wp:featuredmedia":[{"embeddable":true,"href":"https:\/\/www.europesays.com\/fr\/wp-json\/wp\/v2\/media\/332939"}],"wp:attachment":[{"href":"https:\/\/www.europesays.com\/fr\/wp-json\/wp\/v2\/media?parent=332938"}],"wp:term":[{"taxonomy":"category","embeddable":true,"href":"https:\/\/www.europesays.com\/fr\/wp-json\/wp\/v2\/categories?post=332938"},{"taxonomy":"post_tag","embeddable":true,"href":"https:\/\/www.europesays.com\/fr\/wp-json\/wp\/v2\/tags?post=332938"}],"curies":[{"name":"wp","href":"https:\/\/api.w.org\/{rel}","templated":true}]}}