{"id":332950,"date":"2025-08-21T02:33:14","date_gmt":"2025-08-21T02:33:14","guid":{"rendered":"https:\/\/www.europesays.com\/fr\/332950\/"},"modified":"2025-08-21T02:33:14","modified_gmt":"2025-08-21T02:33:14","slug":"cette-erreur-quand-vous-buvez-votre-the-peut-multiplier-par-six-le-risque-de-cancer","status":"publish","type":"post","link":"https:\/\/www.europesays.com\/fr\/332950\/","title":{"rendered":"Cette erreur quand vous buvez votre th\u00e9 peut multiplier par six le risque de cancer"},"content":{"rendered":"<p>Un caf\u00e9 fumant au r\u00e9veil, un th\u00e9 aval\u00e9 en vitesse au bureau, un bol de soupe br\u00fblant qui r\u00e9chauffe les mains en hiver\u2026 Nous avons tous r\u00e9p\u00e9t\u00e9 ces gestes des centaines de fois, presque sans y penser. Pourtant, cette habitude si banale pourrait cacher un risque inattendu pour la sant\u00e9, bien au-del\u00e0 de la simple br\u00fblure sur la langue.<\/p>\n<p>En effet, depuis 2016, l\u2019Agence internationale de recherche sur le cancer (IARC) classe<strong> la consommation de boissons au-dessus de 65\u00b0C comme \u00ab\u00a0probablement canc\u00e9rog\u00e8ne<\/strong> pour l\u2019homme\u00a0\u00bb. Une alerte qui ne concerne pas le type de boisson mais bien sa temp\u00e9rature.<\/p>\n<p>Un risque de cancer 6 fois sup\u00e9rieur<\/p>\n<p>Les premi\u00e8res inqui\u00e9tudes des scientifiques ont \u00e9merg\u00e9 en Am\u00e9rique du Sud, o\u00f9 le mat\u00e9 est souvent consomm\u00e9 \u00e0 environ 70\u00b0C. Des \u00e9tudes y ont montr\u00e9 une hausse significative des cancers de l\u2019\u0153sophage. Le m\u00eame constat a \u00e9t\u00e9 fait en Iran, en Turquie, mais aussi en Chine, o\u00f9 le th\u00e9 est souvent bu br\u00fblant.<\/p>\n<p>En Europe, l&rsquo;absence de donn\u00e9es laissait planer un doute. Mais une vaste \u00e9tude britannique, men\u00e9e sur pr\u00e8s de 500 000 adultes, a confirm\u00e9 le lien : les personnes qui consomment plusieurs tasses de boissons tr\u00e8s chaudes chaque jour ont <strong>un risque de cancer de l\u2019\u0153sophage presque six fois sup\u00e9rieur \u00e0 ceux qui n\u2019en boivent pas<\/strong>.<\/p>\n<p>La (&#8230;)<a data-i13n=\"cpos:1;pos:1\" href=\"https:\/\/www.topsante.com\/nutrition_et_recettes\/les_bons_aliments\/the\/cette-erreur-quand-vous-buvez-votre-the-peut-multiplier-par-six-le-risque-de-cancer-924408?utm_campaign=partenariat&amp;utm_source=yahoo-articles&amp;utm_medium=flux\" rel=\"nofollow noopener\" target=\"_blank\" data-ylk=\"slk:Lire la suite sur Top Sant\u00e9;cpos:1;pos:1;elm:context_link;itc:0;sec:content-canvas\" class=\"link \">Lire la suite sur Top Sant\u00e9<\/a><a data-i13n=\"cpos:2;pos:1\" href=\"https:\/\/www.topsante.com\/medecine\/maladies_neurologiques\/ce-signe-au-niveau-des-yeux-predit-une-perte-de-memoire-alertent-les-chercheurs-924448?utm_campaign=partenariat&amp;utm_source=yahoo-articles&amp;utm_medium=flux\" rel=\"nofollow noopener\" target=\"_blank\" data-ylk=\"slk:Ce signe au niveau des yeux pr\u00e9dit une perte de m\u00e9moire, alertent les chercheurs;cpos:2;pos:1;elm:context_link;itc:0;sec:content-canvas\" class=\"link \">Ce signe au niveau des yeux pr\u00e9dit une perte de m\u00e9moire, alertent les chercheurs<\/a><br \/><a data-i13n=\"cpos:3;pos:1\" href=\"https:\/\/www.topsante.com\/nutrition_et_recettes\/risques_sante\/si-vous-avez-achete-cette-salade-composee-ne-la-mangez-pas-elle-est-contaminee-a-la-listeria-924437?utm_campaign=partenariat&amp;utm_source=yahoo-articles&amp;utm_medium=flux\" rel=\"nofollow noopener\" target=\"_blank\" data-ylk=\"slk:Si vous avez achet\u00e9 cette salade compos\u00e9e, ne la mangez pas, elle est contamin\u00e9e \u00e0 la Listeria;cpos:3;pos:1;elm:context_link;itc:0;sec:content-canvas\" class=\"link \">Si vous avez achet\u00e9 cette salade compos\u00e9e, ne la mangez pas, elle est contamin\u00e9e \u00e0 la Listeria <\/a><br \/><a data-i13n=\"cpos:4;pos:1\" href=\"https:\/\/www.topsante.com\/minceur\/je-suis-dieteticienne-et-sil-vous-fallait-choisir-une-viennoiserie-pour-le-petit-dejeuner-ca-serait-celle-ci-924416?utm_campaign=partenariat&amp;utm_source=yahoo-articles&amp;utm_medium=flux\" rel=\"nofollow noopener\" target=\"_blank\" data-ylk=\"slk:\u00ab Je suis di\u00e9t\u00e9ticienne et s\u2019il vous fallait choisir une viennoiserie pour le petit-d\u00e9jeuner, \u00e7a serait celle-ci \u00bb;cpos:4;pos:1;elm:context_link;itc:0;sec:content-canvas\" class=\"link \">\u00ab Je suis di\u00e9t\u00e9ticienne et s\u2019il vous fallait choisir une viennoiserie pour le petit-d\u00e9jeuner, \u00e7a serait celle-ci \u00bb <\/a><br \/><a data-i13n=\"cpos:5;pos:1\" href=\"https:\/\/www.topsante.com\/nutrition_et_recettes\/il-mange-24-oeufs-par-jour-pendant-un-mois-les-effets-sur-son-cholesterol-sont-surprenants-893824?utm_campaign=partenariat&amp;utm_source=yahoo-articles&amp;utm_medium=flux\" rel=\"nofollow noopener\" target=\"_blank\" data-ylk=\"slk:Il mange 24 \u0153ufs par jour pendant un mois, les effets sur son cholest\u00e9rol sont surprenants;cpos:5;pos:1;elm:context_link;itc:0;sec:content-canvas\" class=\"link \">Il mange 24 \u0153ufs par jour pendant un mois, les effets sur son cholest\u00e9rol sont surprenants<\/a><br \/><a data-i13n=\"cpos:6;pos:1\" href=\"https:\/\/www.topsante.com\/medecine\/votre_sante_vous\/les-produits-dete-a-adopter-en-parapharmacie-924275?utm_campaign=partenariat&amp;utm_source=yahoo-articles&amp;utm_medium=flux\" rel=\"nofollow noopener\" target=\"_blank\" data-ylk=\"slk:Les produits d&#039;\u00e9t\u00e9 \u00e0 adopter en parapharmacie;cpos:6;pos:1;elm:context_link;itc:0;sec:content-canvas\" class=\"link \">Les produits d&rsquo;\u00e9t\u00e9 \u00e0 adopter en parapharmacie<\/a><\/p>\n","protected":false},"excerpt":{"rendered":"Un caf\u00e9 fumant au r\u00e9veil, un th\u00e9 aval\u00e9 en vitesse au bureau, un bol de soupe br\u00fblant qui&hellip;\n","protected":false},"author":2,"featured_media":332951,"comment_status":"","ping_status":"","sticky":false,"template":"","format":"standard","meta":{"footnotes":""},"categories":[10],"tags":[1011,27,72,40644,71],"class_list":{"0":"post-332950","1":"post","2":"type-post","3":"status-publish","4":"format-standard","5":"has-post-thumbnail","7":"category-sante","8":"tag-fr","9":"tag-france","10":"tag-health","11":"tag-perte-de-memoire","12":"tag-sante"},"share_on_mastodon":{"url":"https:\/\/pubeurope.com\/@fr\/115064419278193635","error":""},"_links":{"self":[{"href":"https:\/\/www.europesays.com\/fr\/wp-json\/wp\/v2\/posts\/332950","targetHints":{"allow":["GET"]}}],"collection":[{"href":"https:\/\/www.europesays.com\/fr\/wp-json\/wp\/v2\/posts"}],"about":[{"href":"https:\/\/www.europesays.com\/fr\/wp-json\/wp\/v2\/types\/post"}],"author":[{"embeddable":true,"href":"https:\/\/www.europesays.com\/fr\/wp-json\/wp\/v2\/users\/2"}],"replies":[{"embeddable":true,"href":"https:\/\/www.europesays.com\/fr\/wp-json\/wp\/v2\/comments?post=332950"}],"version-history":[{"count":0,"href":"https:\/\/www.europesays.com\/fr\/wp-json\/wp\/v2\/posts\/332950\/revisions"}],"wp:featuredmedia":[{"embeddable":true,"href":"https:\/\/www.europesays.com\/fr\/wp-json\/wp\/v2\/media\/332951"}],"wp:attachment":[{"href":"https:\/\/www.europesays.com\/fr\/wp-json\/wp\/v2\/media?parent=332950"}],"wp:term":[{"taxonomy":"category","embeddable":true,"href":"https:\/\/www.europesays.com\/fr\/wp-json\/wp\/v2\/categories?post=332950"},{"taxonomy":"post_tag","embeddable":true,"href":"https:\/\/www.europesays.com\/fr\/wp-json\/wp\/v2\/tags?post=332950"}],"curies":[{"name":"wp","href":"https:\/\/api.w.org\/{rel}","templated":true}]}}