{"id":332952,"date":"2025-08-21T02:35:12","date_gmt":"2025-08-21T02:35:12","guid":{"rendered":"https:\/\/www.europesays.com\/fr\/332952\/"},"modified":"2025-08-21T02:35:12","modified_gmt":"2025-08-21T02:35:12","slug":"disparition-de-delphine-jubillar-ce-protagoniste-clef-de-lenquete-sur-cedric-est-mort","status":"publish","type":"post","link":"https:\/\/www.europesays.com\/fr\/332952\/","title":{"rendered":"Disparition de Delphine Jubillar : ce protagoniste clef de l\u2019enqu\u00eate sur C\u00e9dric est mort"},"content":{"rendered":"<p data-start=\"540\" data-end=\"917\">Depuis la nuit du 15 au 16<br \/>\nd\u00e9cembre 2020, le myst\u00e8re de la <a href=\"https:\/\/www.closermag.fr\/vecu\/faits_divers\/disparition-de-delphine-jubillar-coup-de-massue-sur-le-temoignage-retentissant-de-la-derniere-compagne-de-cedric-3567139\" target=\"_blank\" rel=\"noopener\"><br \/>\ndisparition de Delphine Jubillar<\/a> tient la France en haleine.<br \/>\nCette infirmi\u00e8re de 33 ans s\u2019est volatilis\u00e9e du domicile conjugal<br \/>\nde Cagnac-les-Mines, laissant ses proches et ses deux enfants dans<br \/>\nl\u2019incompr\u00e9hension la plus totale. Son mari, <a href=\"https:\/\/www.closermag.fr\/vecu\/disparition-de-delphine-jubillar-armee-virtuelle-petards-ces-addictions-qui-ont-coute-tres-cher-a-cedric-jubillar-3570740\" target=\"_blank\" rel=\"noopener\"><br \/>\nC\u00e9dric<\/a>, est rapidement devenu <strong>le principal<br \/>\nsuspect,<\/strong> et reste depuis incarc\u00e9r\u00e9.<\/p>\n<p data-start=\"919\" data-end=\"1273\">Alors que le proc\u00e8s approche,<br \/>\nun nouveau rebondissement vient compliquer l\u2019affaire : l\u2019un des<br \/>\n<strong>protagonistes les plus \u00e9cout\u00e9s par les gendarmes<\/strong><br \/>\nest d\u00e9c\u00e9d\u00e9, rapporte <a href=\"https:\/\/www.parismatch.com\/actu\/societe\/traine-pas-dans-mes-pieds-delphine-jubillar-autonomie-dun-drame-255642\" rel=\"nofollow noopener\" target=\"_blank\">Paris Match<\/a>. Cet homme, dont la parole<br \/>\navait permis d\u2019\u00e9clairer plusieurs zones d\u2019ombre, ne pourra plus<br \/>\n\u00eatre entendu. Une disparition qui p\u00e8se lourd dans ce dossier d\u00e9j\u00e0<br \/>\nfragile, o\u00f9 la moindre d\u00e9position compte.<\/p>\n<p>Affaire Jubillar : le voisin<br \/>\nMichel, t\u00e9moin cl\u00e9 face \u00e0 C\u00e9dric, est d\u00e9c\u00e9d\u00e9<\/p>\n<p data-start=\"1353\" data-end=\"1740\">Parmi les t\u00e9moins les plus<br \/>\nsollicit\u00e9s par les enqu\u00eateurs, il y avait Michel, le voisin de<br \/>\n<a href=\"https:\/\/www.closermag.fr\/vecu\/disparition-de-delphine-jubillar-les-enfants-du-couple-en-danger-ces-terribles-inquietudes-de-leurs-voisins-3571043\" target=\"_blank\" rel=\"noopener\"><br \/>\nla famille Jubillar.<\/a> Avec son \u00e9pouse Olga, il avait \u00e9t\u00e9 un<br \/>\nobservateur privil\u00e9gi\u00e9 de la vie quotidienne du couple. Michel a<br \/>\n\u00e9t\u00e9 entendu \u00e0 cinq reprises par la gendarmerie. \u00c0 chaque fois, ses<br \/>\nd\u00e9clarations \u00e9taient scrut\u00e9es, car il connaissait bien les<br \/>\nhabitudes du plaquiste et celles de Delphine. C\u2019est d\u2019ailleurs chez<br \/>\nce couple de retrait\u00e9s que C\u00e9dric avait d\u00e9pos\u00e9, quelques jours<br \/>\navant No\u00ebl, le v\u00e9lo destin\u00e9 \u00e0 son fils <a href=\"https:\/\/www.closermag.fr\/vecu\/faits_divers\/disparition-de-delphine-jubillar-le-temoignage-de-son-fils-louis-est-il-la-clef-pour-savoir-ce-quil-sest-passe-3571435\" target=\"_blank\" rel=\"noopener\"><br \/>\nLouis<\/a>. Le voisin \u00e9tait donc au c\u0153ur de cette soir\u00e9e du 15<br \/>\nd\u00e9cembre, et sa parole apportait des d\u00e9tails pr\u00e9cieux. Paris<br \/>\nMatch rappelle que <strong>Michel est d\u00e9c\u00e9d\u00e9 en octobre<br \/>\ndernier<\/strong>, emportant avec lui une partie des r\u00e9ponses aux<br \/>\nnombreuses questions encore en suspens.<\/p>\n<p data-start=\"2132\" data-end=\"2426\">Les gendarmes savaient pouvoir<br \/>\ncompter sur sa sinc\u00e9rit\u00e9. Mais avec sa disparition, un pan entier<br \/>\ndu r\u00e9cit de cette nuit tragique s\u2019est \u00e9teint. Reste d\u00e9sormais le<br \/>\nt\u00e9moignage de <strong>son \u00e9pouse, Olga,<\/strong> encore en vie,<br \/>\nmais marqu\u00e9e par ce drame et l\u2019\u00e9preuve judiciaire qui dure depuis<br \/>\nbient\u00f4t cinq ans.<\/p>\n<p>Disparition de Delphine Jubillar : une enqu\u00eate fragilis\u00e9e par la<br \/>\nperte d\u2019un t\u00e9moin<\/p>\n<p data-start=\"2515\" data-end=\"2902\">La disparition de Delphine<br \/>\nJubillar reste entour\u00e9e de zones d\u2019ombre. <a href=\"https:\/\/www.closermag.fr\/vecu\/faits_divers\/disparition-de-delphine-jubillar-les-secrets-de-la-couette-lavee-ou-pas-par-cedric-jubillar-3571406\" target=\"_blank\" rel=\"noopener\"><br \/>\nSon mari,<\/a> qui clame son innocence, est accus\u00e9 d\u2019avoir tu\u00e9 son<br \/>\n\u00e9pouse dans un climat conjugal empoisonn\u00e9 par les tensions et les<br \/>\ndisputes. Delphine avait annonc\u00e9 son intention de divorcer, et<br \/>\ns\u2019\u00e9tait rapproch\u00e9e d\u2019un <a href=\"https:\/\/www.closermag.fr\/vecu\/disparition-de-delphine-jubillar-changement-de-vie-radicale-pour-son-amant-de-montauban-3570832\" target=\"_blank\" rel=\"noopener\"><br \/>\namant<\/a> rencontr\u00e9 quelques mois plus t\u00f4t. Autant d\u2019\u00e9l\u00e9ments qui<br \/>\nont nourri les soup\u00e7ons des enqu\u00eateurs. Mais <strong>sans aveux,<br \/>\nsans corps et sans preuve<\/strong> mat\u00e9rielle d\u00e9terminante,<br \/>\nl\u2019affaire repose en grande partie sur les t\u00e9moignages recueillis.<br \/>\nChaque voix compte, chaque d\u00e9tail peut peser dans la balance. La<br \/>\nmort d\u2019un t\u00e9moin aussi central que Michel repr\u00e9sente donc un coup<br \/>\ndur pour l\u2019accusation, qui devra s\u2019appuyer sur les auditions d\u00e9j\u00e0<br \/>\nconsign\u00e9es dans le dossier.<\/p>\n<p data-start=\"3266\" data-end=\"3674\">\u00c0 quelques mois du proc\u00e8s,<br \/>\npr\u00e9vu pour l\u2019automne 2025, les proches de Delphine esp\u00e8rent malgr\u00e9<br \/>\ntout que la justice pourra enfin trancher. Ils r\u00e9clament des<br \/>\nr\u00e9ponses et attendent que la v\u00e9rit\u00e9 \u00e9clate. Pour les enfants du<br \/>\ncouple, <strong>Louis et Elyah<\/strong>, l\u2019attente est<br \/>\ninterminable. Le d\u00e9c\u00e8s de ce voisin bienveillant, t\u00e9moin de leur<br \/>\nquotidien, ajoute une dimension encore plus tragique \u00e0 une affaire<br \/>\nd\u00e9j\u00e0 douloureuse.<\/p>\n","protected":false},"excerpt":{"rendered":"Depuis la nuit du 15 au 16 d\u00e9cembre 2020, le myst\u00e8re de la disparition de Delphine Jubillar tient&hellip;\n","protected":false},"author":2,"featured_media":332953,"comment_status":"","ping_status":"","sticky":false,"template":"","format":"standard","meta":{"footnotes":""},"categories":[8],"tags":[548,33030,33031,58,1067,59,1011,27,18,806],"class_list":{"0":"post-332952","1":"post","2":"type-post","3":"status-publish","4":"format-standard","5":"has-post-thumbnail","7":"category-divertissement","8":"tag-article-simple","9":"tag-cedric-jubillar","10":"tag-delphine-jubillar","11":"tag-divertissement","12":"tag-enquete","13":"tag-entertainment","14":"tag-fr","15":"tag-france","16":"tag-mort","17":"tag-prison"},"share_on_mastodon":{"url":"https:\/\/pubeurope.com\/@fr\/115064427280316894","error":""},"_links":{"self":[{"href":"https:\/\/www.europesays.com\/fr\/wp-json\/wp\/v2\/posts\/332952","targetHints":{"allow":["GET"]}}],"collection":[{"href":"https:\/\/www.europesays.com\/fr\/wp-json\/wp\/v2\/posts"}],"about":[{"href":"https:\/\/www.europesays.com\/fr\/wp-json\/wp\/v2\/types\/post"}],"author":[{"embeddable":true,"href":"https:\/\/www.europesays.com\/fr\/wp-json\/wp\/v2\/users\/2"}],"replies":[{"embeddable":true,"href":"https:\/\/www.europesays.com\/fr\/wp-json\/wp\/v2\/comments?post=332952"}],"version-history":[{"count":0,"href":"https:\/\/www.europesays.com\/fr\/wp-json\/wp\/v2\/posts\/332952\/revisions"}],"wp:featuredmedia":[{"embeddable":true,"href":"https:\/\/www.europesays.com\/fr\/wp-json\/wp\/v2\/media\/332953"}],"wp:attachment":[{"href":"https:\/\/www.europesays.com\/fr\/wp-json\/wp\/v2\/media?parent=332952"}],"wp:term":[{"taxonomy":"category","embeddable":true,"href":"https:\/\/www.europesays.com\/fr\/wp-json\/wp\/v2\/categories?post=332952"},{"taxonomy":"post_tag","embeddable":true,"href":"https:\/\/www.europesays.com\/fr\/wp-json\/wp\/v2\/tags?post=332952"}],"curies":[{"name":"wp","href":"https:\/\/api.w.org\/{rel}","templated":true}]}}