{"id":332957,"date":"2025-08-21T02:38:12","date_gmt":"2025-08-21T02:38:12","guid":{"rendered":"https:\/\/www.europesays.com\/fr\/332957\/"},"modified":"2025-08-21T02:38:12","modified_gmt":"2025-08-21T02:38:12","slug":"un-francais-emprisonne-en-russie-fait-lobjet-dune-enquete-pour-espionnage-actualites","status":"publish","type":"post","link":"https:\/\/www.europesays.com\/fr\/332957\/","title":{"rendered":"Un Fran\u00e7ais emprisonn\u00e9 en Russie fait l&rsquo;objet d&rsquo;une enqu\u00eate pour espionnage : Actualit\u00e9s"},"content":{"rendered":"<p class=\"lead \">Le chercheur fran\u00e7ais Laurent Vinatier, qui purge une peine de trois ans dans une prison russe, fait d\u00e9sormais l&rsquo;objet d&rsquo;une enqu\u00eate pour espionnage, selon des documents judiciaires rendus publics mercredi, laissant pr\u00e9sager une prolongation de sa peine.<\/p>\n<p class=\"lead \">Selon un document consult\u00e9 par l&rsquo;AFP, M. Vinatier a \u00e9t\u00e9 convoqu\u00e9 \u00e0 une nouvelle audience, cette fois pour espionnage, un chef d&rsquo;accusation passible d&rsquo;une peine pouvant aller jusqu&rsquo;\u00e0 20 ans de prison. <\/p>\n<p class=\"lead \">\u00ab\u00a0Une audience a \u00e9t\u00e9 fix\u00e9e au 25 ao\u00fbt 2025 \u00e0 14h30\u00a0\u00bb, indique le document. Laurent Vinatier, qui travaillait pour une ONG suisse de m\u00e9diation dans les conflits, fait partie d&rsquo;un groupe d&rsquo;Occidentaux arr\u00eat\u00e9s en Russie alors que les tensions diplomatiques s&rsquo;intensifiaient autour de l&rsquo;Ukraine.<\/p>\n<p class=\"lead \">Paris a exig\u00e9 de Moscou la lib\u00e9ration de son ressortissant, accusant la Russie de prendre des Occidentaux en otage. Il a \u00e9t\u00e9 reconnu coupable d&rsquo;avoir recueilli des informations sur l&rsquo;arm\u00e9e russe et d&rsquo;avoir enfreint la loi sur les \u00ab\u00a0agents \u00e9trangers\u00a0\u00bb, car il ne s&rsquo;\u00e9tait pas enregistr\u00e9 en tant que tel.<\/p>\n<p class=\"lead \">M. Vinatier, qui travaillait comme conseiller au Centre pour le dialogue humanitaire, bas\u00e9 \u00e0 Gen\u00e8ve, est un chercheur chevronn\u00e9 sur la Russie et d&rsquo;autres pays post-sovi\u00e9tiques. <\/p>\n<p class=\"lead \">Il a d\u00e9clar\u00e9 devant le tribunal que dans son travail, il s&rsquo;\u00e9tait toujours efforc\u00e9 de \u00ab\u00a0pr\u00e9senter les int\u00e9r\u00eats de la Russie dans les relations internationales\u00a0\u00bb.<\/p>\n<p class=\"small font-weight-bold text-gray3 \"> publi\u00e9 le 20 ao\u00fbt \u00e0 22h53, AFP<\/p>\n<p>                             Partager<\/p>\n","protected":false},"excerpt":{"rendered":"Le chercheur fran\u00e7ais Laurent Vinatier, qui purge une peine de trois ans dans une prison russe, fait d\u00e9sormais&hellip;\n","protected":false},"author":2,"featured_media":332958,"comment_status":"","ping_status":"","sticky":false,"template":"","format":"standard","meta":{"footnotes":""},"categories":[5],"tags":[11,312,2483,19279,4777,1011,27,14,12,132,3693,28],"class_list":{"0":"post-332957","1":"post","2":"type-post","3":"status-publish","4":"format-standard","5":"has-post-thumbnail","7":"category-international","8":"tag-actualites","9":"tag-diplomatie","10":"tag-droits","11":"tag-droitshumains","12":"tag-espionnage","13":"tag-fr","14":"tag-france","15":"tag-international","16":"tag-news","17":"tag-russie","18":"tag-tribunal","19":"tag-world"},"share_on_mastodon":{"url":"https:\/\/pubeurope.com\/@fr\/115064439083728781","error":""},"_links":{"self":[{"href":"https:\/\/www.europesays.com\/fr\/wp-json\/wp\/v2\/posts\/332957","targetHints":{"allow":["GET"]}}],"collection":[{"href":"https:\/\/www.europesays.com\/fr\/wp-json\/wp\/v2\/posts"}],"about":[{"href":"https:\/\/www.europesays.com\/fr\/wp-json\/wp\/v2\/types\/post"}],"author":[{"embeddable":true,"href":"https:\/\/www.europesays.com\/fr\/wp-json\/wp\/v2\/users\/2"}],"replies":[{"embeddable":true,"href":"https:\/\/www.europesays.com\/fr\/wp-json\/wp\/v2\/comments?post=332957"}],"version-history":[{"count":0,"href":"https:\/\/www.europesays.com\/fr\/wp-json\/wp\/v2\/posts\/332957\/revisions"}],"wp:featuredmedia":[{"embeddable":true,"href":"https:\/\/www.europesays.com\/fr\/wp-json\/wp\/v2\/media\/332958"}],"wp:attachment":[{"href":"https:\/\/www.europesays.com\/fr\/wp-json\/wp\/v2\/media?parent=332957"}],"wp:term":[{"taxonomy":"category","embeddable":true,"href":"https:\/\/www.europesays.com\/fr\/wp-json\/wp\/v2\/categories?post=332957"},{"taxonomy":"post_tag","embeddable":true,"href":"https:\/\/www.europesays.com\/fr\/wp-json\/wp\/v2\/tags?post=332957"}],"curies":[{"name":"wp","href":"https:\/\/api.w.org\/{rel}","templated":true}]}}