{"id":332959,"date":"2025-08-21T02:39:11","date_gmt":"2025-08-21T02:39:11","guid":{"rendered":"https:\/\/www.europesays.com\/fr\/332959\/"},"modified":"2025-08-21T02:39:11","modified_gmt":"2025-08-21T02:39:11","slug":"un-eboulement-sur-la-rn205-a-fait-deux-morts-la-circulation-coupee","status":"publish","type":"post","link":"https:\/\/www.europesays.com\/fr\/332959\/","title":{"rendered":"un \u00e9boulement sur la RN205 a fait deux morts, la circulation\u00a0coup\u00e9e"},"content":{"rendered":"<p class=\"article-p mdl\">Vers 18h, mercredi 20 ao\u00fbt, une voiture qui circulait avec quatre occupants \u00e0 son bord, sur la RN205 pr\u00e8s de Chamonix, dans le sens descendant Chamonix-Passy, a \u00e9t\u00e9 <strong>touch\u00e9e par la chute de rochers<\/strong>. <strong>Deux personnes sont mortes, et deux autres ont \u00e9t\u00e9 bless\u00e9es, dont une gravement<\/strong>. Les victimes ont \u00e9t\u00e9 transport\u00e9es \u00e0 l&rsquo;h\u00f4pital \u00e0 Sallanches et Annecy.<\/p>\n<p class=\"article-p mdl\">Dans un communiqu\u00e9, la pr\u00e9fecture de la\u00a0<a class=\"link\" href=\"https:\/\/www.rtl.fr\/actu\/debats-societe\/haute-savoie-la-detresse-d-un-refuge-pour-animaux-squatte-depuis-cinq-ans-par-une-octogenaire-7900527624\" title=\"Haute-Savoie : la d\u00e9tresse d&#039;un refuge pour animaux squatt\u00e9 depuis cinq ans par une octog\u00e9naire\" target=\"_blank\" rel=\"nofollow noopener\">Haute-Savoie<\/a>\u00a0a indiqu\u00e9 que \u00ab\u00a0la circulation de tous les v\u00e9hicules a \u00e9t\u00e9 interrompue dans le sens de circulation descendant, l\u2019acc\u00e8s \u00e0 Chamonix restant possible via le viaduc des Egratz.\u00a0\u00bb Les o<strong>p\u00e9rations de secours et de s\u00e9curisation<\/strong>, toujours en cours en d\u00e9but de soir\u00e9e, mobilisent 36 sapeurs-pompiers et une vingtaine d&rsquo;agents des forces de l&rsquo;ordre.\u00a0<\/p>\n<p class=\"article-p mdl\">Selon le concessionnaire fran\u00e7ais Autoroutes et Tunnel du Mont-Blanc (ATMB), en cons\u00e9quence de cet accident, l<strong>e Tunnel du Mont Blanc est ferm\u00e9 aux poids lourds en direction de la France<\/strong> et les v\u00e9hicules l\u00e9gers doivent suivre un itin\u00e9raire adapt\u00e9 pour \u00e9viter la zone.<\/p>\n<blockquote class=\"twitter-tweet\" data-media-max-width=\"560\">\n<p lang=\"fr\" dir=\"ltr\">Suite \u00e0 la chute de blocs sur la commune de Passy, les op\u00e9rations de s\u00e9curisation et de secours sont toujours en cours. Plus d&rsquo;informations \u00e0 venir en consultant le communiqu\u00e9 de presse ci-apr\u00e8s. <a href=\"https:\/\/t.co\/zz4QRKoSFy\" rel=\"nofollow\">pic.twitter.com\/zz4QRKoSFy<\/a><\/p>\n<p>\u2014 Pr\u00e9f\u00e8te de la Haute-Savoie (@Prefet74) <a href=\"https:\/\/twitter.com\/Prefet74\/status\/1958236193977487819?ref_src=twsrc%5Etfw\" rel=\"nofollow noopener\" target=\"_blank\">August 20, 2025<\/a><\/p><\/blockquote>\n<p>    La r\u00e9daction vous recommande<\/p>\n<p class=\"s-newsletter__title\">\n                L\u2019actualit\u00e9 par la r\u00e9daction de RTL dans votre bo\u00eete mail.\n            <\/p>\n<p class=\"s-newsletter__subtitle\">\n                Gr\u00e2ce \u00e0 votre compte RTL abonnez-vous \u00e0 la newsletter RTL info pour suivre toute l&rsquo;actualit\u00e9 au quotidien\n            <\/p>\n<p>\n                                    Lire la suite\n                                <\/p>\n<p>                            <script async src=\"https:\/\/platform.twitter.com\/widgets.js\" charset=\"utf-8\"><\/script><\/p>\n","protected":false},"excerpt":{"rendered":"Vers 18h, mercredi 20 ao\u00fbt, une voiture qui circulait avec quatre occupants \u00e0 son bord, sur la RN205&hellip;\n","protected":false},"author":2,"featured_media":40292,"comment_status":"","ping_status":"","sticky":false,"template":"","format":"standard","meta":{"footnotes":""},"categories":[4],"tags":[11,118,107,1011,27,4638,5184,12,25],"class_list":{"0":"post-332959","1":"post","2":"type-post","3":"status-publish","4":"format-standard","5":"has-post-thumbnail","7":"category-france","8":"tag-actualites","9":"tag-faits-divers","10":"tag-fil-info","11":"tag-fr","12":"tag-france","13":"tag-haute-savoie","14":"tag-morts","15":"tag-news","16":"tag-republique-francaise"},"share_on_mastodon":{"url":"https:\/\/pubeurope.com\/@fr\/115064442935297572","error":""},"_links":{"self":[{"href":"https:\/\/www.europesays.com\/fr\/wp-json\/wp\/v2\/posts\/332959","targetHints":{"allow":["GET"]}}],"collection":[{"href":"https:\/\/www.europesays.com\/fr\/wp-json\/wp\/v2\/posts"}],"about":[{"href":"https:\/\/www.europesays.com\/fr\/wp-json\/wp\/v2\/types\/post"}],"author":[{"embeddable":true,"href":"https:\/\/www.europesays.com\/fr\/wp-json\/wp\/v2\/users\/2"}],"replies":[{"embeddable":true,"href":"https:\/\/www.europesays.com\/fr\/wp-json\/wp\/v2\/comments?post=332959"}],"version-history":[{"count":0,"href":"https:\/\/www.europesays.com\/fr\/wp-json\/wp\/v2\/posts\/332959\/revisions"}],"wp:featuredmedia":[{"embeddable":true,"href":"https:\/\/www.europesays.com\/fr\/wp-json\/wp\/v2\/media\/40292"}],"wp:attachment":[{"href":"https:\/\/www.europesays.com\/fr\/wp-json\/wp\/v2\/media?parent=332959"}],"wp:term":[{"taxonomy":"category","embeddable":true,"href":"https:\/\/www.europesays.com\/fr\/wp-json\/wp\/v2\/categories?post=332959"},{"taxonomy":"post_tag","embeddable":true,"href":"https:\/\/www.europesays.com\/fr\/wp-json\/wp\/v2\/tags?post=332959"}],"curies":[{"name":"wp","href":"https:\/\/api.w.org\/{rel}","templated":true}]}}