{"id":332962,"date":"2025-08-21T02:42:11","date_gmt":"2025-08-21T02:42:11","guid":{"rendered":"https:\/\/www.europesays.com\/fr\/332962\/"},"modified":"2025-08-21T02:42:11","modified_gmt":"2025-08-21T02:42:11","slug":"a-la-mosson-le-samedi-soir","status":"publish","type":"post","link":"https:\/\/www.europesays.com\/fr\/332962\/","title":{"rendered":"\u00c0 la Mosson le samedi soir !"},"content":{"rendered":"<p>La Ligue de Football Professionnel a d\u00e9voil\u00e9 la programmation de la 9e journ\u00e9e de Ligue 2 BKT. \u00c0 cette occasion, les Verts se d\u00e9placeront au stade la Mosson pour y affronter le Montpellier HSC le samedi 4 octobre \u00e0 20h.\u00a0<\/p>\n<p>La programmation compl\u00e8te<\/p>\n<p><strong>Vendredi 3 octobre 2025 \u00e0 20h00 : le Multiplex sur beIN SPORTS 1 et les matchs en int\u00e9gralit\u00e9 sur beIN SPORTS MAX 4 \u00e0 9<br \/><\/strong>FC Annecy \u2013 Stade Lavallois MFC<br \/>Pau FC \u2013 Clermont Foot 63<br \/>SC Bastia \u2013 USL Dunkerque<br \/>Amiens SC \u2013 US Boulogne CO<br \/>Le Mans FC \u2013 ESTAC Troyes<br \/>EA Guingamp \u2013 AS Nancy-Lorraine<\/p>\n<p><strong>Samedi 4 octobre 2025 \u00e0 14h00 sur beIN SPORTS 1<br \/><\/strong>Stade de Reims \u2013 Grenoble Foot 38<\/p>\n<p><strong>Samedi 4 octobre 2025 \u00e0 14h00 sur beIN SPORTS 2<br \/><\/strong>Red Star FC \u2013 Rodez AF<\/p>\n<p><strong>Samedi 4 octobre 2025 \u00e0 20h00 sur beIN SPORTS 1<\/strong><br \/>Montpellier H\u00e9rault SC \u2013 AS Saint-\u00c9tienne<\/p>\n","protected":false},"excerpt":{"rendered":"La Ligue de Football Professionnel a d\u00e9voil\u00e9 la programmation de la 9e journ\u00e9e de Ligue 2 BKT. \u00c0&hellip;\n","protected":false},"author":2,"featured_media":332963,"comment_status":"","ping_status":"","sticky":false,"template":"","format":"standard","meta":{"footnotes":""},"categories":[9653],"tags":[1111,11,2430,1777,674,1011,27,12,25,4001],"class_list":{"0":"post-332962","1":"post","2":"type-post","3":"status-publish","4":"format-standard","5":"has-post-thumbnail","7":"category-saint-etienne","8":"tag-actu","9":"tag-actualites","10":"tag-auvergne-rhone-alpes","11":"tag-eu","12":"tag-europe","13":"tag-fr","14":"tag-france","15":"tag-news","16":"tag-republique-francaise","17":"tag-saint-etienne"},"share_on_mastodon":{"url":"https:\/\/pubeurope.com\/@fr\/115064454698589633","error":""},"_links":{"self":[{"href":"https:\/\/www.europesays.com\/fr\/wp-json\/wp\/v2\/posts\/332962","targetHints":{"allow":["GET"]}}],"collection":[{"href":"https:\/\/www.europesays.com\/fr\/wp-json\/wp\/v2\/posts"}],"about":[{"href":"https:\/\/www.europesays.com\/fr\/wp-json\/wp\/v2\/types\/post"}],"author":[{"embeddable":true,"href":"https:\/\/www.europesays.com\/fr\/wp-json\/wp\/v2\/users\/2"}],"replies":[{"embeddable":true,"href":"https:\/\/www.europesays.com\/fr\/wp-json\/wp\/v2\/comments?post=332962"}],"version-history":[{"count":0,"href":"https:\/\/www.europesays.com\/fr\/wp-json\/wp\/v2\/posts\/332962\/revisions"}],"wp:featuredmedia":[{"embeddable":true,"href":"https:\/\/www.europesays.com\/fr\/wp-json\/wp\/v2\/media\/332963"}],"wp:attachment":[{"href":"https:\/\/www.europesays.com\/fr\/wp-json\/wp\/v2\/media?parent=332962"}],"wp:term":[{"taxonomy":"category","embeddable":true,"href":"https:\/\/www.europesays.com\/fr\/wp-json\/wp\/v2\/categories?post=332962"},{"taxonomy":"post_tag","embeddable":true,"href":"https:\/\/www.europesays.com\/fr\/wp-json\/wp\/v2\/tags?post=332962"}],"curies":[{"name":"wp","href":"https:\/\/api.w.org\/{rel}","templated":true}]}}