{"id":332966,"date":"2025-08-21T02:47:16","date_gmt":"2025-08-21T02:47:16","guid":{"rendered":"https:\/\/www.europesays.com\/fr\/332966\/"},"modified":"2025-08-21T02:47:16","modified_gmt":"2025-08-21T02:47:16","slug":"toulon-lart-urbain-au-musee-dart","status":"publish","type":"post","link":"https:\/\/www.europesays.com\/fr\/332966\/","title":{"rendered":"TOULON : L\u2019art urbain au mus\u00e9e d\u2019Art"},"content":{"rendered":"<p><strong>Le street art est l\u2019un des ph\u00e9nom\u00e8nes les plus dynamiques et les plus influents de l\u2019art contemporain. <\/strong><\/p>\n<p>Cette forme d\u2019art d\u00e9mocratique et inclusive attire aujourd\u2019hui un public large et diversifi\u00e9 et s\u2019est fermement \u00e9tablie sur le march\u00e9 de l\u2019art, comme dans le monde mus\u00e9al.<\/p>\n<p>En repla\u00e7ant le Street-Art dans son contexte historique social et culturel plus large, dont Banksy est le repr\u00e9sentant embl\u00e9matique aujourd\u2019hui, l\u2019exposition retrace les \u00e9tapes de l\u2019\u00e9volution de l\u2019art urbain en commen\u00e7ant par les pionniers de l\u2019\u00e8re des graffitis comme Crash ou Seen, en passant par les repr\u00e9sentants majeurs qui ont port\u00e9 ce mouvement \u00e0 une renomm\u00e9e internationale tels que Keith Haring ou Jean-Michel Basquiat, sans oublier la tr\u00e8s riche sc\u00e8ne fran\u00e7aise avec Blek le Rat, Miss.Tic, G\u00e9rard Zlotykamien, pour arriver \u00e0 une large s\u00e9lection de certains des artistes les plus pertinents de la sc\u00e8ne contemporaine dont JR, Invader, Madame\u2026 Une attention particuli\u00e8re est accord\u00e9e \u00e0 la figure de Banksy, jouant un r\u00f4le important tant dans la sph\u00e8re artistique contemporaine que sociale, devenu un v\u00e9ritable ph\u00e9nom\u00e8ne capable d\u2019affecter et d\u2019impliquer l\u2019opinion publique mondiale. Ses \u0153uvres ont profond\u00e9ment impr\u00e9gn\u00e9 la conscience collective, de telle sorte qu\u2019elles deviennent imm\u00e9diatement identifiables.<\/p>\n<p style=\"font-weight: 400;\"><strong>Exposition r\u00e9alis\u00e9e en coproduction avec 24 Ore Cultura (Milan).<\/strong><\/p>\n<p style=\"font-weight: 400;\">Commissariat\u00a0: Patrizia Cattaneo, historienne de l\u2019art sp\u00e9cialiste du Street-Art \u2013 Brigitte Gaillard, conservatrice en chef des mus\u00e9es de Toulon.<\/p>\n<p style=\"font-weight: 400;\"><strong>Exposition jusqu\u2019au 5 octobre 2025<\/strong><\/p>\n<p style=\"font-weight: 400;\"><strong>\u00a0<\/strong><strong>Mus\u00e9e d\u2019Art de Toulon<\/strong><\/p>\n<p style=\"font-weight: 400;\">113 bd G\u00e9n\u00e9ral Leclerc \u2013\u00a0<a href=\"https:\/\/www.google.com\/search?q=t%C3%A9l+mus%C3%A9e+d%27art+toulon&amp;rlz=1C1GCEU_frFR1113FR1113&amp;oq=t%C3%A9l+mus%C3%A9e+d%27art+toulon&amp;gs_lcrp=EgZjaHJvbWUyBggAEEUYOTIICAEQABgWGB4yCggCEAAYChgWGB4yCggDEAAYChgWGB4yCggEEAAYogQYiQUyCggFEAAYogQYiQXSAQgzNTY1ajBqNKgCALACAQ&amp;sourceid=chrome&amp;ie=UTF-8\" data-saferedirecturl=\"https:\/\/www.google.com\/url?q=https:\/\/www.google.com\/search?q%3Dt%25C3%25A9l%2Bmus%25C3%25A9e%2Bd%2527art%2Btoulon%26rlz%3D1C1GCEU_frFR1113FR1113%26oq%3Dt%25C3%25A9l%2Bmus%25C3%25A9e%2Bd%2527art%2Btoulon%26gs_lcrp%3DEgZjaHJvbWUyBggAEEUYOTIICAEQABgWGB4yCggCEAAYChgWGB4yCggDEAAYChgWGB4yCggEEAAYogQYiQUyCggFEAAYogQYiQXSAQgzNTY1ajBqNKgCALACAQ%26sourceid%3Dchrome%26ie%3DUTF-8&amp;source=gmail&amp;ust=1755599000688000&amp;usg=AOvVaw1qAyh68_NVKNk7WGWuB_j0\" rel=\"nofollow noopener\" target=\"_blank\">04 94 36 81 15<\/a><\/p>\n<p style=\"font-weight: 400;\">Du mardi au dimanche de 12h \u00e0 18h<\/p>\n<p style=\"font-weight: 400;\">Ferm\u00e9 le lundi, les 14 juillet et 15 ao\u00fbt<\/p>\n<p style=\"font-weight: 400;\"><strong>Plein tarif :<\/strong> 7 \u20ac, Tarif r\u00e9duit : 4 \u20ac (groupes adultes \u00e0 partir de 10 personnes, \u00e9tudiants de plus de 26 ans, membres d\u2019associations d\u2019amis de mus\u00e9es, plus de 65 ans et familles nombreuses).<\/p>\n<p>Le street art est l\u2019un des ph\u00e9nom\u00e8nes les plus dynamiques et les plus influents de l\u2019art contemporain. Cette forme d\u2019art d\u00e9mocratique et inclusive attire aujourd\u2019hui un public large et diversifi\u00e9 et s\u2019est fermement \u00e9tablie sur le march\u00e9 de l\u2019art, comme dans le monde mus\u00e9al. Mais comment sommes-nous pass\u00e9s des graffitis ill\u00e9gaux sur les wagons de m\u00e9tro \u00e0 ce ph\u00e9nom\u00e8ne mondial couronn\u00e9 de succ\u00e8s ? Quand le vandalisme est-il devenu de l\u2019art ? Quel r\u00f4le Banksy a-t-il jou\u00e9 dans cette \u00e9volution ? Ce ne sont l\u00e0 que quelques-unes des questions auxquelles l\u2019exposition entend r\u00e9pondre.<\/p>\n<p>Dans cette optique, la pr\u00e9sentation qui prend place au Mus\u00e9e d\u2019Art de Toulon a pour ambition de replacer l\u2019art urbain dans le contexte historique, social et culturel qui a favoris\u00e9 sa naissance et son d\u00e9veloppement ult\u00e9rieur. En partant des pionniers du graffiti de l\u2019underground new-yorkais des ann\u00e9es 1970, l\u2019exposition retrace les diff\u00e9rentes phases de l\u2019\u00e9volution du mouvement, jusqu\u2019\u00e0 ses expressions contemporaines et son impact sur la soci\u00e9t\u00e9. L\u2019exposition offre un large aper\u00e7u des diff\u00e9rents courants artistiques, styles (lettrages, graffitis, figuratifs\u2026) et techniques (bombes a\u00e9rosols, pochoirs, lithographies\u2026) qui caract\u00e9risent l\u2019art urbain contemporain, \u00e0 travers une s\u00e9lection d\u2019\u0153uvres d\u2019artistes de la sc\u00e8ne europ\u00e9enne et internationale.<\/p>\n<p>Une attention particuli\u00e8re est accord\u00e9e \u00e0 des figures telles que Keith Haring, Jean-Michel Basquiat et surtout Banksy, qui repr\u00e9sente une v\u00e9ritable ligne de d\u00e9marcation entre la sc\u00e8ne underground et la reconnaissance mondiale. Un espace sp\u00e9cial est consacr\u00e9 \u00e0 la sc\u00e8ne fran\u00e7aise, devenue l\u2019une des plus innovantes et des plus riches de l\u2019art urbain, gr\u00e2ce notamment aux contributions uniques d\u2019artistes tels que Zlotykamien, pionnier du street art depuis les ann\u00e9es 1960, Blek le Rat, consid\u00e9r\u00e9 comme le \u00ab p\u00e8re du graffiti au pochoir \u00bb, et Miss.Tic, connue pour ses pochoirs po\u00e9tiques repr\u00e9sentant des femmes \u00e0 la chevelure sombre.<\/p>\n<p>Cr\u00e9dit photo : Artrust, Suisse<\/p>\n<p><strong>Source : Au mus\u00e9e d\u2019Art, exposition Banksy.<\/strong><\/p>\n","protected":false},"excerpt":{"rendered":"Le street art est l\u2019un des ph\u00e9nom\u00e8nes les plus dynamiques et les plus influents de l\u2019art contemporain. Cette&hellip;\n","protected":false},"author":2,"featured_media":331777,"comment_status":"","ping_status":"","sticky":false,"template":"","format":"standard","meta":{"footnotes":""},"categories":[9619],"tags":[1111,11,1777,674,1011,27,12,882,25,2310],"class_list":{"0":"post-332966","1":"post","2":"type-post","3":"status-publish","4":"format-standard","5":"has-post-thumbnail","7":"category-toulon","8":"tag-actu","9":"tag-actualites","10":"tag-eu","11":"tag-europe","12":"tag-fr","13":"tag-france","14":"tag-news","15":"tag-provence-alpes-cote-dazur","16":"tag-republique-francaise","17":"tag-toulon"},"share_on_mastodon":{"url":"https:\/\/pubeurope.com\/@fr\/115064474357750497","error":""},"_links":{"self":[{"href":"https:\/\/www.europesays.com\/fr\/wp-json\/wp\/v2\/posts\/332966","targetHints":{"allow":["GET"]}}],"collection":[{"href":"https:\/\/www.europesays.com\/fr\/wp-json\/wp\/v2\/posts"}],"about":[{"href":"https:\/\/www.europesays.com\/fr\/wp-json\/wp\/v2\/types\/post"}],"author":[{"embeddable":true,"href":"https:\/\/www.europesays.com\/fr\/wp-json\/wp\/v2\/users\/2"}],"replies":[{"embeddable":true,"href":"https:\/\/www.europesays.com\/fr\/wp-json\/wp\/v2\/comments?post=332966"}],"version-history":[{"count":0,"href":"https:\/\/www.europesays.com\/fr\/wp-json\/wp\/v2\/posts\/332966\/revisions"}],"wp:featuredmedia":[{"embeddable":true,"href":"https:\/\/www.europesays.com\/fr\/wp-json\/wp\/v2\/media\/331777"}],"wp:attachment":[{"href":"https:\/\/www.europesays.com\/fr\/wp-json\/wp\/v2\/media?parent=332966"}],"wp:term":[{"taxonomy":"category","embeddable":true,"href":"https:\/\/www.europesays.com\/fr\/wp-json\/wp\/v2\/categories?post=332966"},{"taxonomy":"post_tag","embeddable":true,"href":"https:\/\/www.europesays.com\/fr\/wp-json\/wp\/v2\/tags?post=332966"}],"curies":[{"name":"wp","href":"https:\/\/api.w.org\/{rel}","templated":true}]}}