{"id":332967,"date":"2025-08-21T02:49:15","date_gmt":"2025-08-21T02:49:15","guid":{"rendered":"https:\/\/www.europesays.com\/fr\/332967\/"},"modified":"2025-08-21T02:49:15","modified_gmt":"2025-08-21T02:49:15","slug":"le-futur-champion-de-france-touchera-moins-de-droits-tv-que-montpellier-la-saison-derniere-france-droits-tv","status":"publish","type":"post","link":"https:\/\/www.europesays.com\/fr\/332967\/","title":{"rendered":"Le futur champion de France touchera moins de droits TV que Montpellier la saison derni\u00e8re &#8211; France &#8211; Droits TV"},"content":{"rendered":"<p><a target=\"_blank\" href=\"https:\/\/www.sofoot.com\/articles\/france-apres-son-bon-depart-ligue-1-doit-maintenant-sinscrire-dans-la-duree\" rel=\"nofollow noopener\">Le sauvetage du foot fran\u00e7ais, ce n\u2019est pas gagn\u00e9.<\/a><\/p>\n<p><a target=\"_blank\" href=\"https:\/\/www.sofoot.com\/breves\/medias-ligue-1-a-franchi-la-barre-des-600-000-abonnes\" rel=\"nofollow noopener\">Si le lancement de Ligue 1+ a \u00e9t\u00e9 une r\u00e9ussite<\/a>, avec la barre des 600 000 abonn\u00e9s franchie, les clubs de l\u2019Hexagone ont bien \u00e9t\u00e9 pr\u00e9venus qu\u2019ils allaient devoir se serrer la ceinture ces prochaines ann\u00e9es. La DNCG avait d\u2019ailleurs annonc\u00e9 la couleur : il fallait mettre le chiffre 0 dans la case droits TV pour les finances de la saison \u00e0 venir.<\/p>\n<p>L\u2019\u00c9quipe,\u00a0qui a pu avoir acc\u00e8s aux diff\u00e9rents documents, confirme la perte abyssale de revenus pour <strong>les clubs de Ligue 1, qui ne se partageront que 80 millions d\u2019euros sur l\u2019ensemble de la saison<\/strong>. \u00c0 r\u00e9partir donc entre 18 clubs.<\/p>\n<p>Une chute vertigineuse<\/p>\n<p>Le quotidien illustre ces pertes avec un exemple tr\u00e8s clair : le futur champion de France, qui sera le PSG ou un autre si le championnat d\u00e9cide de proposer du suspense tout en haut, <strong>percevrait seulement 4,67 millions d\u2019euros en cas de sacre au printemps prochain.<\/strong><\/p>\n<p>\u00c0 titre de comparaison, Montpellier, bon dernier lors de l\u2019exercice pr\u00e9c\u00e9dent, <strong>avait touch\u00e9 5,18 millions d\u2019euros, soit un montant sup\u00e9rieur \u00e0 ce que ramassera le prochain champion.\u00a0<\/strong><\/p>\n<p>Vincent Labrune avait raison, pour une fois : <a target=\"_blank\" href=\"https:\/\/www.sofoot.com\/breves\/vincent-labrune-la-ligue-1-deviendra-le-championnat-de-slovenie\" rel=\"nofollow noopener\">la Ligue 1 va bien devenir le championnat de Slov\u00e9nie<\/a>.<\/p>\n<p>\t\t\t\t\t\t\t\t\t\t<a class=\"lien-connexe\" href=\"https:\/\/www.sofoot.com\/articles\/mercato-les-10-transferts-dont-on-reve-pour-la-fin-de-lete\" rel=\"nofollow noopener\" target=\"_blank\">Les 10 transferts dont on r\u00eave pour la fin du mercato<\/a>\t\t\t\t\t<\/p>\n","protected":false},"excerpt":{"rendered":"Le sauvetage du foot fran\u00e7ais, ce n\u2019est pas gagn\u00e9. Si le lancement de Ligue 1+ a \u00e9t\u00e9 une&hellip;\n","protected":false},"author":2,"featured_media":332968,"comment_status":"","ping_status":"","sticky":false,"template":"","format":"standard","meta":{"footnotes":""},"categories":[9599],"tags":[1111,47,11,61,69,65,64,1777,674,63,1011,27,68,66,2208,12,62,2680,70,25,67],"class_list":{"0":"post-332967","1":"post","2":"type-post","3":"status-publish","4":"format-standard","5":"has-post-thumbnail","7":"category-montpellier","8":"tag-actu","9":"tag-actualite","10":"tag-actualites","11":"tag-actus-football","12":"tag-bundesliga","13":"tag-championnats-europeens","14":"tag-equipe-de-france","15":"tag-eu","16":"tag-europe","17":"tag-football","18":"tag-fr","19":"tag-france","20":"tag-ligua","21":"tag-ligue-1","22":"tag-montpellier","23":"tag-news","24":"tag-news-foot","25":"tag-occitanie","26":"tag-premier-league","27":"tag-republique-francaise","28":"tag-serie-a"},"share_on_mastodon":{"url":"https:\/\/pubeurope.com\/@fr\/115064482195220482","error":""},"_links":{"self":[{"href":"https:\/\/www.europesays.com\/fr\/wp-json\/wp\/v2\/posts\/332967","targetHints":{"allow":["GET"]}}],"collection":[{"href":"https:\/\/www.europesays.com\/fr\/wp-json\/wp\/v2\/posts"}],"about":[{"href":"https:\/\/www.europesays.com\/fr\/wp-json\/wp\/v2\/types\/post"}],"author":[{"embeddable":true,"href":"https:\/\/www.europesays.com\/fr\/wp-json\/wp\/v2\/users\/2"}],"replies":[{"embeddable":true,"href":"https:\/\/www.europesays.com\/fr\/wp-json\/wp\/v2\/comments?post=332967"}],"version-history":[{"count":0,"href":"https:\/\/www.europesays.com\/fr\/wp-json\/wp\/v2\/posts\/332967\/revisions"}],"wp:featuredmedia":[{"embeddable":true,"href":"https:\/\/www.europesays.com\/fr\/wp-json\/wp\/v2\/media\/332968"}],"wp:attachment":[{"href":"https:\/\/www.europesays.com\/fr\/wp-json\/wp\/v2\/media?parent=332967"}],"wp:term":[{"taxonomy":"category","embeddable":true,"href":"https:\/\/www.europesays.com\/fr\/wp-json\/wp\/v2\/categories?post=332967"},{"taxonomy":"post_tag","embeddable":true,"href":"https:\/\/www.europesays.com\/fr\/wp-json\/wp\/v2\/tags?post=332967"}],"curies":[{"name":"wp","href":"https:\/\/api.w.org\/{rel}","templated":true}]}}