{"id":332974,"date":"2025-08-21T02:58:11","date_gmt":"2025-08-21T02:58:11","guid":{"rendered":"https:\/\/www.europesays.com\/fr\/332974\/"},"modified":"2025-08-21T02:58:11","modified_gmt":"2025-08-21T02:58:11","slug":"a-strasbourg-les-ecologistes-defendent-lunite-de-la-gauche-en-vue-de-la-presidentielle","status":"publish","type":"post","link":"https:\/\/www.europesays.com\/fr\/332974\/","title":{"rendered":"A Strasbourg, les Ecologistes d\u00e9fendent l&rsquo;unit\u00e9 de la gauche en vue de la pr\u00e9sidentielle"},"content":{"rendered":"<p>Chantres de l&rsquo;unit\u00e9 \u00e0 gauche, les Ecologistes organisent jeudi, au premier jour de leurs universit\u00e9s d&rsquo;\u00e9t\u00e9 \u00e0 Strasbourg, un grand rassemblement de toute la gauche, y compris m\u00e9lenchoniste, dans l&rsquo;optique de la pr\u00e9sidentielle de 2027.<\/p>\n<p>\u00ab\u00a0Sur l&rsquo;unit\u00e9 pour 2027, je ne l\u00e2cherai rien\u00a0\u00bb, promet la patronne des Ecologistes Marine Tondelier, qui entend bien mettre \u00ab\u00a0la pression\u00a0\u00bb sur tous les partis de gauche et fera un discours dans la soir\u00e9e, juste avant le meeting commun.<\/p>\n<p>Cet \u00e9v\u00e9nement verra r\u00e9unis sur la m\u00eame sc\u00e8ne Marine Tondelier, le patron des socialistes Olivier Faure ainsi que des responsables communiste, unitaire (ex-LFI), insoumis et Place publique. Pour l&rsquo;heure, quasiment tous ces partis promettent de voter la censure du Premier ministre Fran\u00e7ois Bayrou lors de l&rsquo;examen du budget 2026.<\/p>\n<p>Ce rassemblement fait suite \u00e0 l&rsquo;initiative lanc\u00e9e d\u00e9but juillet \u00e0 Bagneux (Hauts-de-Seine) par Lucie Castets, l&rsquo;\u00e9ph\u00e9m\u00e8re pr\u00e9tendante \u00e0 Matignon du Nouveau Front populaire, pour une candidature commune pour la prochaine pr\u00e9sidentielle, face au risque de voir arriver au pouvoir l&rsquo;extr\u00eame droite.<\/p>\n<p>Lucie Castets, \u00e9galement pr\u00e9sente \u00e0 Strasbourg, avait alors obtenu que le PS, les Ecologistes, G\u00e9n\u00e9rations, Debout (le parti de Fran\u00e7ois Ruffin) et l&rsquo;Apr\u00e8s (le parti des ex-Insoumis) actent le principe d&rsquo;un \u00ab\u00a0projet commun\u00a0\u00bb et d&rsquo;un candidat commun pour 2027. Ils ont d\u00e9cid\u00e9 notamment de se mettre d&rsquo;accord sur les modalit\u00e9s de d\u00e9signation du candidat fin 2025 et sur le choix du candidat \u00ab\u00a0entre mai et octobre 2026\u00a0\u00bb.<\/p>\n<p>Mais alors que le Nouveau Front populaire avait r\u00e9ussi \u00e0 rassembler la quasi-totalit\u00e9 de la gauche apr\u00e8s la dissolution de 2024, Jean-Luc M\u00e9lenchon et Rapha\u00ebl Glucksmann ont jusqu&rsquo;alors refus\u00e9 toute participation \u00e0 une initiative unitaire, chacun pr\u00e9f\u00e9rant faire cavalier seul pour r\u00e9ussir \u00e0 s&rsquo;imposer dans les sondages.<\/p>\n<p>La secr\u00e9taire nationale des Verts se f\u00e9licite donc de la venue de la d\u00e9put\u00e9e insoumise Alma Dufour et du coordinateur de Place Publique Thierry Brochot, disant avoir la certitude que la position de Rapha\u00ebl Glucksmann et Jean-Luc M\u00e9lenchon sera de plus en plus difficile \u00e0 tenir.<\/p>\n<p>\u00ab\u00a0Notre boussole, \u00e0 tous, doit \u00eatre l&rsquo;antifascisme. Regardez ce qu&rsquo;il se passe dans le monde, o\u00f9 de grandes d\u00e9mocraties basculent une par une. La France fait partie des prochains dominos qui peuvent tomber. Et si la France tombe, c&rsquo;est l&rsquo;Europe qui vacille\u00a0\u00bb, s&rsquo;alarme Mme Tondelier dans Lib\u00e9ration, refusant \u00ab\u00a0les petits jeux d&rsquo;appareils\u00a0\u00bb.<\/p>\n<p>&#8211; \u00ab\u00a0Candidature forte\u00a0\u00bb &#8211;<\/p>\n<p>Pour elle, \u00ab\u00a0le gros d\u00e9fi\u00a0\u00bb pour la gauche et les Ecologistes, \u00ab\u00a0c&rsquo;est de faire mentir les promesses de d\u00e9faites qui nous sont faites\u00a0\u00bb. Elle assure que depuis juillet, la gauche unitaire est \u00ab\u00a0au travail\u00a0\u00bb sur le programme, sur les conventions th\u00e9matiques de la rentr\u00e9e et sur l&rsquo;organisation de la primaire en elle-m\u00eame.<\/p>\n<p>Elle assure par ailleurs que les Ecologistes \u00ab\u00a0n&rsquo;ont pas vocation \u00e0 \u00eatre uniquement les gentils organisateurs de l&rsquo;union\u00a0\u00bb, et pr\u00e9senteront \u00ab\u00a0une candidature forte \u00e0 cette primaire\u00a0\u00bb, laissant peu planer le suspense sur sa propre personne.<\/p>\n<p>Un rassemblement unitaire similaire est pr\u00e9vu la semaine prochaine, pour les journ\u00e9es d&rsquo;\u00e9t\u00e9 du PS \u00e0 Blois, mais sans les Insoumis, avec qui les relations sont glaciales, notamment depuis que les socialistes ont refus\u00e9 de censurer le gouvernement Bayrou sur le budget 2025.<\/p>\n<p>\u00ab\u00a0Pourquoi nous avons fait le NFP? Parce que le danger de voir arriver Jordan Bardella \u00e0 Matignon \u00e9tait imminent. Qui peut sinc\u00e8rement penser que nous aurions, en 2025, en 2026 et 2027 davantage le luxe de la division qu&rsquo;en 2024?\u00a0\u00bb, argumente Mme Tondelier, plaidant aussi pour des rassemblements larges en cas de l\u00e9gislatives partielles anticip\u00e9es et pour les \u00e9lections municipales de 2026.<\/p>\n<p>Mais sur cette derni\u00e8re \u00e9ch\u00e9ance, o\u00f9 les Ecologistes esp\u00e8rent conserver leurs villes gagn\u00e9es en 2020 et en conqu\u00e9rir d&rsquo;autres avec le reste de la gauche, les tensions sont parfois fortes localement avec leurs partenaires socialistes ou insoumis.<\/p>\n<p>\u00ab\u00a0Dans les villes de gauche o\u00f9 le ou la maire se repr\u00e9sente, il semble logique, \u00e9vident, que les gens qui ont travaill\u00e9 ensemble pendant tout un mandat repartent au moins dans ce p\u00e9rim\u00e8tre-l\u00e0 quand \u00e7a s&rsquo;est bien pass\u00e9\u00a0\u00bb, d\u00e9fend-elle.<\/p>\n<p>L&rsquo;ode \u00e0 l&rsquo;union risque cependant de se voir malmener d\u00e8s le lendemain aux universit\u00e9s d&rsquo;\u00e9t\u00e9 de LFI \u00e0 Ch\u00e2teauneuf-sur-Is\u00e8re (Dr\u00f4me) avec le discours, toujours tr\u00e8s attendu, de Jean-Luc M\u00e9lenchon, d\u00e9j\u00e0 lanc\u00e9 pour sa quatri\u00e8me campagne pr\u00e9sidentielle.<\/p>\n","protected":false},"excerpt":{"rendered":"Chantres de l&rsquo;unit\u00e9 \u00e0 gauche, les Ecologistes organisent jeudi, au premier jour de leurs universit\u00e9s d&rsquo;\u00e9t\u00e9 \u00e0 Strasbourg,&hellip;\n","protected":false},"author":2,"featured_media":332975,"comment_status":"","ping_status":"","sticky":false,"template":"","format":"standard","meta":{"footnotes":""},"categories":[2820],"tags":[1111,11,1777,674,1011,27,775,12,25,640],"class_list":{"0":"post-332974","1":"post","2":"type-post","3":"status-publish","4":"format-standard","5":"has-post-thumbnail","7":"category-strasbourg","8":"tag-actu","9":"tag-actualites","10":"tag-eu","11":"tag-europe","12":"tag-fr","13":"tag-france","14":"tag-grand-est","15":"tag-news","16":"tag-republique-francaise","17":"tag-strasbourg"},"share_on_mastodon":{"url":"https:\/\/pubeurope.com\/@fr\/115064517693591289","error":""},"_links":{"self":[{"href":"https:\/\/www.europesays.com\/fr\/wp-json\/wp\/v2\/posts\/332974","targetHints":{"allow":["GET"]}}],"collection":[{"href":"https:\/\/www.europesays.com\/fr\/wp-json\/wp\/v2\/posts"}],"about":[{"href":"https:\/\/www.europesays.com\/fr\/wp-json\/wp\/v2\/types\/post"}],"author":[{"embeddable":true,"href":"https:\/\/www.europesays.com\/fr\/wp-json\/wp\/v2\/users\/2"}],"replies":[{"embeddable":true,"href":"https:\/\/www.europesays.com\/fr\/wp-json\/wp\/v2\/comments?post=332974"}],"version-history":[{"count":0,"href":"https:\/\/www.europesays.com\/fr\/wp-json\/wp\/v2\/posts\/332974\/revisions"}],"wp:featuredmedia":[{"embeddable":true,"href":"https:\/\/www.europesays.com\/fr\/wp-json\/wp\/v2\/media\/332975"}],"wp:attachment":[{"href":"https:\/\/www.europesays.com\/fr\/wp-json\/wp\/v2\/media?parent=332974"}],"wp:term":[{"taxonomy":"category","embeddable":true,"href":"https:\/\/www.europesays.com\/fr\/wp-json\/wp\/v2\/categories?post=332974"},{"taxonomy":"post_tag","embeddable":true,"href":"https:\/\/www.europesays.com\/fr\/wp-json\/wp\/v2\/tags?post=332974"}],"curies":[{"name":"wp","href":"https:\/\/api.w.org\/{rel}","templated":true}]}}