{"id":332978,"date":"2025-08-21T03:00:12","date_gmt":"2025-08-21T03:00:12","guid":{"rendered":"https:\/\/www.europesays.com\/fr\/332978\/"},"modified":"2025-08-21T03:00:12","modified_gmt":"2025-08-21T03:00:12","slug":"le-footballeur-hugo-lloris-pourrait-racheter-une-boite-techno-a-nice","status":"publish","type":"post","link":"https:\/\/www.europesays.com\/fr\/332978\/","title":{"rendered":"Le footballeur Hugo Lloris pourrait racheter une bo\u00eete techno \u00e0 Nice"},"content":{"rendered":"<p>Depuis la fermeture du Boom C\u0153ur Club (ancien Kwartz), le 14 septembre 2024, aucun repreneur n\u2019a \u00e9t\u00e9 annonc\u00e9. Dernier bastion du genre, situ\u00e9 au 2 rue Br\u00e9a \u00e0 Nice, l\u2019\u00e9tablissement a baiss\u00e9 le rideau en raison d\u2019une \u00ab\u00a0mauvaise gestion\u00a0\u00bb, comme le confirment les habitu\u00e9s.<\/p>\n<p>Chaque semaine, la discoth\u00e8que r\u00e9unissait de nombreux passionn\u00e9s de musique de techno. Sa disparition a laiss\u00e9 un vide dans la vie nocturne ni\u00e7oise.<\/p>\n<p><strong>Un projet d&rsquo;agrandissement du Comptoir de Nicole?<\/strong><\/p>\n<p>Plusieurs sources \u00e9voquent un possible rachat par le footballeur international Hugo Lloris. L\u2019ancien capitaine de l\u2019\u00e9quipe de France envisagerait de racheter le lieu, non pas pour relancer les nuits \u00e9lectroniques, mais pour agrandir le restaurant Le Comptoir de Nicole, situ\u00e9 \u00e0 proximit\u00e9.<\/p>\n<p>Un choix qui s\u2019inscrirait dans la strat\u00e9gie d\u2019investissement du Ni\u00e7ois sur la C\u00f4te d\u2019Azur: il est d\u00e9j\u00e0 associ\u00e9 \u00e0 la plage priv\u00e9e La Javanaise \u00e0 Beaulieu, au Culture Brunch, pr\u00e8s de la salle des Franciscains, et au restaurant Le Blanchon \u00e0 Auron.<\/p>\n","protected":false},"excerpt":{"rendered":"Depuis la fermeture du Boom C\u0153ur Club (ancien Kwartz), le 14 septembre 2024, aucun repreneur n\u2019a \u00e9t\u00e9 annonc\u00e9.&hellip;\n","protected":false},"author":2,"featured_media":332979,"comment_status":"","ping_status":"","sticky":false,"template":"","format":"standard","meta":{"footnotes":""},"categories":[2819],"tags":[1111,11,1777,674,1011,27,12,2401,882,25,3366],"class_list":{"0":"post-332978","1":"post","2":"type-post","3":"status-publish","4":"format-standard","5":"has-post-thumbnail","7":"category-nice","8":"tag-actu","9":"tag-actualites","10":"tag-eu","11":"tag-europe","12":"tag-fr","13":"tag-france","14":"tag-news","15":"tag-nice","16":"tag-provence-alpes-cote-dazur","17":"tag-republique-francaise","18":"tag-vie-locale"},"share_on_mastodon":{"url":"https:\/\/pubeurope.com\/@fr\/115064525491320395","error":""},"_links":{"self":[{"href":"https:\/\/www.europesays.com\/fr\/wp-json\/wp\/v2\/posts\/332978","targetHints":{"allow":["GET"]}}],"collection":[{"href":"https:\/\/www.europesays.com\/fr\/wp-json\/wp\/v2\/posts"}],"about":[{"href":"https:\/\/www.europesays.com\/fr\/wp-json\/wp\/v2\/types\/post"}],"author":[{"embeddable":true,"href":"https:\/\/www.europesays.com\/fr\/wp-json\/wp\/v2\/users\/2"}],"replies":[{"embeddable":true,"href":"https:\/\/www.europesays.com\/fr\/wp-json\/wp\/v2\/comments?post=332978"}],"version-history":[{"count":0,"href":"https:\/\/www.europesays.com\/fr\/wp-json\/wp\/v2\/posts\/332978\/revisions"}],"wp:featuredmedia":[{"embeddable":true,"href":"https:\/\/www.europesays.com\/fr\/wp-json\/wp\/v2\/media\/332979"}],"wp:attachment":[{"href":"https:\/\/www.europesays.com\/fr\/wp-json\/wp\/v2\/media?parent=332978"}],"wp:term":[{"taxonomy":"category","embeddable":true,"href":"https:\/\/www.europesays.com\/fr\/wp-json\/wp\/v2\/categories?post=332978"},{"taxonomy":"post_tag","embeddable":true,"href":"https:\/\/www.europesays.com\/fr\/wp-json\/wp\/v2\/tags?post=332978"}],"curies":[{"name":"wp","href":"https:\/\/api.w.org\/{rel}","templated":true}]}}