{"id":332988,"date":"2025-08-21T03:07:19","date_gmt":"2025-08-21T03:07:19","guid":{"rendered":"https:\/\/www.europesays.com\/fr\/332988\/"},"modified":"2025-08-21T03:07:19","modified_gmt":"2025-08-21T03:07:19","slug":"cite-de-la-natation-a-toulouse-debut-du-chantier-en-2026-ouverture-esperee-en-2028","status":"publish","type":"post","link":"https:\/\/www.europesays.com\/fr\/332988\/","title":{"rendered":"Cit\u00e9 de la natation \u00e0 Toulouse\u00a0: d\u00e9but du chantier en 2026, ouverture esp\u00e9r\u00e9e en 2028"},"content":{"rendered":"<p>C&rsquo;est l&rsquo;un des futurs chantiers de Toulouse dont on parle depuis 2023 sans en voir pour l&rsquo;instant la couleur. Pr\u00e8s du Stadium, la Cit\u00e9 de la natation doit voir le jour dans un avenir incertain. Cette fois, la mairie r\u00e9alise un apport foncier qui lance concr\u00e8tement le projet.<\/p>\n<p>Depuis le temps qu&rsquo;on en parle, cette fameuse Cit\u00e9 de la natation \u00e0 Toulouse, devenue d&rsquo;autant plus pertinente avec les multiples m\u00e9dailles et la renomm\u00e9e qu&rsquo;a apport\u00e9 L\u00e9on Marchand \u00e0 la ville. Ce 20 ao\u00fbt 2025, deux ans apr\u00e8s son annonce, la mairie de Toulouse et le club des Dauphins du Toec &#8211; auquel est toujours licenci\u00e9 le champion &#8211; ont commenc\u00e9 les \u00e9changes fonciers en vue d&rsquo;un <strong>d\u00e9p\u00f4t de construire pour l&rsquo;automne.<\/strong><\/p>\n<p>D\u00e9but des travaux en 2026<\/p>\n<p>Le maire de Toulouse vient de c\u00e9der un terrain dont il faudra raser le b\u00e2timent actuel, le hall 7 de l&rsquo;ancien parc des expositions, pr\u00e8s du Stadium et des piscines Nakache et Castex. Ce terrain accueillera <strong>le futur centre nautique de 2.000 m\u00e8tres carr\u00e9s<\/strong>, au sommet duquel\u00a0u<a class=\"IciLink ici-link IciArticleLink g-ici-body-regular-1 underline brand svelte-lu7k6w\" href=\"https:\/\/www.francebleu.fr\/sports\/tous-les-sports\/une-piscine-des-jo-de-paris-desormais-reservee-a-toulouse-pour-sa-future-cite-de-la-natation-1486652\" rel=\"nofollow noopener\" target=\"_blank\">n bassin d&rsquo;entra\u00eenement utilis\u00e9 lors des JO de Paris sera transf\u00e9r\u00e9<\/a>. Actuellement, le bassin d\u00e9mont\u00e9 est stock\u00e9 en Italie.<\/p>\n<p>Vincent Gardeau, le directeur des\u00a0Dauphins du TOEC esp\u00e8re que le chantier pourra d\u00e9marrer en 2026, avec <strong>une ouverture au plus t\u00f4t d\u00e9but 2028<\/strong>. Le projet b\u00e9n\u00e9ficie d&rsquo;un\u00a0investissement public-priv\u00e9 de 33 millions d&rsquo;euros, dont la moiti\u00e9 assur\u00e9e par la m\u00e9tropole de Toulouse, le d\u00e9partement de Haute-Garonne et la r\u00e9gion Occitanie.<\/p>\n<p>Gr\u00e2ce \u00e0 l&rsquo;effet Marchand, le club toulousain est pass\u00e9 de 1.650 licenci\u00e9s \u00e0 2.000 en 18 mois.<\/p>\n","protected":false},"excerpt":{"rendered":"C&rsquo;est l&rsquo;un des futurs chantiers de Toulouse dont on parle depuis 2023 sans en voir pour l&rsquo;instant la&hellip;\n","protected":false},"author":2,"featured_media":332989,"comment_status":"","ping_status":"","sticky":false,"template":"","format":"standard","meta":{"footnotes":""},"categories":[2816],"tags":[1111,11,1777,674,1011,27,12,2680,25,2312],"class_list":{"0":"post-332988","1":"post","2":"type-post","3":"status-publish","4":"format-standard","5":"has-post-thumbnail","7":"category-toulouse","8":"tag-actu","9":"tag-actualites","10":"tag-eu","11":"tag-europe","12":"tag-fr","13":"tag-france","14":"tag-news","15":"tag-occitanie","16":"tag-republique-francaise","17":"tag-toulouse"},"share_on_mastodon":{"url":"https:\/\/pubeurope.com\/@fr\/115064553358800161","error":""},"_links":{"self":[{"href":"https:\/\/www.europesays.com\/fr\/wp-json\/wp\/v2\/posts\/332988","targetHints":{"allow":["GET"]}}],"collection":[{"href":"https:\/\/www.europesays.com\/fr\/wp-json\/wp\/v2\/posts"}],"about":[{"href":"https:\/\/www.europesays.com\/fr\/wp-json\/wp\/v2\/types\/post"}],"author":[{"embeddable":true,"href":"https:\/\/www.europesays.com\/fr\/wp-json\/wp\/v2\/users\/2"}],"replies":[{"embeddable":true,"href":"https:\/\/www.europesays.com\/fr\/wp-json\/wp\/v2\/comments?post=332988"}],"version-history":[{"count":0,"href":"https:\/\/www.europesays.com\/fr\/wp-json\/wp\/v2\/posts\/332988\/revisions"}],"wp:featuredmedia":[{"embeddable":true,"href":"https:\/\/www.europesays.com\/fr\/wp-json\/wp\/v2\/media\/332989"}],"wp:attachment":[{"href":"https:\/\/www.europesays.com\/fr\/wp-json\/wp\/v2\/media?parent=332988"}],"wp:term":[{"taxonomy":"category","embeddable":true,"href":"https:\/\/www.europesays.com\/fr\/wp-json\/wp\/v2\/categories?post=332988"},{"taxonomy":"post_tag","embeddable":true,"href":"https:\/\/www.europesays.com\/fr\/wp-json\/wp\/v2\/tags?post=332988"}],"curies":[{"name":"wp","href":"https:\/\/api.w.org\/{rel}","templated":true}]}}