{"id":332990,"date":"2025-08-21T03:08:20","date_gmt":"2025-08-21T03:08:20","guid":{"rendered":"https:\/\/www.europesays.com\/fr\/332990\/"},"modified":"2025-08-21T03:08:20","modified_gmt":"2025-08-21T03:08:20","slug":"les-idees-sorties-du-week-end-du-22-au-24-aout","status":"publish","type":"post","link":"https:\/\/www.europesays.com\/fr\/332990\/","title":{"rendered":"les id\u00e9es sorties du week-end du 22 au 24 ao\u00fbt"},"content":{"rendered":"<p class=\"intro\">Ce week-end du 22 au 24 ao\u00fbt, la m\u00e9tropole lilloise vous r\u00e9serve un programme haut en couleurs\u00a0! Entre f\u00eates foraines, concerts intimistes, spectacles d&rsquo;humour et d\u00e9couvertes familiales, il y en a pour tous les go\u00fbts et toutes les g\u00e9n\u00e9rations. Alors que l&rsquo;\u00e9t\u00e9 tire doucement sa r\u00e9v\u00e9rence, profitez de ces derniers jours d&rsquo;ao\u00fbt pour vous cr\u00e9er de beaux souvenirs. Notre s\u00e9lection vous guide vers les \u00e9v\u00e9nements incontournables de ce week-end estival.<\/p>\n<p class=\"intro\"><a data-lightbox=\"article\" data-title=\" DR\" class=\"image detail fullwidth\" href=\"https:\/\/www.jds.fr\/medias\/image\/lille-les-idees-sorties-du-week-end-du-22-au-24-ao-1-697133-1200-0-F.webp\" title=\" DR\" rel=\"nofollow noopener\" target=\"_blank\"><br \/>\n<img decoding=\"async\" loading=\"lazy\" src=\"https:\/\/www.europesays.com\/fr\/wp-content\/uploads\/2025\/08\/lille-les-idees-sorties-du-week-end-du-22-au-24-ao-1-697133-1200-0.webp.webp\"   alt=\"Lille : les id\u00e9es sorties du week-end du 22 au 24 ao\u00fbt\" class=\"shortcode_image border\"\/><br \/>\n\u00a9 DR<br \/>\n<\/a>\n<\/p>\n<p class=\"mise_en_avant\"><strong>Pr\u00e9visions m\u00e9t\u00e9o ce week-end\u00a0:<\/strong> Un temps partiellement nuageux vous accompagnera vendredi et samedi avec 22\u00b0C et 23\u00b0C, avant un dimanche un peu plus couvert mais plus doux avec 25\u00b0C.<\/p>\n<p>1\/ [Coup de\u00a0\u2764\ufe0f JDS] F\u00eate foraine de Cambrai 2025\u00a0: grand final en beaut\u00e9<\/p>\n<p>La <a href=\"https:\/\/www.jds.fr\/cambrai\/manifestations\/fete-foraine\/fete-foraine-de-cambrai-1053503_A\" rel=\"nofollow noopener\" target=\"_blank\">f\u00eate foraine de Cambrai<\/a> tire sa r\u00e9v\u00e9rence ce lundi 25 ao\u00fbt, mais vous avez encore tout le week-end pour profiter de ses 180 \u00e0 200 attractions\u00a0! \ud83c\udfa2 Entre les man\u00e8ges \u00e0 sensations, les stands gourmands et l&rsquo;ambiance festive du centre-ville transform\u00e9 en parc d&rsquo;attractions, cette f\u00eate foraine des Hauts-de-France continue de s\u00e9duire par sa taille exceptionnelle. Le point d&rsquo;orgue\u00a0: le feu d&rsquo;artifice dimanche 24 ao\u00fbt vers 22h30 au port de Cantimpr\u00e8. Nous l&rsquo;avons s\u00e9lectionn\u00e9e pour son ampleur remarquable et son atmosph\u00e8re authentiquement foraine.<\/p>\n<p>\ud83d\udca1 <strong>Notre conseil\u00a0:<\/strong> Arrivez t\u00f4t dimanche pour profiter pleinement des attractions avant le spectacle pyrotechnique, et go\u00fbtez absolument aux c\u00e9l\u00e8bres b\u00eatises de Cambrai dans les stands gourmands\u00a0!<\/p>\n<p>\ud83d\udccd Cambrai<br \/>\ud83d\udcc5 Jusqu&rsquo;au 25\/08\/2025<\/p>\n<p class=\"mise_en_avant\">\ud83d\udc49 <a href=\"https:\/\/www.jds.fr\/cambrai\/manifestations\/fete-foraine\/fete-foraine-de-cambrai-1053503_A\" rel=\"nofollow noopener\" target=\"_blank\">[Coup de\u00a0\u2764\ufe0f JDS] F\u00eate foraine de Cambrai 2025\u00a0: toutes les informations<\/a><\/p>\n<p><a data-lightbox=\"article\" data-title=\"Rendez-vous au mois d&#039;ao\u00fbt pour la F\u00eate foraine de Cambrai !  \u00a9 Freepik\" class=\"image detail fullwidth\" href=\"https:\/\/www.jds.fr\/medias\/image\/fete-foraine-de-cambrai-655430-1200-0-F.webp\" title=\"Rendez-vous au mois d&#039;ao\u00fbt pour la F\u00eate foraine de Cambrai !  \u00a9 Freepik\" rel=\"nofollow noopener\" target=\"_blank\"><br \/>\n<img decoding=\"async\" loading=\"lazy\" src=\"https:\/\/www.europesays.com\/fr\/wp-content\/uploads\/2025\/08\/fete-foraine-de-cambrai-655430-1200-0.webp.webp\"   alt=\"Rendez-vous au mois d'ao\u00fbt pour la F\u00eate foraine de Cambrai ! \" class=\"shortcode_image border\"\/><br \/>\n\u00a9 Freepik<br \/>\nRendez-vous au mois d&rsquo;ao\u00fbt pour la F\u00eate foraine de Cambrai !<br \/>\n<\/a>\n<\/p>\n<p>2\/ Foire aux Man\u00e8ges de Lille 2025\u00a0: l&rsquo;ouverture tant attendue<\/p>\n<p>Samedi 23 ao\u00fbt marque le grand lancement de la <a href=\"https:\/\/www.jds.fr\/lille\/manifestations\/fete-foraine\/foire-aux-maneges-de-lille-177809_A\" rel=\"nofollow noopener\" target=\"_blank\">Foire aux Man\u00e8ges de Lille 2025<\/a> sur l&rsquo;Esplanade du Champ de Mars\u00a0! Cette \u00e9dition promet des nouveaut\u00e9s avec notamment le nouveau Grand 8 et le Roller coaster\u00a0\u00ab\u00a0Taxi driver\u00a0\u00bb. \ud83c\udfa1 Jusqu&rsquo;au 21 septembre, les Lillois retrouveront leurs classiques comme les auto-tamponneuses, mais aussi les d\u00e9couvertes gourmandes traditionnelles. Nous l&rsquo;avons retenue pour son renouvellement constant et sa position embl\u00e9matique dans le calendrier festif lillois.<\/p>\n<p>\ud83d\udca1 <strong>Notre conseil\u00a0:<\/strong> Privil\u00e9giez le samedi pour l&rsquo;inauguration officielle avec parade et fanfare, et testez en priorit\u00e9 les nouvelles attractions avant qu&rsquo;elles ne soient prises d&rsquo;assaut\u00a0!<\/p>\n<p>\ud83d\udccd Esplanade du Champ de Mars | Lille<br \/>\ud83d\udcc5 Du 23\/08\/2025 au 21\/09\/2025<\/p>\n<p class=\"mise_en_avant\">\ud83d\udc49 <a href=\"https:\/\/www.jds.fr\/lille\/manifestations\/fete-foraine\/foire-aux-maneges-de-lille-177809_A\" rel=\"nofollow noopener\" target=\"_blank\">Foire aux Man\u00e8ges de Lille 2025\u00a0: toutes les informations<\/a><\/p>\n<p><a data-lightbox=\"article\" data-title=\"Le Crazy Mouse, une attraction \u00e0 sensation \u00a9 Christophe Pasquet\" class=\"image detail fullwidth\" href=\"https:\/\/www.jds.fr\/medias\/image\/foire-aux-maneges-de-lille-414776-1200-0-F.webp\" title=\"Le Crazy Mouse, une attraction \u00e0 sensation \u00a9 Christophe Pasquet\" rel=\"nofollow noopener\" target=\"_blank\"><br \/>\n<img decoding=\"async\" loading=\"lazy\" src=\"https:\/\/www.europesays.com\/fr\/wp-content\/uploads\/2025\/08\/foire-aux-maneges-de-lille-414776-1200-0.webp.webp\"   alt=\"Le Crazy Mouse, une attraction \u00e0 sensation\" class=\"shortcode_image border\"\/><br \/>\n\u00a9 Christophe Pasquet<br \/>\nLe Crazy Mouse, une attraction \u00e0 sensation<br \/>\n<\/a>\n<\/p>\n<p>3\/ Candlelight\u00a0: Le meilleur de Bridgerton par un ensemble \u00e0 cordes\u00a0: \u00e9l\u00e9gance \u00e0 la bougie<\/p>\n<p>Vendredi 22 ao\u00fbt, l&rsquo;H\u00f4tel Carlton se pare de mille bougies pour accueillir un <a href=\"https:\/\/www.jds.fr\/lille\/concerts\/candlelight-le-meilleur-de-bridgerton-par-un-ensemble-a-cordes-1129331_A\" rel=\"nofollow noopener\" target=\"_blank\">concert Candlelight d\u00e9di\u00e9 \u00e0 Bridgerton \u00e0 Lille<\/a>. Le quatuor Akhtamar r\u00e9interpr\u00e8te les plus belles m\u00e9lodies de la s\u00e9rie Netflix dans une ambiance intimiste et chaleureuse. \ud83c\udf39 Lady Whistledown elle-m\u00eame n&rsquo;aurait pas imagin\u00e9 meilleur cadre pour ces 60 minutes d&rsquo;enchantement musical. Nous avons choisi cet \u00e9v\u00e9nement pour son originalit\u00e9 et son atmosph\u00e8re romantique unique.<\/p>\n<p>\ud83d\udca1 <strong>Notre conseil\u00a0:<\/strong> Osez la tenue d&rsquo;\u00e9poque inspir\u00e9e de Bridgerton comme le sugg\u00e8rent les organisateurs, et arrivez 30 minutes avant pour vous impr\u00e9gner de l&rsquo;ambiance feutr\u00e9e\u00a0!<\/p>\n<p>\ud83d\udccd H\u00f4tel Carlton Lille | Lille<br \/>\ud83d\udcc5 Le 22\/08\/2025<\/p>\n<p class=\"mise_en_avant\">\ud83d\udc49 <a href=\"https:\/\/www.jds.fr\/lille\/concerts\/candlelight-le-meilleur-de-bridgerton-par-un-ensemble-a-cordes-1129331_A\" rel=\"nofollow noopener\" target=\"_blank\">Candlelight\u00a0: Le meilleur de Bridgerton par un ensemble \u00e0 cordes\u00a0: toutes les informations<\/a><\/p>\n<p><a data-lightbox=\"article\" data-title=\" DR\" class=\"image detail fullwidth\" href=\"https:\/\/www.jds.fr\/medias\/image\/candlelight-le-meilleur-de-bridgerton-par-un-ensem-695694-1200-0-F.webp\" title=\" DR\" rel=\"nofollow noopener\" target=\"_blank\"><br \/>\n<img decoding=\"async\" loading=\"lazy\" src=\"https:\/\/www.europesays.com\/fr\/wp-content\/uploads\/2025\/08\/candlelight-le-meilleur-de-bridgerton-par-un-ensem-695694-1200-0.webp.webp\"   alt=\"Candlelight : Le meilleur de Bridgerton par un ensemble \u00e0 cordes\" class=\"shortcode_image border\"\/><br \/>\n\u00a9 DR<br \/>\n<\/a>\n<\/p>\n<p>4\/ Tom Boudet vous dit quoi\u00a0: l&rsquo;humour lillois authentique<\/p>\n<p>Samedi 23 ao\u00fbt, <a href=\"https:\/\/www.jds.fr\/lille\/spectacles\/humour\/tom-boudet-vous-dit-quoi-342539_A\" rel=\"nofollow noopener\" target=\"_blank\">Tom Boudet pr\u00e9sente son spectacle \u00e0 Lille<\/a> au Spotlight \u00e0 21h. Cet humoriste lillois de talent vous embarque dans ses introspections du quotidien avec un humour caustique et des observations aiguis\u00e9es. \ud83d\ude04 Entre enfance, vingtaine et questionnements existentiels, Tom vous dit tout sur&#8230; tout\u00a0! Nous l&rsquo;avons s\u00e9lectionn\u00e9 pour sa proximit\u00e9 avec le public local et son talent \u00e0 transformer l&rsquo;ordinaire en extraordinaire.<\/p>\n<p>\ud83d\udca1 <strong>Notre conseil\u00a0:<\/strong> R\u00e9servez vite, les spectacles de Tom Boudet au Spotlight affichent souvent complet, et pr\u00e9parez-vous \u00e0 rire de situations qui vous rappelleront \u00e9trangement votre propre vie\u00a0!<\/p>\n<p>\ud83d\udccd Le Spotlight | Lille<br \/>\ud83d\udcc5 Du 23\/08\/2025 au 30\/08\/2025<\/p>\n<p class=\"mise_en_avant\">\ud83d\udc49 <a href=\"https:\/\/www.jds.fr\/lille\/spectacles\/humour\/tom-boudet-vous-dit-quoi-342539_A\" rel=\"nofollow noopener\" target=\"_blank\">Tom Boudet vous dit quoi\u00a0: toutes les informations<\/a><\/p>\n<p>\u00a0<\/p>\n<p>5\/ Smallicieux &#8211; la Cit\u00e9 des Enfants de Lillenium\u00a0: l&rsquo;aventure familiale<\/p>\n<p><a href=\"https:\/\/www.jds.fr\/lille\/sorties-famille\/smallicieux-la-cite-des-enfants-de-lillenium-1047723_A\" rel=\"nofollow noopener\" target=\"_blank\">Smallicieux \u00e0 Lille<\/a> continue d&rsquo;\u00e9merveiller les familles avec ses 1000m\u00b2 d\u00e9di\u00e9s aux 2-12 ans. Jeux d&rsquo;eau, machines \u00e0 boules, studio d&rsquo;effets sp\u00e9ciaux et chantier de construction\u00a0: tout est pens\u00e9 pour favoriser l&rsquo;apprentissage par le jeu\u00a0! \ud83c\udfaf Inspir\u00e9 de la Cit\u00e9 des sciences parisienne, cet espace unique encourage la cr\u00e9ativit\u00e9 et la collaboration entre enfants et adultes. Nous l&rsquo;avons retenu pour son approche p\u00e9dagogique innovante et ludique.<\/p>\n<p>\ud83d\udca1 <strong>Notre conseil\u00a0:<\/strong> Optez pour le billet journ\u00e9e le week-end (10h-19h) pour profiter pleinement de toutes les activit\u00e9s, et n&rsquo;h\u00e9sitez pas \u00e0 participer activement aux exp\u00e9riences avec vos enfants\u00a0!<\/p>\n<p>\ud83d\udccd Smallicieux &#8211; La Cit\u00e9 des Enfants | Lille<br \/>\ud83d\udcc5 Du 20\/08\/2025 au 31\/08\/2025<\/p>\n<p class=\"mise_en_avant\">\ud83d\udc49 <a href=\"https:\/\/www.jds.fr\/lille\/sorties-famille\/smallicieux-la-cite-des-enfants-de-lillenium-1047723_A\" rel=\"nofollow noopener\" target=\"_blank\">Smallicieux &#8211; la Cit\u00e9 des Enfants de Lillenium\u00a0: toutes les informations<\/a><\/p>\n<p>\u00a0<\/p>\n<p>6\/ L&rsquo;Espace Comedy Club\u00a0: la sc\u00e8ne stand-up phare \u00e0 Lille<\/p>\n<p>L&rsquo;authenticit\u00e9 new-yorkaise s&rsquo;invite \u00e0 Lille avec <a href=\"https:\/\/www.jds.fr\/lille\/spectacles\/humour\/l-espace-comedy-club-la-scene-du-stand-up-phare-a-lille-1097575_A\" rel=\"nofollow noopener\" target=\"_blank\">L&rsquo;Espace Comedy Club \u00e0 Lille<\/a> qui propose une programmation secr\u00e8te d&rsquo;humoristes confirm\u00e9s. Un micro, un public, des vannes\u00a0: la formule est simple mais redoutablement efficace\u00a0! \ud83c\udfa4 Ce lieu qui transpire le stand-up accueille des talents qui montent pour une heure de rire garantie. Nous avons choisi cet \u00e9v\u00e9nement pour son concept unique \u00e0 Lille et ses surprises artistiques.<\/p>\n<p>\ud83d\udca1 <strong>Notre conseil\u00a0:<\/strong> Venez sans a priori pour d\u00e9couvrir de nouveaux talents, et installez-vous pr\u00e8s de la sc\u00e8ne pour une exp\u00e9rience stand-up immersive \u00e0 l&rsquo;am\u00e9ricaine\u00a0!<\/p>\n<p>\ud83d\udccd L&rsquo;Espace Com\u00e9die | Lille<br \/>\ud83d\udcc5 Du 20\/08\/2025 au 30\/08\/2025<\/p>\n<p class=\"mise_en_avant\">\ud83d\udc49 <a href=\"https:\/\/www.jds.fr\/lille\/spectacles\/humour\/l-espace-comedy-club-la-scene-du-stand-up-phare-a-lille-1097575_A\" rel=\"nofollow noopener\" target=\"_blank\">L&rsquo;Espace Comedy Club &#8211; la Sc\u00e8ne du Stand Up Phare \u00e0 Lille\u00a0: toutes les informations<\/a><\/p>\n<p>\u00a0<\/p>\n<p>7\/ Billet coupe-file pour la Villa Cavrois\u00a0: immersion moderniste<\/p>\n<p>Direction Croix pour d\u00e9couvrir la <a href=\"https:\/\/www.jds.fr\/lille\/manifestations\/billet-coupe-file-pour-la-villa-cavrois-1130164_A\" rel=\"nofollow noopener\" target=\"_blank\">Villa Cavrois<\/a>, ce joyau moderniste sign\u00e9 Mallet-Stevens parfaitement restaur\u00e9\u00a0! Plongez dans l&rsquo;histoire fascinante de cette demeure des ann\u00e9es 1930 et d\u00e9couvrez les secrets de la famille Cavrois. \ud83c\udff0 Ce monument exceptionnel t\u00e9moigne du g\u00e9nie architectural du courant moderniste et offre une exp\u00e9rience culturelle enrichissante. Notre s\u00e9lection s&rsquo;est port\u00e9e sur ce lieu pour sa valeur patrimoniale exceptionnelle et sa beaut\u00e9 architecturale.<\/p>\n<p>\ud83d\udca1 <strong>Notre conseil\u00a0:<\/strong> N&rsquo;oubliez pas de r\u00e9server votre cr\u00e9neau horaire sur le site officiel apr\u00e8s l&rsquo;achat de votre billet coupe-file, et pr\u00e9voyez 2h pour une visite compl\u00e8te\u00a0!<\/p>\n<p>\ud83d\udccd Villa Cavrois | Croix<br \/>\ud83d\udcc5 Du 20\/08\/2025 au 12\/10\/2025<\/p>\n<p class=\"mise_en_avant\">\ud83d\udc49 <a href=\"https:\/\/www.jds.fr\/lille\/manifestations\/billet-coupe-file-pour-la-villa-cavrois-1130164_A\" rel=\"nofollow noopener\" target=\"_blank\">Billet coupe-file pour la Villa Cavrois\u00a0: toutes les informations<\/a><\/p>\n<p><a data-lightbox=\"article\" data-title=\" DR\" class=\"image detail fullwidth\" href=\"https:\/\/www.jds.fr\/medias\/image\/billet-coupe-file-pour-la-villa-cavrois-696232-1200-0-F.webp\" title=\" DR\" rel=\"nofollow noopener\" target=\"_blank\"><br \/>\n<img decoding=\"async\" loading=\"lazy\" src=\"https:\/\/www.europesays.com\/fr\/wp-content\/uploads\/2025\/08\/billet-coupe-file-pour-la-villa-cavrois-696232-1200-0.webp.webp\"   alt=\"Billet coupe-file pour la Villa Cavrois\" class=\"shortcode_image border\"\/><br \/>\n\u00a9 DR<br \/>\n<\/a>\n<\/p>\n<p>Date de publication : le 20\/08\/2025.<\/p>\n<p class=\"font-size-30 fw-bold lh-1 mt-0 mb-4\">Je trouve les meilleures sorties dans ma ville<\/p>\n","protected":false},"excerpt":{"rendered":"Ce week-end du 22 au 24 ao\u00fbt, la m\u00e9tropole lilloise vous r\u00e9serve un programme haut en couleurs\u00a0! Entre&hellip;\n","protected":false},"author":2,"featured_media":332991,"comment_status":"","ping_status":"","sticky":false,"template":"","format":"standard","meta":{"footnotes":""},"categories":[2815],"tags":[1111,11,1777,674,1011,27,811,1307,12,25],"class_list":{"0":"post-332990","1":"post","2":"type-post","3":"status-publish","4":"format-standard","5":"has-post-thumbnail","7":"category-lille","8":"tag-actu","9":"tag-actualites","10":"tag-eu","11":"tag-europe","12":"tag-fr","13":"tag-france","14":"tag-hauts-de-france","15":"tag-lille","16":"tag-news","17":"tag-republique-francaise"},"share_on_mastodon":{"url":"https:\/\/pubeurope.com\/@fr\/115064557155737786","error":""},"_links":{"self":[{"href":"https:\/\/www.europesays.com\/fr\/wp-json\/wp\/v2\/posts\/332990","targetHints":{"allow":["GET"]}}],"collection":[{"href":"https:\/\/www.europesays.com\/fr\/wp-json\/wp\/v2\/posts"}],"about":[{"href":"https:\/\/www.europesays.com\/fr\/wp-json\/wp\/v2\/types\/post"}],"author":[{"embeddable":true,"href":"https:\/\/www.europesays.com\/fr\/wp-json\/wp\/v2\/users\/2"}],"replies":[{"embeddable":true,"href":"https:\/\/www.europesays.com\/fr\/wp-json\/wp\/v2\/comments?post=332990"}],"version-history":[{"count":0,"href":"https:\/\/www.europesays.com\/fr\/wp-json\/wp\/v2\/posts\/332990\/revisions"}],"wp:featuredmedia":[{"embeddable":true,"href":"https:\/\/www.europesays.com\/fr\/wp-json\/wp\/v2\/media\/332991"}],"wp:attachment":[{"href":"https:\/\/www.europesays.com\/fr\/wp-json\/wp\/v2\/media?parent=332990"}],"wp:term":[{"taxonomy":"category","embeddable":true,"href":"https:\/\/www.europesays.com\/fr\/wp-json\/wp\/v2\/categories?post=332990"},{"taxonomy":"post_tag","embeddable":true,"href":"https:\/\/www.europesays.com\/fr\/wp-json\/wp\/v2\/tags?post=332990"}],"curies":[{"name":"wp","href":"https:\/\/api.w.org\/{rel}","templated":true}]}}